{"id":106659,"date":"2025-09-11T00:30:20","date_gmt":"2025-09-11T00:30:20","guid":{"rendered":"https:\/\/www.europesays.com\/es\/106659\/"},"modified":"2025-09-11T00:30:20","modified_gmt":"2025-09-11T00:30:20","slug":"expediente-warren-el-ultimo-rito-logra-el-estreno-mas-taquillero-de-una-pelicula-de-terror-en-espana-desde-el-orfanato","status":"publish","type":"post","link":"https:\/\/www.europesays.com\/es\/106659\/","title":{"rendered":"&#8216;Expediente Warren: El \u00faltimo rito&#8217; logra el estreno m\u00e1s taquillero de una pel\u00edcula de terror en Espa\u00f1a desde &#8216;El orfanato&#8217;"},"content":{"rendered":"<p>Al analizar la taquilla de la <a href=\"https:\/\/www.ecartelera.com\/noticias\/taquilla-espana-29-31-agosto-weapons-81728\/\" rel=\"nofollow noopener\" target=\"_blank\">semana pasada<\/a> ped\u00edamos a gritos un t\u00edtulo que volviera a atraer el p\u00fablico al cine tras mes y medio de sinsabores m\u00e1s all\u00e1 de &#8216;<a href=\"https:\/\/www.ecartelera.com\/peliculas\/weapons\/\" rel=\"nofollow noopener\" target=\"_blank\">Weapons<\/a>&#8216;. Ha tenido que ser otra pel\u00edcula de terror la que sacara la taquilla espa\u00f1ola del pozo, y de qu\u00e9 manera. <b>&#8216;<a href=\"https:\/\/www.ecartelera.com\/peliculas\/expediente-warren-4\/\" rel=\"nofollow noopener\" target=\"_blank\">Expediente Warren: El \u00faltimo rito<\/a>&#8216; ha hecho historia<\/b>. <\/p>\n<p>Tr\u00e1iler en espa\u00f1ol #2 &#8216;Expediente Warren: El \u00faltimo rito&#8217;<\/p>\n<p><video id=\"vid-35606\" class=\"video-js vjs-default-skin\" data-title=\"Tr\u00e1iler en espa\u00f1ol #2 'Expediente Warren: El \u00faltimo rito'\" poster=\"https:\/\/www.ecartelera.com\/images\/videos\/35600\/f35606.jpg\" controls=\"\" preload=\"auto\" width=\"640\" height=\"360\" playsinline=\"\" data-vtt=\"\/\/v1.ecartelera.com\/video\/35600\/35606_sprite.vtt\" data-stream=\"1\">El navegador no soporta el tag de v\u00eddeo.<\/video><\/p>\n<p>X<\/p>\n<p>Vayamos por partes. La taquilla espa\u00f1ola ha subido un 72% su recaudaci\u00f3n con respecto a la semana anterior, con <b>un acumulado de 6,44 millones de euros<\/b>, una cifra superior a la de 2022, 2023 y 2024 por estas fechas. <b>De esos 6,44 millones de euros, 4,12 han ido a parar a &#8216;Expediente Warren: El \u00faltimo rito&#8217;<\/b>. Es decir, pr\u00e1cticamente la mitad. Eso nunca es buena se\u00f1al, pero a corto plazo sirve para que todos podamos respirar tranquilos. <\/p>\n<p>Ahora te reto a pensar en una pel\u00edcula de terror que haya logrado 4,12 millones de euros en Espa\u00f1a en su primer fin de semana. <b>\u00bfNada? Normal, porque no vemos algo as\u00ed desde 2007<\/b>. &#8216;Expediente Warren: El \u00faltimo rito&#8217; ha tenido el mejor estreno de una pel\u00edcula de terror en un fin de semana desde que en 2007, justamente el primero en el que se comenzaron a medir los estrenos, <b>&#8216;<a href=\"https:\/\/www.ecartelera.com\/peliculas\/el-orfanato\/\" rel=\"nofollow noopener\" target=\"_blank\">El orfanato<\/a>&#8216; arrasara con 5,2 millones<\/b>. <\/p>\n<p>\t\t\t\t\t\t\t<img decoding=\"async\" loading=\"lazy\" src=\"https:\/\/www.europesays.com\/es\/wp-content\/uploads\/2025\/09\/241548_nuevo-trailer-de-expediente-warren-el-ultimo-rit.jpg\" alt=\"'Expediente Warren: El \u00faltimo rito', a niveles de 2007 en taquilla\" width=\"1200\" height=\"600\"\/>\t<\/p>\n<p>\t\t\t\t\t\t&#8216;Expediente Warren: El \u00faltimo rito&#8217;, a niveles de 2007 en taquilla (Warner Bros.)<\/p>\n<p>Es preciso se\u00f1alar que &#8216;<a href=\"https:\/\/www.ecartelera.com\/peliculas\/five-nights-at-freddys\/\" rel=\"nofollow noopener\" target=\"_blank\">Five Nights at Freddy&#8217;s<\/a>&#8216; debut\u00f3 con 4,53 millones de euros, pero que <b>lo hizo en un estreno de cinco d\u00edas<\/b> durante el puente de Todos los Santos del 1 de noviembre de 2022. Si nos centramos en su primer fin de semana, la adaptaci\u00f3n del videojuego sum\u00f3 2,16 millones. Hasta la fecha, el r\u00e9cord de una pel\u00edcula de terror estadounidense en un fin de semana al uso <b>lo ten\u00eda &#8216;La monja&#8217; con 2,9 millones de euros en 2018<\/b>. R\u00e9cord ahora pulverizado por la \u00faltima historia de los Warren. <\/p>\n<p>El dominio abusivo de &#8216;Expediente Warren&#8217; se mide en que <b>la segunda cinta m\u00e1s taquillera del fin de semana, &#8216;<a href=\"https:\/\/www.ecartelera.com\/peliculas\/romeria\/\" rel=\"nofollow noopener\" target=\"_blank\">Romer\u00eda<\/a>&#8216;, ha cosechado 360.335\u20ac<\/b>. Aunque no es un comienzo para tirar cohetes, el final de la trilog\u00eda de <a href=\"https:\/\/www.ecartelera.com\/personas\/carla-simon\/\" rel=\"nofollow noopener\" target=\"_blank\">Carla Sim\u00f3n<\/a> cuenta con varias bazas: el p\u00fablico de entre diario, el boca a boca y el tir\u00f3n de su presencia futura en los Goya y qui\u00e9n sabe si en los Oscar. Los 2,36 millones de &#8216;<a href=\"https:\/\/www.ecartelera.com\/peliculas\/alcarras\/\" rel=\"nofollow noopener\" target=\"_blank\">Alcarr\u00e0s<\/a>&#8216; se antojan complicados, pero al filme le espera un largo recorrido en cines. <\/p>\n<p>\t\t\t\t\t\t\t<img decoding=\"async\" loading=\"lazy\" src=\"https:\/\/www.europesays.com\/es\/wp-content\/uploads\/2025\/09\/242914_romer-a.jpg\" alt=\"'Romer\u00eda' debuta en segunda posici\u00f3n\" width=\"1200\" height=\"805\"\/>\t<\/p>\n<p>\t\t\t\t\t\t&#8216;Romer\u00eda&#8217; debuta en segunda posici\u00f3n (El\u00e1stica Films)<\/p>\n<p><b>El tercer escal\u00f3n del podio vuelve a ser para &#8216;<a href=\"https:\/\/www.ecartelera.com\/peliculas\/los-tipos-malos-2\/\" rel=\"nofollow noopener\" target=\"_blank\">Los tipos malos 2<\/a>&#8216;<\/b>. Tras incluso mejorar su rendimiento en su quinta semana, en la sexta vuelve a caer, aunque lo hace levemente, apenas un 26% con 234.588\u20ac, lo que le permite superar los 6,5 millones en el acumulado y batir a &#8216;<a href=\"https:\/\/www.ecartelera.com\/peliculas\/sin-cobertura\/\" rel=\"nofollow noopener\" target=\"_blank\">Sin cobertura<\/a>&#8216;. En el caso de la cinta espa\u00f1ola tambi\u00e9n podemos sacar aspectos positivos, y es que los 232.470\u20ac recaudados durante su tercer fin de semana han ayudado a convertirse en <b>la sexta pel\u00edcula espa\u00f1ola de 2025 en alcanzar los 2 millones de euros<\/b>.<\/p>\n<p>Seguimos con buenas noticias con &#8216;Weapons&#8217; y &#8216;<a href=\"https:\/\/www.ecartelera.com\/peliculas\/materialistas\/\" rel=\"nofollow noopener\" target=\"_blank\">Materialistas<\/a>&#8216;, en quinto y sexto lugar del ranking. La pel\u00edcula de terror a\u00f1ade otros 195.906\u20ac a su amplio casillero, <b>que ya va por 6,5 millones<\/b>. Por su parte, la dramedia rom\u00e1ntica de Celine Song sigue despertando el inter\u00e9s del p\u00fablico. En su cuarta semana obtiene <b>181.632\u20ac que la sit\u00faan por encima de los 3 millones de euros<\/b> en el acumulado. <\/p>\n<p>El buen hacer de estas dos veteranas las sit\u00faa por delante en el top 10 de otras con menos tiempo en salas como &#8216;<a href=\"https:\/\/www.ecartelera.com\/peliculas\/el-gran-premio-a-todo-gas\/\" rel=\"nofollow noopener\" target=\"_blank\">El Gran Premio: A todo gas<\/a>&#8216; (111.846\u20ac) y &#8216;<a href=\"https:\/\/www.ecartelera.com\/peliculas\/los-rose\/\" rel=\"nofollow noopener\" target=\"_blank\">Los Rose<\/a>&#8216; (104.117\u20ac). Especialmente llamativo es el paso sin pena ni gloria de esta \u00faltima a pesar de contar en el reparto por dos rostros ic\u00f3nicos como <a href=\"https:\/\/www.ecartelera.com\/personas\/benedict-cumberbatch\/\" rel=\"nofollow noopener\" target=\"_blank\">Benedict Cumberbatch<\/a> y <a href=\"https:\/\/www.ecartelera.com\/personas\/olivia-colman\/\" rel=\"nofollow noopener\" target=\"_blank\">Olivia Colman<\/a>. <b>En dos semanas apenas ha recaudado medio mill\u00f3n<\/b>. <\/p>\n<p>\t\t\t\t\t\t\t<img decoding=\"async\" loading=\"lazy\" src=\"https:\/\/www.europesays.com\/es\/wp-content\/uploads\/2025\/09\/240153_los-rose.jpg\" alt=\"'Los Rose' no han vivido una historia de amor con la taquilla\" width=\"1200\" height=\"800\"\/>\t<\/p>\n<p>\t\t\t\t\t\t&#8216;Los Rose&#8217; no han vivido una historia de amor con la taquilla (Disney)<\/p>\n<p>Pero si hablamos de veteranas, &#8216;<a href=\"https:\/\/www.ecartelera.com\/peliculas\/jurassic-world-4\/\" rel=\"nofollow noopener\" target=\"_blank\">Jurassic World: El renacer<\/a>&#8216; contin\u00faa dando guerra y se niega a salir del ranking. De hecho, <b>sube un puesto con respecto a la anterior semana<\/b>, y ya son 10 en las salas. Los 80.716\u20ac cosechados esta vez no son cosa menor, porque <b>sirven para batir la recaudaci\u00f3n de su predecesora &#8216;<a href=\"https:\/\/www.ecartelera.com\/peliculas\/jurassic-world-3\/\" rel=\"nofollow noopener\" target=\"_blank\">Jurassic World: Dominion<\/a>&#8216;<\/b>. Los dinosaurios son una mina de oro en Espa\u00f1a. <\/p>\n<p>Cierra el top 10 &#8216;<a href=\"https:\/\/www.ecartelera.com\/peliculas\/agarralo-como-puedas-2025\/\" rel=\"nofollow noopener\" target=\"_blank\">Ag\u00e1rralo como puedas<\/a>&#8216; con 78.812\u20ac y un total de 1,08 millones en sus tres semanas en cartelera. A pesar de las buenas cr\u00edticas <b>no ha conseguido colarse en la lista &#8216;El talento&#8217;<\/b>, filme espa\u00f1ol protagonizado por <a href=\"https:\/\/www.ecartelera.com\/personas\/ester-exposito\/\" rel=\"nofollow noopener\" target=\"_blank\">Ester Exp\u00f3sito<\/a>, que debe conformarse con 50.900\u20ac en su estreno.<\/p>\n<p>En busca de &#8216;cautivar&#8217; a la audiencia<\/p>\n<p>Lo pronunciada que sea la ca\u00edda de &#8216;Expediente Warren: El \u00faltimo rito&#8217; marcar\u00e1 su desempe\u00f1o en su segunda semana en cines, aunque todo apunta a que se mantendr\u00e1 en primera posici\u00f3n. Buscar\u00e1n arrebatarle el trono principalmente &#8216;<a href=\"https:\/\/www.ecartelera.com\/peliculas\/el-cautivo\/\" rel=\"nofollow noopener\" target=\"_blank\">El cautivo<\/a>&#8216;, la nueva pel\u00edcula de <a href=\"https:\/\/www.ecartelera.com\/personas\/alejandro-amenabar\/\" rel=\"nofollow noopener\" target=\"_blank\">Alejandro Amen\u00e1bar<\/a> sobre Miguel de Cervantes, y el reparto de lujo de &#8216;<a href=\"https:\/\/www.ecartelera.com\/peliculas\/eddington\/\" rel=\"nofollow noopener\" target=\"_blank\">Eddington<\/a>&#8216;, con <a href=\"https:\/\/www.ecartelera.com\/personas\/joaquin-phoenix\/\" rel=\"nofollow noopener\" target=\"_blank\">Joaquin Phoenix<\/a>, <a href=\"https:\/\/www.ecartelera.com\/personas\/pedro-pascal\/\" rel=\"nofollow noopener\" target=\"_blank\">Pedro Pascal<\/a> y <a href=\"https:\/\/www.ecartelera.com\/personas\/emma-stone\/\" rel=\"nofollow noopener\" target=\"_blank\">Emma Stone<\/a>. <\/p>\n<p>\t\t\t\t\t\t\t<img decoding=\"async\" loading=\"lazy\" src=\"https:\/\/www.europesays.com\/es\/wp-content\/uploads\/2025\/09\/243400_alejandro-amenabar-pide-abrir-la-mente-a-su-cervan.jpg\" alt=\"'El cautivo' llega a los cines de la mano de Amen\u00e1bar\" width=\"1200\" height=\"725\"\/>\t<\/p>\n<p>\t\t\t\t\t\t&#8216;El cautivo&#8217; llega a los cines de la mano de Amen\u00e1bar (Disney)<\/p>\n<p>Junto a ellas tambi\u00e9n llegan a los cines &#8216;<a href=\"https:\/\/www.ecartelera.com\/peliculas\/sigue-mi-voz\/\" rel=\"nofollow noopener\" target=\"_blank\">Sigue mi voz<\/a>&#8216;, &#8216;<a href=\"https:\/\/www.ecartelera.com\/peliculas\/guardianes-noche-kimetsu-yaiba-fortaleza-infinita\/\" rel=\"nofollow noopener\" target=\"_blank\">Guardianes de la noche: Kimetsu no Yaiba &#8211; La fortaleza infinita<\/a>&#8216;, &#8216;<a href=\"https:\/\/www.ecartelera.com\/peliculas\/la-ley-de-jenny-pen\/\" rel=\"nofollow noopener\" target=\"_blank\">La ley de Jenny Pen<\/a>&#8216;, &#8216;<a href=\"https:\/\/www.ecartelera.com\/peliculas\/frito-a-balazos\/\" rel=\"nofollow noopener\" target=\"_blank\">Fritos a balazos<\/a>&#8216;, &#8216;<a href=\"https:\/\/www.ecartelera.com\/peliculas\/hitpig\/\" rel=\"nofollow noopener\" target=\"_blank\">Super agente Hitpig<\/a>&#8216;, &#8216;<a href=\"https:\/\/www.ecartelera.com\/peliculas\/retrato-de-un-cierto-oriente\/\" rel=\"nofollow noopener\" target=\"_blank\">Retrato de un cierto Oriente<\/a>&#8216;, &#8216;<a href=\"https:\/\/www.ecartelera.com\/peliculas\/jone-a-veces\/\" rel=\"nofollow noopener\" target=\"_blank\">Jone, a veces<\/a>&#8216;, &#8216;<a href=\"https:\/\/www.ecartelera.com\/peliculas\/capitan-diente-de-sable-y-la-condesa-de-grel\/\" rel=\"nofollow noopener\" target=\"_blank\">Capit\u00e1n Diente de Sable y la condesa de Grel<\/a>&#8216;, &#8216;<a href=\"https:\/\/www.ecartelera.com\/peliculas\/solo-javier\/\" rel=\"nofollow noopener\" target=\"_blank\">Solo Javier<\/a>&#8216;, &#8216;<a href=\"https:\/\/www.ecartelera.com\/peliculas\/temps-mort-resurreccio-charles-thomas\/\" rel=\"nofollow noopener\" target=\"_blank\">Temps Mort<\/a>&#8216;, &#8216;<a href=\"https:\/\/www.ecartelera.com\/peliculas\/simon-de-la-montana\/\" rel=\"nofollow noopener\" target=\"_blank\">Sim\u00f3n de la monta\u00f1a<\/a>&#8216;, &#8216;<a href=\"https:\/\/www.ecartelera.com\/peliculas\/caja-de-resistencia\/\" rel=\"nofollow noopener\" target=\"_blank\">Caja de resistencia<\/a>&#8216; y &#8216;<a href=\"https:\/\/www.ecartelera.com\/peliculas\/kit-de-santidad-el-camino-a-dios-de-carlos-acutis\/\" rel=\"nofollow noopener\" target=\"_blank\">Kit de santidad: El camino a Dios de Carlo Acutis<\/a>&#8216;.<\/p>\n","protected":false},"excerpt":{"rendered":"Al analizar la taquilla de la semana pasada ped\u00edamos a gritos un t\u00edtulo que volviera a atraer el&hellip;\n","protected":false},"author":2,"featured_media":106660,"comment_status":"","ping_status":"","sticky":false,"template":"","format":"standard","meta":{"footnotes":""},"categories":[169],"tags":[1014,1015,1013,177,1011,146,147,25,24,782,176,1019,1016,175,753,1012,23,1017,1018],"class_list":{"0":"post-106659","1":"post","2":"type-post","3":"status-publish","4":"format-standard","5":"has-post-thumbnail","7":"category-cine","8":"tag-actores","9":"tag-actrices","10":"tag-cartelera","11":"tag-cine","12":"tag-ecartelera","13":"tag-entertainment","14":"tag-entretenimiento","15":"tag-es","16":"tag-espana","17":"tag-estrellas","18":"tag-film","19":"tag-fotogramas","20":"tag-fotos","21":"tag-movies","22":"tag-peliculas","23":"tag-pelis","24":"tag-spain","25":"tag-trailers","26":"tag-videos"},"share_on_mastodon":{"url":"","error":""},"_links":{"self":[{"href":"https:\/\/www.europesays.com\/es\/wp-json\/wp\/v2\/posts\/106659","targetHints":{"allow":["GET"]}}],"collection":[{"href":"https:\/\/www.europesays.com\/es\/wp-json\/wp\/v2\/posts"}],"about":[{"href":"https:\/\/www.europesays.com\/es\/wp-json\/wp\/v2\/types\/post"}],"author":[{"embeddable":true,"href":"https:\/\/www.europesays.com\/es\/wp-json\/wp\/v2\/users\/2"}],"replies":[{"embeddable":true,"href":"https:\/\/www.europesays.com\/es\/wp-json\/wp\/v2\/comments?post=106659"}],"version-history":[{"count":0,"href":"https:\/\/www.europesays.com\/es\/wp-json\/wp\/v2\/posts\/106659\/revisions"}],"wp:featuredmedia":[{"embeddable":true,"href":"https:\/\/www.europesays.com\/es\/wp-json\/wp\/v2\/media\/106660"}],"wp:attachment":[{"href":"https:\/\/www.europesays.com\/es\/wp-json\/wp\/v2\/media?parent=106659"}],"wp:term":[{"taxonomy":"category","embeddable":true,"href":"https:\/\/www.europesays.com\/es\/wp-json\/wp\/v2\/categories?post=106659"},{"taxonomy":"post_tag","embeddable":true,"href":"https:\/\/www.europesays.com\/es\/wp-json\/wp\/v2\/tags?post=106659"}],"curies":[{"name":"wp","href":"https:\/\/api.w.org\/{rel}","templated":true}]}}