{"id":106667,"date":"2025-09-11T00:35:10","date_gmt":"2025-09-11T00:35:10","guid":{"rendered":"https:\/\/www.europesays.com\/es\/106667\/"},"modified":"2025-09-11T00:35:10","modified_gmt":"2025-09-11T00:35:10","slug":"el-fenomeno-de-la-involucion-pone-contras-las-cuerdas-a-pekin","status":"publish","type":"post","link":"https:\/\/www.europesays.com\/es\/106667\/","title":{"rendered":"el fen\u00f3meno de la \u00abinvoluci\u00f3n\u00bb pone contras las cuerdas a Pek\u00edn"},"content":{"rendered":"<p>China tiene ahora mismo un gran problema y se puede decir que se lo ha buscado ella misma. Por resumirlo mucho: se ha echado tanta le\u00f1a en el asador durante los \u00faltimos a\u00f1os en impulsar la producci\u00f3n de ciertas industrias de mayor valor a\u00f1adido que ahora se est\u00e1 quemando todo. Dicho de otro modo: <a href=\"https:\/\/www.eleconomista.es\/economia\/noticias\/13511010\/08\/25\/algo-esta-fallando-en-la-gran-fabrica-china-su-frenesi-industrial-no-esta-creando-valor-economico-y-tiene-fecha-de-caducidad.html\" title=\"Algo est\u00e1 fallando en la gran &#039;f\u00e1brica&#039; china: su frenes\u00ed industrial no est\u00e1 creando valor econ\u00f3mico y tiene fecha de caducidad\" rel=\"nofollow noopener\" target=\"_blank\">la f\u00e1brica china produce tanto de algunas cosas<\/a> que, directamente, sobran, no siendo posible &#8216;colocar&#8217; todas ellas fuera de sus fronteras y <b>exacerbando puertas adentro el recurrente golpe de la deflaci\u00f3n<\/b>, que en los precios de producci\u00f3n alcanza ya los tres a\u00f1os consecutivos, algo que no suced\u00eda desde que China inici\u00f3 su gran revoluci\u00f3n econ\u00f3mica a finales de los a\u00f1os 70. A este &#8216;gigante&#8217; que ahora se vuelve en contra <b>se le llama \u00abinvoluci\u00f3n\u00bb<\/b> y sus grandes pisotones sobre la econom\u00eda est\u00e1n empezando a <a href=\"https:\/\/www.eleconomista.es\/retail-consumo\/noticias\/13467991\/07\/25\/la-crisis-china-se-le-va-de-las-manos-al-partido-comunista-la-economia-esta-definitivamente-en-plena-caida.html\" title=\"La crisis china se le va de las manos al Partido Comunista: &quot;La econom\u00eda est\u00e1 definitivamente en plena ca\u00edda&quot;\" rel=\"nofollow noopener\" target=\"_blank\">poner contras las cuerdas a las autoridades<\/a>. Pek\u00edn ha querido tomarse el asunto en serio y ha dise\u00f1ado una <b>campa\u00f1a contra este fen\u00f3meno<\/b>. Sin embargo, las incipientes medidas no parecen estar dando mucho resultado y llevarlas demasiado lejos puede provocar otras graves heridas a la econom\u00eda.<\/p>\n<p>Un poco de <b>contexto previo<\/b>. Tras la citada revoluci\u00f3n econ\u00f3mica, China pas\u00f3 de ser una econom\u00eda eminentemente agr\u00edcola a convertirse en la &#8216;f\u00e1brica del mundo&#8217;. M\u00e1s recientemente, Pek\u00edn quiso dar un salto m\u00e1s y -sin dejar de fabricarlos, por supuesto-, pasar de construir juguetes y confeccionar ropa barata a elaborar <a href=\"https:\/\/www.eleconomista.es\/economia\/noticias\/12760955\/04\/24\/china-arranca-la-etiqueta-de-made-in-germany-por-que-el-prodigio-que-necesita-la-industria-alemana-ya-no-vendra-de-pekin.html\" title=\"China arranca la etiqueta de &lt;i&gt;made in Germany&lt;\/i&gt;: por qu\u00e9 el prodigio que necesita la industria alemana ya no vendr\u00e1 de Pek\u00edn\" rel=\"nofollow noopener\" target=\"_blank\">bienes de alto valor a\u00f1adido que durante a\u00f1os import\u00f3 de pa\u00edses como Alemania<\/a> (el ejemplo que est\u00e1 en mente de todo son los coches). A trav\u00e9s de iniciativas como el plan &#8216;Made in China 2025&#8217; lanzado en 2015, se han dedicado <b>grandes cantidades de recursos a promover la innovaci\u00f3n nacional y la autosuficiencia tecnol\u00f3gica<\/b> con el fin de reducir la dependencia de China respecto a Occidente.<\/p>\n<p>Este &#8216;chorro&#8217; de inversiones ha situado a China en la vanguardia mundial. Un estudio realizado por la Fundaci\u00f3n para la Tecnolog\u00eda de la Informaci\u00f3n y la Innovaci\u00f3n (ITIF) muestra que China es l\u00edder mundial en veh\u00edculos el\u00e9ctricos y se encuentra cerca de los l\u00edderes mundiales en IA, rob\u00f3tica y computaci\u00f3n cu\u00e1ntica. A priori, todo esto supone un \u00e9xito de Pek\u00edn. De una forma muy gr\u00e1fica, ah\u00ed est\u00e1n los <a href=\"https:\/\/www.eleconomista.es\/transportes-turismo\/noticias\/12619608\/01\/24\/china-levanta-una-flota-de-buques-gigantes-para-invadir-europa-con-sus-coches-electricos.html\" title=\"China levanta una flota de buques gigantes para invadir Europa con sus coches el\u00e9ctricos\" rel=\"nofollow noopener\" target=\"_blank\">buques gigantes repletos de coches el\u00e9ctricos chinos<\/a> a mejores precios con destino a Occidente.<\/p>\n<p>Sin embargo, este desbordante crecimiento industrial esconde sombras que ahora est\u00e1n oscureciendo el escenario. Es lo que se ha dado en llamar el fen\u00f3meno de la \u00abinvoluci\u00f3n\u00bb, que los analistas de BNP Paribas definen as\u00ed: \u00abEl t\u00e9rmino se refiere a las <b>pr\u00e1cticas competitivas desordenadas<\/b> en un gran n\u00famero de sectores en China, que provocan un <a href=\"https:\/\/www.eleconomista.es\/economia\/noticias\/12788168\/04\/24\/china-se-prepara-para-inundar-el-mundo-con-bienes-baratos-la-sobrecapacidad-que-teme-occidente.html\" title=\"China se prepara para inundar el mundo con bienes baratos: la sobrecapacidad que teme Occidente\" rel=\"nofollow noopener\" target=\"_blank\">exceso de capacidad<\/a>, la ca\u00edda de los precios y la disminuci\u00f3n de los beneficios empresariales\u00bb.<\/p>\n<p>Extendiendo la explicaci\u00f3n de los economistas del servicio de estudios del banco franc\u00e9s, \u00abel problema se deriva, en particular, de la pol\u00edtica industrial aplicada en los \u00faltimos a\u00f1os, destinada a apoyar la inversi\u00f3n en industrias estrat\u00e9gicas; y afecta a una amplia gama de sectores, desde las industrias pesadas (como el acero y el carb\u00f3n) hasta los productos farmac\u00e9uticos y las tecnolog\u00edas verdes (veh\u00edculos el\u00e9ctricos, energ\u00eda fotovoltaica). Los sectores de servicios, como el comercio electr\u00f3nico y las plataformas de reparto, tambi\u00e9n se ven afectados\u00bb.<\/p>\n<p>La combinaci\u00f3n de una inversi\u00f3n muy generosa en estos sectores junto a una a todas luces insuficiente en estimular la demanda (la realidad china es la de<b> un ciudadano de a pie que no consume y ahorra<\/b>, <a href=\"https:\/\/www.eleconomista.es\/economia\/noticias\/12361498\/07\/23\/china-se-asoma-una-espiral-deflacionaria-a-medida-que-la-recuperacion-tras-el-covid-se-congela.html\" title=\"China se asoma una espiral deflacionaria a medida que la recuperaci\u00f3n tras el covid se congela\" rel=\"nofollow noopener\" target=\"_blank\">presa de la incertidumbre<\/a>) ha generado el resultado que se est\u00e1 viendo ahora. Mientras estas empresas producen y producen, los ciudadanos siguen sin comprar, y se forma un <b>c\u00edrculo vicioso<\/b>. Las empresas bajan los precios (las <b>&#8216;guerras de precios&#8217;<\/b> han dejado episodios muy medi\u00e1ticos como las <a href=\"https:\/\/www.eleconomista.es\/mercados-cotizaciones\/noticias\/13382452\/05\/25\/byd-desata-la-operacion-canibal-en-el-mercado-china-tira-a-la-baja-sus-precios-y-desata-una-sangria-en-el-sector.html\" title=\"BYD desata la operaci\u00f3n can\u00edbal en el mercado chino: tira a la baja sus precios y arrastra a todo el sector\" rel=\"nofollow noopener\" target=\"_blank\">agresivas rebajas de BYD en sus coches el\u00e9ctricos<\/a>) y los consumidores se mantienen a la espera, posponiendo sus compras confiando tambi\u00e9n en que los precios bajen m\u00e1s. Esto lleva a las empresas a nuevas reducciones de precios, afectando a sus resultados y despidiendo personal, lo que a su vez impacta en la demanda. La <a href=\"https:\/\/www.eleconomista.es\/economia\/noticias\/12762992\/04\/24\/la-esperanza-de-china-para-escapar-de-la-trampa-de-deflacion-el-cerdo-que-puede-salvar-al-dragon.html\" title=\"La esperanza de China para escapar de la trampa de deflaci\u00f3n: el cerdo que puede salvar al drag\u00f3n\" rel=\"nofollow noopener\" target=\"_blank\">famosa trampa de la deflaci\u00f3n<\/a> con la que China no deja de coquetear.<\/p>\n<p>Ante la magnitud que est\u00e1 cogiendo esta din\u00e1mica, las <b>autoridades llevan varios meses tratando de sanear las pr\u00e1cticas y racionalizar la oferta <\/b>en estos sectores. El gobierno central y los gobiernos locales est\u00e1n animando a las empresas a colaborar para subir los precios y frenar el exceso de capacidad de producci\u00f3n. Tambi\u00e9n est\u00e1n empezando a introducir directrices y normas de producci\u00f3n destinadas a eliminar a los productores m\u00e1s d\u00e9biles, en particular fomentando la consolidaci\u00f3n que refuerza la posici\u00f3n de los actores m\u00e1s grandes y s\u00f3lidos que siguen siendo capaces de innovar.<\/p>\n<p>\u00abEstas medidas podr\u00edan reducir las presiones deflacionistas y mejorar los beneficios empresariales en algunos sectores en los pr\u00f3ximos meses. Por el momento, probablemente hayan contribuido al repunte de los mercados burs\u00e1tiles. Sin embargo, aunque algunas empresas est\u00e1n registrando signos de estabilizaci\u00f3n en sus precios de venta y beneficios, los<b> indicadores macroecon\u00f3micos a\u00fan no muestran ninguna mejora<\/b>\u00ab, se muestran esc\u00e9ptica Christine Peltier, economista de BNP.<\/p>\n<p>Las tasas de <b>utilizaci\u00f3n de la capacidad productiva <\/b>fueron bajas en el segundo trimestre (74% de media en la industria, frente al 75% en 2024 y el 76,5% antes del covid en 2018-2019). En cuanto a los precios, la inflaci\u00f3n del <b>IPC<\/b>, publicada este mi\u00e9rcoles, fue del -0,4% interanual en agosto tras el 0% de julio, muy por debajo de las expectativas. La inflaci\u00f3n subyacente, que excluye alimentos y energ\u00eda, aument\u00f3 ligeramente del 0,8% interanual en julio al 0,9% el mes pasado.<\/p>\n<p>                            <img decoding=\"async\" src=\"https:\/\/www.europesays.com\/es\/wp-content\/uploads\/2025\/09\/770x_110925_China_WEB.gif\" loading=\"lazy\"\/><\/p>\n<p>Aunque el salto en la inflaci\u00f3n subyacente se ha visto como algo positivo (el IPC de los bienes duraderos ha alcanzado un m\u00e1ximo en varios a\u00f1os del 1,2% interanual y se cree que fue por el programa de intercambio de bienes de consumo lanzado por Pek\u00edn para ayudar al ciudadano), los precios de producci\u00f3n han vuelto a ser m\u00e1s que elocuentes. El \u00edndice de precios de producci\u00f3n (<b>IPP<\/b>) pas\u00f3 del -3,6% interanual de julio al -2,9% el mes pasado, acumulando casi tres a\u00f1os en terreno negativo m\u00e1s all\u00e1 de la relativa mejora. <b>Nueve trimestres consecutivos de ca\u00eddas de precios<\/b> reflejan un notable desajuste entre la oferta y la demanda que pesa sobre los balances de las empresas y presiona a la baja los ingresos de los hogares y del gobierno.<\/p>\n<p>En t\u00e9rminos intermensuales, los precios de f\u00e1brica se mantuvieron estables, la primera vez este a\u00f1o que no han bajado. Pero la cruda realidad es que los precios de producci\u00f3n de la mayor\u00eda de los bienes siguen bajando. Solo lo compens\u00f3 un<b> repunte de los metales<\/b> ante la <b>especulaci\u00f3n del mercado<\/b> de que la <b>campa\u00f1a anti-involuci\u00f3n<\/b> de Pek\u00edn podr\u00eda reducir el exceso de producci\u00f3n. Sin embargo, hasta ahora, la producci\u00f3n real solo ha disminuido modestamente. Eric Zhu, de Bloomberg Economics, constata que este leve cambio de inercia parece estar impulsado \u00abm\u00e1s por las expectativas del mercado que por las medidas pol\u00edticas reales\u00bb, y solo perdurar\u00e1 \u00absi Pek\u00edn implementa medidas m\u00e1s concretas para frenar la feroz guerra de precios\u00bb.<\/p>\n<p>\u00abA\u00fan es demasiado pronto para concluir que la campa\u00f1a contra la involuci\u00f3n est\u00e9 teniendo \u00e9xito, sobre todo porque <b>se han adoptado pocas medidas pol\u00edticas concretas<\/b>\u00ab, se pronuncian Zichun Huang y Julian Evans-Pritchard, analistas de Capital Economics, en una nota para clientes. Y apuntan a dos datos bastante esclarecedores. La<b> deflaci\u00f3n en f\u00e1brica en el sector del autom\u00f3vil<\/b>, uno de los principales objetivos de la campa\u00f1a, se mantuvo sin cambios. Asimismo, la deflaci\u00f3n en los bienes de consumo duraderos dentro de los precios de producci\u00f3n se agrav\u00f3 hasta alcanzar el -3,7% interanual el mes pasado, un ritmo de descenso de los precios m\u00e1s r\u00e1pido que durante la <b>crisis financiera mundial<\/b>.<\/p>\n<p>Aunque ambos analistas ven alentador que las autoridades presten m\u00e1s atenci\u00f3n al problema de la deflaci\u00f3n, tambi\u00e9n se muestran esc\u00e9pticos: \u00abNos cuesta creer que las <b>soluciones propuestas por el lado de la oferta <\/b>puedan tener \u00e9xito a menos que tambi\u00e9n se ampl\u00ede el apoyo por el lado de la demanda. Por lo menos por ahora, el inter\u00e9s por hacerlo parece limitado, por lo que dudamos que la situaci\u00f3n deflacionista de China mejore mucho a corto plazo\u00bb.<\/p>\n<p>Nuevamente desde BNP, Peltier s\u00ed considera que las medidas contra la involuci\u00f3n parecen haber contribuido ya al reciente debilitamiento de la inversi\u00f3n manufacturera y la producci\u00f3n industrial, y una correcci\u00f3n a la baja por parte de la oferta <b>podr\u00eda lastrar el empleo a corto plazo<\/b>. Esto, lejos de suponer un alivio para Pek\u00edn, le sit\u00faa en otro brete: \u00abLas autoridades podr\u00edan enfrentarse pronto a un dilema entre la lucha contra la involuci\u00f3n y el empleo\u00bb. Poner coto a la sobreproducci\u00f3n de estas industrias puede desembocar en una <a href=\"https:\/\/www.eleconomista.es\/economia\/noticias\/13355708\/05\/25\/china-vive-un-apagon-de-datos-laborales-justo-cuando-la-guerra-comercial-amenaza-con-millones-de-despidos.html\" title=\"China vive un apag\u00f3n de datos laborales justo cuando la guerra comercial amenaza con millones de despidos\" rel=\"nofollow noopener\" target=\"_blank\">ola de despidos que ya se teme si la <b>guerra comercial con EEUU<\/b> se recrudece<\/a> (ambas potencias siguen en un impasse negociador) y que agravar\u00eda a\u00fan m\u00e1s la situaci\u00f3n econ\u00f3mica.<\/p>\n<p>As\u00ed pues, para alcanzar sus objetivos sin limitar el crecimiento econ\u00f3mico, propone la economista de BNP, las medidas contra la involuci\u00f3n deber\u00e1n ir <b>acompa\u00f1adas de una recuperaci\u00f3n de la demanda interna<\/b>. \u00abUna vez m\u00e1s, el fortalecimiento del consumo de los hogares parece ser la clave para resolver los desequilibrios estructurales de la econom\u00eda china. Dadas las modestas medidas de apoyo a los hogares anunciadas en los \u00faltimos meses, el \u00e9xito de la campa\u00f1a contra la involuci\u00f3n parece muy incierto\u00bb, concluye.<\/p>\n<p>WhatsApp<a href=\"https:\/\/api.whatsapp.com\/send?text=https:\/\/www.eleconomista.es\/economia\/noticias\/13538811\/09\/25\/china-ha-creado-un-gigante-que-ahora-se-le-vuelve-en-contra-el-fenomeno-de-la-involucion-pone-contras-las-cuerdas-a-pekin.html?utm_source%3Dwhatsapp%26utm_medium%3Dshare_button&amp;id=1648118629957_whatsapp\" target=\"_blank\" data-action=\"share\/whatsapp\/share\" aria-label=\"Compartir en Whatsapp\" rel=\"nofollow noopener\"><\/a>Facebook<a id=\"fb-share\" href=\"#\" target=\"_blank\" rel=\"noopener noreferrer\" aria-label=\"Compartir en Facebook\"><\/a>Twitter<a href=\"https:\/\/twitter.com\/share?text=China+ha+creado+un+%27gigante%27+que+ahora+se+le+vuelve+en+contra%3A+el+fen%C3%B3meno+de+la+%22involuci%C3%B3n%22+pone+contras+las+cuerdas+a+Pek%C3%ADn&amp;url=https:\/\/www.eleconomista.es\/economia\/noticias\/13538811\/09\/25\/china-ha-creado-un-gigante-que-ahora-se-le-vuelve-en-contra-el-fenomeno-de-la-involucion-pone-contras-las-cuerdas-a-pekin.html&amp;via=elEconomistaes&amp;id=1648118839245_twitter\" target=\"_blank\" aria-label=\"Compartir en Twitter\" rel=\"nofollow noopener\"><\/a>Linkedin<a href=\"https:\/\/linkedin.com\/share?text=https:\/\/www.eleconomista.es\/economia\/noticias\/13538811\/09\/25\/china-ha-creado-un-gigante-que-ahora-se-le-vuelve-en-contra-el-fenomeno-de-la-involucion-pone-contras-las-cuerdas-a-pekin.html&amp;via=elEconomistaes\" target=\"_blank\" aria-label=\"Compartir en linkedin\" rel=\"nofollow noopener\"><\/a>Beloud<a href=\"https:\/\/beloud.com\/share?text=China+ha+creado+un+%27gigante%27+que+ahora+se+le+vuelve+en+contra%3A+el+fen%C3%B3meno+de+la+%22involuci%C3%B3n%22+pone+contras+las+cuerdas+a+Pek%C3%ADn&amp;url=https:\/\/www.eleconomista.es\/economia\/noticias\/13538811\/09\/25\/china-ha-creado-un-gigante-que-ahora-se-le-vuelve-en-contra-el-fenomeno-de-la-involucion-pone-contras-las-cuerdas-a-pekin.html&amp;via=elEconomistaes&amp;id=1648118839245_beloud\" target=\"_blank\" aria-label=\"Compartir en beloud\" rel=\"nofollow noopener\"><\/a>Bluesky<a href=\"https:\/\/bsky.app\/intent\/compose?text=https:\/\/bsky.app\/intent\/compose?text=https:\/\/www.eleconomista.es\/economia\/noticias\/13538811\/09\/25\/china-ha-creado-un-gigante-que-ahora-se-le-vuelve-en-contra-el-fenomeno-de-la-involucion-pone-contras-las-cuerdas-a-pekin.html&amp;url=https:\/\/www.eleconomista.es\/economia\/noticias\/13538811\/09\/25\/china-ha-creado-un-gigante-que-ahora-se-le-vuelve-en-contra-el-fenomeno-de-la-involucion-pone-contras-las-cuerdas-a-pekin.html&amp;via=elEconomistaes&amp;id=1648118839245_bluesky\" target=\"_blank\" aria-label=\"Compartir en bluesky\" rel=\"nofollow noopener\"><\/a><\/p>\n<p><script async src=\"https:\/\/platform.twitter.com\/widgets.js\" charset=\"utf-8\"><\/script><\/p>\n","protected":false},"excerpt":{"rendered":"China tiene ahora mismo un gran problema y se puede decir que se lo ha buscado ella misma.&hellip;\n","protected":false},"author":2,"featured_media":106668,"comment_status":"","ping_status":"","sticky":false,"template":"","format":"standard","meta":{"footnotes":""},"categories":[80],"tags":[82,5385,95,94,25,24,23],"class_list":{"0":"post-106667","1":"post","2":"type-post","3":"status-publish","4":"format-standard","5":"has-post-thumbnail","7":"category-economia","8":"tag-business","9":"tag-economaa","10":"tag-economia","11":"tag-economy","12":"tag-es","13":"tag-espana","14":"tag-spain"},"share_on_mastodon":{"url":"","error":""},"_links":{"self":[{"href":"https:\/\/www.europesays.com\/es\/wp-json\/wp\/v2\/posts\/106667","targetHints":{"allow":["GET"]}}],"collection":[{"href":"https:\/\/www.europesays.com\/es\/wp-json\/wp\/v2\/posts"}],"about":[{"href":"https:\/\/www.europesays.com\/es\/wp-json\/wp\/v2\/types\/post"}],"author":[{"embeddable":true,"href":"https:\/\/www.europesays.com\/es\/wp-json\/wp\/v2\/users\/2"}],"replies":[{"embeddable":true,"href":"https:\/\/www.europesays.com\/es\/wp-json\/wp\/v2\/comments?post=106667"}],"version-history":[{"count":0,"href":"https:\/\/www.europesays.com\/es\/wp-json\/wp\/v2\/posts\/106667\/revisions"}],"wp:featuredmedia":[{"embeddable":true,"href":"https:\/\/www.europesays.com\/es\/wp-json\/wp\/v2\/media\/106668"}],"wp:attachment":[{"href":"https:\/\/www.europesays.com\/es\/wp-json\/wp\/v2\/media?parent=106667"}],"wp:term":[{"taxonomy":"category","embeddable":true,"href":"https:\/\/www.europesays.com\/es\/wp-json\/wp\/v2\/categories?post=106667"},{"taxonomy":"post_tag","embeddable":true,"href":"https:\/\/www.europesays.com\/es\/wp-json\/wp\/v2\/tags?post=106667"}],"curies":[{"name":"wp","href":"https:\/\/api.w.org\/{rel}","templated":true}]}}