{"id":106703,"date":"2025-09-11T00:55:25","date_gmt":"2025-09-11T00:55:25","guid":{"rendered":"https:\/\/www.europesays.com\/es\/106703\/"},"modified":"2025-09-11T00:55:25","modified_gmt":"2025-09-11T00:55:25","slug":"setanaxib-muestra-actividad-en-modelos-preclinicos-de-colangiocarcinoma-intrahepatico","status":"publish","type":"post","link":"https:\/\/www.europesays.com\/es\/106703\/","title":{"rendered":"Setanaxib muestra actividad en modelos precl\u00ednicos de colangiocarcinoma intrahep\u00e1tico"},"content":{"rendered":"<p class=\"mostrar-fragmento\">Un equipo internacional de Investigadores ha descubierto que la tumorig\u00e9nesis mediada por la v\u00eda can\u00f3nica de se\u00f1alizaci\u00f3n del TGF-beta puede ser reprimida por setanaxib, f\u00e1rmaco que inhibe simult\u00e1neamente los enzimas NADPH-1 y -4. En ratones portadores de colangiocarcinoma intrahep\u00e1tico en localizaci\u00f3n ortot\u00f3pica, el tratamiento durante dos semanas redujo el tama\u00f1o &#8230;            &#13;\n        <\/p>\n<p> &#13;<\/p>\n<p>Un equipo internacional de Investigadores<strong> ha descubierto que la tumorig\u00e9nesis mediada por la v\u00eda can\u00f3nica de se\u00f1alizaci\u00f3n del TGF-beta puede ser reprimida por setanaxib, f\u00e1rmaco que inhibe simult\u00e1neamente los enzimas NADPH-1 y -4<\/strong>. En ratones portadores de colangiocarcinoma intrahep\u00e1tico en localizaci\u00f3n ortot\u00f3pica, el tratamiento durante dos semanas redujo el tama\u00f1o de los n\u00f3dulos tumorales hep\u00e1ticos, el grado de las lesiones y la proporci\u00f3n de c\u00e9lulas que expresan el ant\u00edgeno de proliferaci\u00f3n Ki-67, con el consiguiente incremento de la expresi\u00f3n de un importante marcador de apoptosis, o muerte celular programada. En contraste, la terapia con galunisertib, f\u00e1rmaco que inhibe la quinasa asociada al receptor del TGF-beta, tuvo el efecto opuesto.\u00a0<\/p>\n<p>Aunque galunisertib estimul\u00f3 el reclutamiento de los linfocitos T hacia el tumor, estas c\u00e9lulas inmunitarias permanecieron excluidas del mismo, como consecuencia de la deposici\u00f3n de matriz extracelular de los fibroblastos. <strong>Javier Vaquero<\/strong>, cient\u00edfico del IDIBELL y director del <a href=\"https:\/\/pubmed.ncbi.nlm.nih.gov\/40820091\/\" style=\"text-decoration:none\" rel=\"nofollow noopener\" target=\"_blank\">estudio<\/a>, afirma que en los animales tratados con setanaxib estos linfocitos alcanzaron la localizaci\u00f3n intratumoral.\u00a0<\/p>\n<p>Adicionalmente, este tratamiento redujo la expresi\u00f3n del punto de control inmunol\u00f3gico PD-L1 en los m\u00e1rgenes del tumor, asegura el investigador. Notablemente, en el an\u00e1lisis de un conjunto de datos de pacientes, la supervivencia fue mayor en los que presentaron un perfil transcript\u00f3mico similar al inducido por setanaxib in vitro. <strong>Vaquero concluye se\u00f1alando que la v\u00eda de se\u00f1alizaci\u00f3n de NADPH-1 y -4 existe exclusivamente en los fibroblastos asociados al tipo de c\u00e1ncer estudiado, representando una diana terap\u00e9utica accionable mediante un f\u00e1rmaco ya existente<\/strong>.<\/p>\n<p>&#13;<br \/>\n            SEGUIR LEYENDO&#13;\n        <\/p>\n","protected":false},"excerpt":{"rendered":"Un equipo internacional de Investigadores ha descubierto que la tumorig\u00e9nesis mediada por la v\u00eda can\u00f3nica de se\u00f1alizaci\u00f3n del&hellip;\n","protected":false},"author":2,"featured_media":106704,"comment_status":"","ping_status":"","sticky":false,"template":"","format":"standard","meta":{"footnotes":""},"categories":[92],"tags":[3382,7415,1066,645,36902,7779,24044,25,24,11907,1292,3380,11016,165,8399,36903,3383,1156,4258,26697,166,36901,23,3387],"class_list":{"0":"post-106703","1":"post","2":"type-post","3":"status-publish","4":"format-standard","5":"has-post-thumbnail","7":"category-salud","8":"tag-actividad","9":"tag-asociados","10":"tag-cancer","11":"tag-cientificos","12":"tag-colangiocarcinoma","13":"tag-demuestra","14":"tag-dirigido","15":"tag-es","16":"tag-espana","17":"tag-espanoles","18":"tag-estudio","19":"tag-farmaco","20":"tag-fibroblastos","21":"tag-health","22":"tag-inhibicion","23":"tag-intrahepatico","24":"tag-modelos","25":"tag-muestra","26":"tag-potencial","27":"tag-preclinicos","28":"tag-salud","29":"tag-setanaxib","30":"tag-spain","31":"tag-tumorigenica"},"share_on_mastodon":{"url":"","error":""},"_links":{"self":[{"href":"https:\/\/www.europesays.com\/es\/wp-json\/wp\/v2\/posts\/106703","targetHints":{"allow":["GET"]}}],"collection":[{"href":"https:\/\/www.europesays.com\/es\/wp-json\/wp\/v2\/posts"}],"about":[{"href":"https:\/\/www.europesays.com\/es\/wp-json\/wp\/v2\/types\/post"}],"author":[{"embeddable":true,"href":"https:\/\/www.europesays.com\/es\/wp-json\/wp\/v2\/users\/2"}],"replies":[{"embeddable":true,"href":"https:\/\/www.europesays.com\/es\/wp-json\/wp\/v2\/comments?post=106703"}],"version-history":[{"count":0,"href":"https:\/\/www.europesays.com\/es\/wp-json\/wp\/v2\/posts\/106703\/revisions"}],"wp:featuredmedia":[{"embeddable":true,"href":"https:\/\/www.europesays.com\/es\/wp-json\/wp\/v2\/media\/106704"}],"wp:attachment":[{"href":"https:\/\/www.europesays.com\/es\/wp-json\/wp\/v2\/media?parent=106703"}],"wp:term":[{"taxonomy":"category","embeddable":true,"href":"https:\/\/www.europesays.com\/es\/wp-json\/wp\/v2\/categories?post=106703"},{"taxonomy":"post_tag","embeddable":true,"href":"https:\/\/www.europesays.com\/es\/wp-json\/wp\/v2\/tags?post=106703"}],"curies":[{"name":"wp","href":"https:\/\/api.w.org\/{rel}","templated":true}]}}