{"id":106719,"date":"2025-09-11T01:04:07","date_gmt":"2025-09-11T01:04:07","guid":{"rendered":"https:\/\/www.europesays.com\/es\/106719\/"},"modified":"2025-09-11T01:04:07","modified_gmt":"2025-09-11T01:04:07","slug":"canelo-alvarez-vs-terence-crawford-tendra-bonificacion-por-rendimiento-al-estilo-ufc","status":"publish","type":"post","link":"https:\/\/www.europesays.com\/es\/106719\/","title":{"rendered":"Canelo \u00c1lvarez vs Terence Crawford tendr\u00e1 bonificaci\u00f3n por rendimiento al estilo UFC"},"content":{"rendered":"\n<p>El Presidente de la UFC Dana White, que tambi\u00e9n promociona el combate entre <strong><a href=\"https:\/\/www.rpctv.com\/boxeo-internacional\/programas\/oficial-canelo-alvarez-se-enfrentara-terence-crawford-septiembre-n6038214\" target=\"_blank\" rel=\"follow nofollow noopener\">Canelo \u00c1lvarez<\/a><\/strong> y Terence Crawford del pr\u00f3ximo 13 de septiembre, revel\u00f3 que existir\u00e1 una bonificaci\u00f3n por rendimiento y el l\u00edder de Riyadh Season Turki Al-Alshikh ha acompa\u00f1ado diciendo que habr\u00e1n tambi\u00e9n bonos por KO en los combates.<\/p>\n<p>\u00c1lvarez (62-2, 39 KOs), de 34 a\u00f1os de edad expondr\u00e1 sus cinturones de las 168 libras CMB, OMB, AMB y de la FIB, ante Crawford (41-0, 31 KOs), el hist\u00f3rico ex campe\u00f3n indiscutible de peso w\u00e9lter, que subir\u00e1 de categor\u00eda para el que podr\u00eda ser el reto m\u00e1s grande de su carrera como p\u00fagil profesional.<\/p>\n<p> Bono por rendimiento para el Canelo \u00c1lvarez vs Terence Crawford <\/p>\n<p>Anteriormente Turki hab\u00eda anunciado que los combates de esta velada tendr\u00edan bonificaci\u00f3n por KO, en busca de una noche para la historia, pero adem\u00e1s, Dana White se\u00f1al\u00f3 tendr\u00e1 un bono de rendimiento de m\u00e1s de seis cifras en el pleito por el t\u00edtulo indiscutible de peso supermediano, bono que se estima que podr\u00eda llegar hasta le mill\u00f3n de d\u00f3lares.<\/p>\n<p>Bud, de Omaha, Nebraska, y Canelo, de Guadalajara, M\u00e9xico, son campeones de cuatro divisiones y talentos generacionales en el deporte, que han visto acci\u00f3n en los mejores escenarios del mundo en su ascenso de categor\u00eda y ahora se ver\u00e1n las caras en un choque que elevar\u00e1 por los cielos un legado, con el Allegiant Stadium como escenario.<\/p>\n<p><a href=\"https:\/\/www.rpctv.com\/boxeo-internacional\/programas\/canelo-alvarez-vs-terence-crawford-sera-transmitido-traves-netflix-n6042735\" target=\"_blank\" rel=\"follow nofollow noopener\">La velada Canelo-Crawford ser\u00e1 transmitida en vivo a trav\u00e9s de Netflix, sin costo adicional para sus m\u00e1s de 300 millones de suscriptores en todo el mundo.<\/a><\/p>\n","protected":false},"excerpt":{"rendered":"El Presidente de la UFC Dana White, que tambi\u00e9n promociona el combate entre Canelo \u00c1lvarez y Terence Crawford&hellip;\n","protected":false},"author":2,"featured_media":106720,"comment_status":"","ping_status":"","sticky":false,"template":"","format":"standard","meta":{"footnotes":""},"categories":[276],"tags":[168,25,24,23,167,343],"class_list":{"0":"post-106719","1":"post","2":"type-post","3":"status-publish","4":"format-standard","5":"has-post-thumbnail","7":"category-ufc","8":"tag-deportes","9":"tag-es","10":"tag-espana","11":"tag-spain","12":"tag-sports","13":"tag-ufc"},"share_on_mastodon":{"url":"","error":""},"_links":{"self":[{"href":"https:\/\/www.europesays.com\/es\/wp-json\/wp\/v2\/posts\/106719","targetHints":{"allow":["GET"]}}],"collection":[{"href":"https:\/\/www.europesays.com\/es\/wp-json\/wp\/v2\/posts"}],"about":[{"href":"https:\/\/www.europesays.com\/es\/wp-json\/wp\/v2\/types\/post"}],"author":[{"embeddable":true,"href":"https:\/\/www.europesays.com\/es\/wp-json\/wp\/v2\/users\/2"}],"replies":[{"embeddable":true,"href":"https:\/\/www.europesays.com\/es\/wp-json\/wp\/v2\/comments?post=106719"}],"version-history":[{"count":0,"href":"https:\/\/www.europesays.com\/es\/wp-json\/wp\/v2\/posts\/106719\/revisions"}],"wp:featuredmedia":[{"embeddable":true,"href":"https:\/\/www.europesays.com\/es\/wp-json\/wp\/v2\/media\/106720"}],"wp:attachment":[{"href":"https:\/\/www.europesays.com\/es\/wp-json\/wp\/v2\/media?parent=106719"}],"wp:term":[{"taxonomy":"category","embeddable":true,"href":"https:\/\/www.europesays.com\/es\/wp-json\/wp\/v2\/categories?post=106719"},{"taxonomy":"post_tag","embeddable":true,"href":"https:\/\/www.europesays.com\/es\/wp-json\/wp\/v2\/tags?post=106719"}],"curies":[{"name":"wp","href":"https:\/\/api.w.org\/{rel}","templated":true}]}}