{"id":106735,"date":"2025-09-11T01:13:34","date_gmt":"2025-09-11T01:13:34","guid":{"rendered":"https:\/\/www.europesays.com\/es\/106735\/"},"modified":"2025-09-11T01:13:34","modified_gmt":"2025-09-11T01:13:34","slug":"por-que-el-ex-de-britney-spears-kevin-federline-publica-un-libro-exclusiva","status":"publish","type":"post","link":"https:\/\/www.europesays.com\/es\/106735\/","title":{"rendered":"Por qu\u00e9 el ex de Britney Spears, Kevin Federline, publica un libro (Exclusiva)"},"content":{"rendered":"<p>Casi dos a\u00f1os despu\u00e9s de que <a href=\"https:\/\/www.usmagazine.com\/celebrities\/britney-spears\/\" rel=\"nofollow noopener\" target=\"_blank\"><strong>Britney Spears<\/strong><\/a> publicara sus memorias, el exmarido de la princesa del pop, <a href=\"https:\/\/www.usmagazine.com\/celebrities\/kevin-federline\/\" rel=\"nofollow noopener\" target=\"_blank\"><strong>Kevin Federline<\/strong><\/a>, est\u00e1 por <a href=\"https:\/\/www.usmagazine.com\/entertainment\/news\/kevin-federlines-memoir-to-reveal-ridicule-of-britney-spears-marriage\/\" rel=\"nofollow noopener\" target=\"_blank\">lanzar su propio libro revelador<\/a> con el contundente t\u00edtulo <a href=\"https:\/\/www.amazon.com\/You-Thought-Knew-Kevin-Federline\/dp\/B0FLH62D15\" target=\"_blank\" rel=\"noopener nofollow\">You Thought You Knew<\/a>.<\/p>\n<p>\u201cKevin dedic\u00f3 unos tres o cuatro a\u00f1os a trabajar en el libro\u201d, cuenta una fuente exclusivamente a Us Weekly. \u201cNo fue algo improvisado ni surgi\u00f3 despu\u00e9s de que Britney publicara su libro. Nunca ha contado su versi\u00f3n de la historia en profundidad y sabe que las entrevistas y los documentales pueden ser tergiversados, as\u00ed que quer\u00eda que la gente lo escuchara directamente de la fuente\u201d.<\/p>\n<p>La sinopsis de las memorias de 228 p\u00e1ginas de Federline, que llegan a las tiendas el 21 de octubre, adelanta que el exbailar\u00edn \u201cdespeja las capas de celebridad, paternidad y supervivencia para revelar al hombre detr\u00e1s de la mitolog\u00eda\u201d.<\/p>\n<p>La fuente cuenta a Us que You Thought You Knew trata \u201cprincipalmente sobre la experiencia de Kevin como padre\u201d de sus dos hijos con Spears, Sean Preston, de 19 a\u00f1os, y Jayden, de 18. (Federline tambi\u00e9n comparte a su hija Kori, de 23 a\u00f1os, y a su hijo Kaleb, de 21, con su ex prometida <strong>Shar Jackson<\/strong>, as\u00ed como a sus hijas Jordan, de 14, y Peyton, de 11, con su esposa <strong>Victoria Prince<\/strong>).<\/p>\n<p>\u201cKevin renunci\u00f3 a mucho para darles a esos chicos [Preston y Jayden] un atisbo de normalidad y tambi\u00e9n ha tratado de mantener a sus otros hijos fuera del foco de atenci\u00f3n\u201d, dice la fuente. \u201cQuer\u00eda escribir el libro para arrojar luz sobre c\u00f3mo era realmente su vida detr\u00e1s de escenas, porque mucha gente pensaba que era un vago y no lo era. Realmente dio un paso adelante como padre cuando lo necesit\u00f3\u201d.<\/p>\n<p><img loading=\"lazy\" fetchpriority=\"high\" decoding=\"async\" class=\"size-full wp-image-4095347\" src=\"https:\/\/www.europesays.com\/es\/wp-content\/uploads\/2025\/09\/71Zrniq28EL._SL1360_.jpg\" alt=\"Kevin Federline's &quot;You Thought You Knew&quot; memoir cover\" width=\"855\" height=\"1360\"  \/><br \/>\n Kevin Federline Listenin<\/p>\n<p>Spears, de 43 a\u00f1os, y Federline, de 47, atravesaron un sonado divorcio y batalla por la custodia entre 2006 y 2007, momento en que la int\u00e9rprete de \u201cToxic\u201d tambi\u00e9n sufri\u00f3 una crisis p\u00fablica. Aunque Federline finalmente obtuvo la custodia exclusiva de Preston y Jayden, los ni\u00f1os pasaron tambi\u00e9n buena parte de su infancia con su madre, una vez que ella fue puesta bajo tutela por su padre, <strong>Jamie Spears<\/strong>. (Un juez <a href=\"https:\/\/www.usmagazine.com\/celebrity-news\/news\/britney-spears-13-year-conservatorship-is-officially-over\/\" rel=\"nofollow noopener\" target=\"_blank\">rescindi\u00f3 el controvertido acuerdo legal<\/a> en 2021, poco despu\u00e9s de que Britney acusara a Jamie, de 73 a\u00f1os, de abusar de su control sobre los asuntos personales y financieros de la cantante).<\/p>\n<p>La fuente reconoce que \u201cuna buena parte\u201d del libro de Federline trata sobre su vertiginosa relaci\u00f3n con Britney, desde el \u201camor a primera vista\u201d hasta \u201crecoger los pedazos tras el tumulto de su divorcio\u201d. Tambi\u00e9n, seg\u00fan la fuente, \u201creflexiona sobre los a\u00f1os de la tutela y c\u00f3mo pens\u00f3 que fue algo bueno para Britney y su familia, aunque tuviera defectos en algunos aspectos\u201d.<\/p>\n<p>Dicho esto, una segunda fuente asegura a Us que Federline \u201cno ataca a Britney ni se pasa de lo personal con respecto a su vida\u201d, y que se centra en sus \u201cdecisiones, sentimientos, desaf\u00edos superados y en dar lo mejor por proteger a quienes lo rodean mientras trata de llevar adelante su vida lo mejor posible\u201d.<\/p>\n<p><img loading=\"lazy\" decoding=\"async\" class=\"aligncenter size-full credit-added wp-image-4094060\" src=\"https:\/\/www.europesays.com\/es\/wp-content\/uploads\/2025\/09\/Britney-Spears-2538-Us-Weekly-Cover-No-Chip.jpg\" alt=\"Britney Spears 2538 Us Weekly Cover No Chip\" width=\"1000\" height=\"1333\"  \/>Xavier Collin\/Image Press Agency \/ MEGA<\/p>\n<p>En cuanto al momento, la segunda fuente explica: \u201cSus hijos ya son adultos y es cuando \u00e9l quer\u00eda publicarlo\u201d.<\/p>\n<p>Us Weekly se puso en contacto con el abogado de Federline y el representante de Spears para solicitar comentarios.<\/p>\n<p>Spears lanz\u00f3 sus memorias, The Woman in Me, en octubre de 2023, detallando su ascenso desde estrella infantil hasta \u00e9xito mundial. Tambi\u00e9n record\u00f3 abiertamente sus relaciones con el exnovio <strong>Justin Timberlake<\/strong> y sus exmaridos <strong>Jason Alexander<\/strong>, Federline y <strong>Sam Asghari<\/strong>, adem\u00e1s de sus disputas constantes con su familia respecto a los 13 a\u00f1os de tutela.<\/p>\n<p>El bestseller de Spears en el New York Times actualmente est\u00e1 siendo <a href=\"https:\/\/www.usmagazine.com\/entertainment\/news\/everything-we-know-about-britney-spears-biopic\/\" rel=\"nofollow noopener\" target=\"_blank\">adaptado a una pel\u00edcula biogr\u00e1fica<\/a> dirigida por <strong>Jon M. Chu<\/strong>, quien tambi\u00e9n estuvo a cargo de Crazy Rich Asians y Wicked.<\/p>\n","protected":false},"excerpt":{"rendered":"Casi dos a\u00f1os despu\u00e9s de que Britney Spears publicara sus memorias, el exmarido de la princesa del pop,&hellip;\n","protected":false},"author":2,"featured_media":106736,"comment_status":"","ping_status":"","sticky":false,"template":"","format":"standard","meta":{"footnotes":""},"categories":[172],"tags":[224,18828,146,147,25,24,34529,225,23,5842],"class_list":{"0":"post-106735","1":"post","2":"type-post","3":"status-publish","4":"format-standard","5":"has-post-thumbnail","7":"category-libros","8":"tag-books","9":"tag-celebrity-news","10":"tag-entertainment","11":"tag-entretenimiento","12":"tag-es","13":"tag-espana","14":"tag-exclusive","15":"tag-libros","16":"tag-spain","17":"tag-spanish"},"share_on_mastodon":{"url":"","error":""},"_links":{"self":[{"href":"https:\/\/www.europesays.com\/es\/wp-json\/wp\/v2\/posts\/106735","targetHints":{"allow":["GET"]}}],"collection":[{"href":"https:\/\/www.europesays.com\/es\/wp-json\/wp\/v2\/posts"}],"about":[{"href":"https:\/\/www.europesays.com\/es\/wp-json\/wp\/v2\/types\/post"}],"author":[{"embeddable":true,"href":"https:\/\/www.europesays.com\/es\/wp-json\/wp\/v2\/users\/2"}],"replies":[{"embeddable":true,"href":"https:\/\/www.europesays.com\/es\/wp-json\/wp\/v2\/comments?post=106735"}],"version-history":[{"count":0,"href":"https:\/\/www.europesays.com\/es\/wp-json\/wp\/v2\/posts\/106735\/revisions"}],"wp:featuredmedia":[{"embeddable":true,"href":"https:\/\/www.europesays.com\/es\/wp-json\/wp\/v2\/media\/106736"}],"wp:attachment":[{"href":"https:\/\/www.europesays.com\/es\/wp-json\/wp\/v2\/media?parent=106735"}],"wp:term":[{"taxonomy":"category","embeddable":true,"href":"https:\/\/www.europesays.com\/es\/wp-json\/wp\/v2\/categories?post=106735"},{"taxonomy":"post_tag","embeddable":true,"href":"https:\/\/www.europesays.com\/es\/wp-json\/wp\/v2\/tags?post=106735"}],"curies":[{"name":"wp","href":"https:\/\/api.w.org\/{rel}","templated":true}]}}