{"id":106739,"date":"2025-09-11T01:15:10","date_gmt":"2025-09-11T01:15:10","guid":{"rendered":"https:\/\/www.europesays.com\/es\/106739\/"},"modified":"2025-09-11T01:15:10","modified_gmt":"2025-09-11T01:15:10","slug":"otro-record-shakira-es-la-artista-latina-mas-premiada-en-la-historia-de-los-mtv-video-music-awards","status":"publish","type":"post","link":"https:\/\/www.europesays.com\/es\/106739\/","title":{"rendered":"\u00a1Otro r\u00e9cord! Shakira es la artista latina m\u00e1s premiada en la historia de los MTV Video Music Awards"},"content":{"rendered":"\n<p>Shakira le agrega un nuevo r\u00e9cord a su lista de logros. Este fin de semana, <b>la artista colombiana se convirti\u00f3 en la latina m\u00e1s galardonada en los 41 a\u00f1os de los MTV Video Music Awards (VMA)<\/b>, uno de los premios m\u00e1s importantes de la industria musical internacional.<\/p>\n<p><b>Lea: <a rel=\"nofollow noopener noreferrer\" href=\"https:\/\/www.elcolombiano.com\/cultura\/musica\/video-homenaje-shakira-su-papa-concierto-guadalajara-mariachi-AJ29024859\" target=\"_blank\">Video: emotivo homenaje de Shakira a su pap\u00e1 en concierto de Guadalajara con mariachi incluido<\/a><\/b><\/p>\n<p>Este domingo 7 de septiembre se llev\u00f3 a cabo la edici\u00f3n 2025 de esta ceremonia, en la cual se reconocen los mejores videos musicales del a\u00f1o. En esta ocasi\u00f3n, la barranquillera <b>estaba nominada en la categor\u00eda Mejor Video Latino con <\/b><b>Soltera<\/b>, canci\u00f3n que hace parte de su \u00faltimo \u00e1lbum, Las mujeres ya no lloran.<\/p>\n<p>Bad Bunny, Karol G, Peso Pluma, J Balvin, Rauw Alejandro y Romeo Santos tambi\u00e9n estaban compitiendo en este segmento, en el que finalmente se coron\u00f3 como ganadora Shakira. Con este reconocimiento, adem\u00e1s de ser una de las premiadas de la noche, la cantante ajust\u00f3 su \u201chombre de la luna\u201d \u2013como se le conoce a la estautilla de los VMA\u2013 n\u00famero 17.<\/p>\n<p><b>Mejor coreograf\u00eda, Mejor video latino y Mejor video del p\u00fablico<\/b> son algunas de las categor\u00edas que ha ganado la colombiana en estos \u00faltimos 25 a\u00f1os.<\/p>\n<p>Este no es el \u00fanico r\u00e9cord que la artista ha alcanzado en 2025. Recientemente su gira mundial Las mujeres ya no lloran hizo sold out en 51 fechas y <b>se consolid\u00f3 como el tour m\u00e1s grande en Mexico Colombia, Per\u00fa, Ecuador, Paraguay y Uruguay<\/b>. Seg\u00fan Billboard, esta ocupa el segundo lugar del Top 10 global de las m\u00e1s taquilleras de 2025.<\/p>\n<p>Shakira estuvo en el primer semestre del a\u00f1o en Colombia, donde ofreci\u00f3 conciertos en Barranquilla, Medell\u00edn y Bogot\u00e1. La cantante regresar\u00e1 a final de a\u00f1o a su pa\u00eds natal para presentarse <b>el 25 y 26 de octubre en Cali, y el 1 de noviembre nuevamente en la capital<\/b>.<\/p>\n<p>   Los ganadores de los MTV VMA 2025   <\/p>\n<p>Lady Gaga, quien se encuentra promocionando con una gira mundial su \u00faltimo \u00e1lbum Mayhem, fue una de las figuras que <b>recibi\u00f3 el premio Moon Person de la noche, el cual distingue a los int\u00e9rpretes m\u00e1s destacados del a\u00f1o<\/b>. \u201cDedico este premio a la audiencia. Ustedes merecen mucho un escenario para brillar, y les doy todo mi aplauso. Gracias, Little Monsters, mis fans, por siempre apoyarme\u201d, expres\u00f3 Gaga, quien adem\u00e1s fue reconocida como Artista del A\u00f1o.<\/p>\n<p>Otra de las protagonistas de la noche fue <b>Ariana Grande, quien se alz\u00f3 con tres galardones, incluido el de Video del A\u00f1o<\/b>, uno de los m\u00e1s relevantes de la ceremonia. Lo obtuvo con Brighter Days Ahead, un cortometraje de 26 minutos.<\/p>\n<p>La representaci\u00f3n latina en los VMA estuvo a cargo de <b>Ricky Martin, quien se convirti\u00f3 en el primer artista en recibir el Latin Icon Award<\/b>, la nueva categor\u00eda entregada por primera vez en 2025, que busca homenajear a aquellos m\u00fasicos de la regi\u00f3n que hayan dejado una huella en la cultura pop global.<\/p>\n","protected":false},"excerpt":{"rendered":"Shakira le agrega un nuevo r\u00e9cord a su lista de logros. Este fin de semana, la artista colombiana&hellip;\n","protected":false},"author":2,"featured_media":106740,"comment_status":"","ping_status":"","sticky":false,"template":"","format":"standard","meta":{"footnotes":""},"categories":[170],"tags":[146,147,25,24,184,185,1267,23],"class_list":{"0":"post-106739","1":"post","2":"type-post","3":"status-publish","4":"format-standard","5":"has-post-thumbnail","7":"category-musica","8":"tag-entertainment","9":"tag-entretenimiento","10":"tag-es","11":"tag-espana","12":"tag-music","13":"tag-musica","14":"tag-noticias-el-colombiano","15":"tag-spain"},"share_on_mastodon":{"url":"","error":""},"_links":{"self":[{"href":"https:\/\/www.europesays.com\/es\/wp-json\/wp\/v2\/posts\/106739","targetHints":{"allow":["GET"]}}],"collection":[{"href":"https:\/\/www.europesays.com\/es\/wp-json\/wp\/v2\/posts"}],"about":[{"href":"https:\/\/www.europesays.com\/es\/wp-json\/wp\/v2\/types\/post"}],"author":[{"embeddable":true,"href":"https:\/\/www.europesays.com\/es\/wp-json\/wp\/v2\/users\/2"}],"replies":[{"embeddable":true,"href":"https:\/\/www.europesays.com\/es\/wp-json\/wp\/v2\/comments?post=106739"}],"version-history":[{"count":0,"href":"https:\/\/www.europesays.com\/es\/wp-json\/wp\/v2\/posts\/106739\/revisions"}],"wp:featuredmedia":[{"embeddable":true,"href":"https:\/\/www.europesays.com\/es\/wp-json\/wp\/v2\/media\/106740"}],"wp:attachment":[{"href":"https:\/\/www.europesays.com\/es\/wp-json\/wp\/v2\/media?parent=106739"}],"wp:term":[{"taxonomy":"category","embeddable":true,"href":"https:\/\/www.europesays.com\/es\/wp-json\/wp\/v2\/categories?post=106739"},{"taxonomy":"post_tag","embeddable":true,"href":"https:\/\/www.europesays.com\/es\/wp-json\/wp\/v2\/tags?post=106739"}],"curies":[{"name":"wp","href":"https:\/\/api.w.org\/{rel}","templated":true}]}}