{"id":106758,"date":"2025-09-11T01:26:07","date_gmt":"2025-09-11T01:26:07","guid":{"rendered":"https:\/\/www.europesays.com\/es\/106758\/"},"modified":"2025-09-11T01:26:07","modified_gmt":"2025-09-11T01:26:07","slug":"raquel-martin-y-olga-casado-listas-para-la-glorieta-salamancartv-al-dia","status":"publish","type":"post","link":"https:\/\/www.europesays.com\/es\/106758\/","title":{"rendered":"Raquel Mart\u00edn y Olga Casado, listas para La Glorieta &#8211; SALAMANCArtv AL D\u00cdA"},"content":{"rendered":"<p class=\"prip\">El <strong>Patio de la C\u00e1mara de Comercio de Salamanca<\/strong> ha sido el escenario de un concurrido encuentro con las novilleras <strong>Raquel Mart\u00edn<\/strong> y <strong>Olga Casado<\/strong> este mi\u00e9rcoles. Con una notable presencia de p\u00fablico, el acto ha permitido a los aficionados conocer de cerca a las dos j\u00f3venes toreras que representan una parte importante del futuro de la Tauromaquia.<\/p>\n<p>El objetivo de esta cita, presentada y moderada por el periodista especializado <strong>Javier Lorenzo<\/strong>, era precisamente tender un puente entre las nuevas generaciones del toreo y el p\u00fablico. La conversaci\u00f3n, planteada de forma cercana y abierta, ofreci\u00f3 una oportunidad \u00fanica para descubrir las inquietudes, la preparaci\u00f3n y la personalidad de ambas protagonistas ante los importantes compromisos que afrontan.<\/p>\n<p>Este evento cobra una especial relevancia al celebrarse apenas <strong>dos d\u00edas antes<\/strong> de que ambas hagan el pase\u00edllo en la plaza de toros de La Glorieta. Mart\u00edn y Casado est\u00e1n anunciadas en el <strong>festejo mixto<\/strong> que inaugurar\u00e1 la esperada <strong>Feria de la Virgen de la Vega<\/strong>, el pr\u00f3ximo <strong>viernes, 12 de septiembre<\/strong>.<\/p>\n<p>El encuentro ha puesto de manifiesto el inter\u00e9s que despiertan las nuevas figuras y ha servido para subrayar el mensaje de que j\u00f3venes como Raquel Mart\u00edn y Olga Casado son la <strong>fuerza y el futuro<\/strong> de la fiesta, garantizando su continuidad y renovaci\u00f3n con su talento y dedicaci\u00f3n.<\/p>\n","protected":false},"excerpt":{"rendered":"El Patio de la C\u00e1mara de Comercio de Salamanca ha sido el escenario de un concurrido encuentro con&hellip;\n","protected":false},"author":2,"featured_media":106759,"comment_status":"","ping_status":"","sticky":false,"template":"","format":"standard","meta":{"footnotes":""},"categories":[277],"tags":[373,7105,168,25,24,36912,3614,23,167,374,444],"class_list":{"0":"post-106758","1":"post","2":"type-post","3":"status-publish","4":"format-standard","5":"has-post-thumbnail","7":"category-toreo","8":"tag-bullfighting","9":"tag-coloquio","10":"tag-deportes","11":"tag-es","12":"tag-espana","13":"tag-feriataurina","14":"tag-salamanca","15":"tag-spain","16":"tag-sports","17":"tag-toreo","18":"tag-toros"},"share_on_mastodon":{"url":"","error":""},"_links":{"self":[{"href":"https:\/\/www.europesays.com\/es\/wp-json\/wp\/v2\/posts\/106758","targetHints":{"allow":["GET"]}}],"collection":[{"href":"https:\/\/www.europesays.com\/es\/wp-json\/wp\/v2\/posts"}],"about":[{"href":"https:\/\/www.europesays.com\/es\/wp-json\/wp\/v2\/types\/post"}],"author":[{"embeddable":true,"href":"https:\/\/www.europesays.com\/es\/wp-json\/wp\/v2\/users\/2"}],"replies":[{"embeddable":true,"href":"https:\/\/www.europesays.com\/es\/wp-json\/wp\/v2\/comments?post=106758"}],"version-history":[{"count":0,"href":"https:\/\/www.europesays.com\/es\/wp-json\/wp\/v2\/posts\/106758\/revisions"}],"wp:featuredmedia":[{"embeddable":true,"href":"https:\/\/www.europesays.com\/es\/wp-json\/wp\/v2\/media\/106759"}],"wp:attachment":[{"href":"https:\/\/www.europesays.com\/es\/wp-json\/wp\/v2\/media?parent=106758"}],"wp:term":[{"taxonomy":"category","embeddable":true,"href":"https:\/\/www.europesays.com\/es\/wp-json\/wp\/v2\/categories?post=106758"},{"taxonomy":"post_tag","embeddable":true,"href":"https:\/\/www.europesays.com\/es\/wp-json\/wp\/v2\/tags?post=106758"}],"curies":[{"name":"wp","href":"https:\/\/api.w.org\/{rel}","templated":true}]}}