{"id":106794,"date":"2025-09-11T01:49:07","date_gmt":"2025-09-11T01:49:07","guid":{"rendered":"https:\/\/www.europesays.com\/es\/106794\/"},"modified":"2025-09-11T01:49:07","modified_gmt":"2025-09-11T01:49:07","slug":"en-estado-grave-un-menor-de-17-anos-en-mocejon-tras-ser-corneado-por-un-toro-en-un-encierro","status":"publish","type":"post","link":"https:\/\/www.europesays.com\/es\/106794\/","title":{"rendered":"En estado grave un menor de 17 a\u00f1os en Mocej\u00f3n tras ser corneado por un toro en un encierro"},"content":{"rendered":"<p class=\"article-text\">\n        Un joven de 17 a\u00f1os ha resultado herido de gravedad tras ser corneado hasta en tres ocasiones por un toro en un encierro en la localidad de Mocej\u00f3n. El menor ha sido trasladado al Hospital Universitario de Toledo con lesiones en el hombro y en abdomen, por lo que ha sido intervenido quir\u00fargicamente.\n    <\/p>\n<p>    <a href=\"https:\/\/www.eldiario.es\/castilla-la-mancha\/cuenca\/escapa-toro-encierro-canete-genero-situaciones-gran-peligro_1_12555749.html\" data-mrf-recirculation=\"saber-mas\" data-dl-event=\"saber-mas\" rel=\"nofollow noopener\" target=\"_blank\"><\/p>\n<p class=\"know-more__title\">Se escapa un toro del encierro de Ca\u00f1ete: \u00abGener\u00f3 situaciones de gran peligro\u00bb<\/p>\n<p>            <img decoding=\"async\" class=\"lazy\" loading=\"lazy\" data-src=\"https:\/\/static.eldiario.es\/clip\/b1105dda-aa37-4a04-abe0-d30bf8966cac_16-9-aspect-ratio_default_0.jpg\" src=\"data:image\/svg+xml,%3Csvg xmlns=\" http:=\"\" viewbox=\"0 0 880 495\" alt=\"Se escapa un toro del encierro de Ca\u00f1ete: &quot;Gener\u00f3 situaciones de gran peligro&quot;\"\/><\/p>\n<p>                        <\/a><\/p>\n<p class=\"article-text\">\n        Los hechos tuvieron lugar este martes en el municipio toledano, en el segundo encierro que hacen en estas fiestas, que celebran entre el 6 y el 11 de septiembre, y en el que estaba previsto soltar por varias calles del pueblo dos novillos-toros y una vaca, as\u00ed como \u201cel toro de San Esteban\u201d, seg\u00fan refleja en su programaci\u00f3n.\n    <\/p>\n<p class=\"article-text\">\n        El joven ha sido embestido en una de las calles y posteriormente cuando trataba de subirse las escaleras de una plataforma situada en el centro de la plaza de toros, seg\u00fan trasladan fuentes de la Guardia Civil. Ha sido herido gravemente y su pron\u00f3stico es reservado tras la operaci\u00f3n a la que ha sido sometido a mediod\u00eda, precisan fuentes hospitalarias.\n    <\/p>\n<p class=\"article-text\">\n        No es el primer incidente de este tipo que ocurre en Mocej\u00f3n durante estos festejos. El a\u00f1o pasado se produjo tambi\u00e9n una grave cogida a un recortador,\u00a0<a href=\"https:\/\/www.abc.es\/espana\/castilla-la-mancha\/toledo\/pueblos\/grave-cogida-recortador-plena-calle-encierro-mocejon-20240909165028-nt.html\" target=\"_blank\" data-mrf-recirculation=\"links-noticia\" class=\"link\" rel=\"nofollow noopener\">seg\u00fan recogi\u00f3 ABC<\/a>, y en 2022 un toro se escap\u00f3 del recorrido vallado aunque no se registraron heridos.\n    <\/p>\n<p class=\"article-text\">\n        Este lunes tambi\u00e9n result\u00f3 herido\u00a0<a href=\"https:\/\/www.eldiario.es\/castilla-la-mancha\/provincias\/guadalajara\/hombre-resulta-herido-toro-durante-encierro-casar_1_12586529.html\" target=\"_blank\" data-mrf-recirculation=\"links-noticia\" class=\"link\" rel=\"nofollow noopener\">un hombre de 46 a\u00f1os por herida de asta de toro<\/a>\u00a0en la localidad de El Casar (Guadalajara), donde precisamente\u00a0<a href=\"https:\/\/www.eldiario.es\/castilla-la-mancha\/provincias\/guadalajara\/pueblo-guadalajara-celebra-encierro-cerca-colegio-coincide-horario-salida-alumnos-no-logico_1_12585795.html\" target=\"_blank\" data-mrf-recirculation=\"links-noticia\" class=\"link\" rel=\"nofollow noopener\">vecinos y oposici\u00f3n reprochan<\/a>\u00a0que se haya programado un encierro que pasar\u00e1 cerca de centros educativos y coincidir\u00e1 con la salida de las aulas del alumnado.\n    <\/p>\n<p>    Franz Weber reclama que los menores no puedan participar en estas convocatorias<\/p>\n<p class=\"article-text\">\n        Tras este suceso, la Fundaci\u00f3n Franz Weber ha denunciado esta ma\u00f1ana que la Junta de Comunidades de Castilla-La Mancha permita la participaci\u00f3n de menores en su reglamento de festejos taurinos populares, se\u00f1alando el caso ocurrido este martes en Mocej\u00f3n.\n    <\/p>\n<p class=\"article-text\">\n        Esta regulaci\u00f3n auton\u00f3mica establece en su art\u00edculo 22.1 que \u201cla edad m\u00ednima para participar en los festejos taurinos populares ser\u00e1 de diecis\u00e9is a\u00f1os, si bien se permite la participaci\u00f3n de mayores de catorce a\u00f1os que, siendo alumnos de una escuela taurina autorizada, sean acreditados por esta \u00faltima\u201d.\n    <\/p>\n<p class=\"article-text\">\n        \u201cIncluso desde los catorce a\u00f1os podr\u00edan tomar parte en actividades que suponen un riesgo evidente para su integridad f\u00edsica y moral, como el caso del chaval herido grave en este municipio toledano\u201d, reprocha el colectivo.\n    <\/p>\n<p class=\"article-text\">\n        La ONG se\u00f1ala que esta normativa \u201cvulnera las objeciones formuladas por el Comit\u00e9 de los Derechos del Ni\u00f1o\u201d y por lo tanto trasladar\u00e1 el caso ante el Organismo de Naciones Unidas en su pr\u00f3ximo Informe Alternativo al Estado para que estudie las acciones oportunas ante la participaci\u00f3n y lesi\u00f3n de menores en eventos p\u00fablicos.\n    <\/p>\n<p class=\"article-text\">\n        Este Comit\u00e9, recuerda, no es ajeno al contexto de la tauromaquia: en 2018 incluy\u00f3 en sus observaciones finales, tras revisar a Espa\u00f1a, un apartado espec\u00edfico sobre la materia, solicitando del Estado que tomara medidas para alejar a las personas menores de edad tanto como participantes directas como en formato de visualizaci\u00f3n.\n    <\/p>\n<p class=\"article-text\">\n        \u201cA ello se suma el impacto que supone para el resto de menores contemplar la escena de Mocej\u00f3n, donde ni\u00f1as y ni\u00f1os de menor edad como espectadores pudieron ver las tres cornadas, al joven cayendo inconsciente al suelo y las actuaciones de asistencia m\u00e9dica en la zona\u201d, resalta.\n    <\/p>\n<p>    <a href=\"https:\/\/www.eldiario.es\/castilla-la-mancha\/social\/fundacion-franz-weber-pedira-gobierno-page-suspender-encierros-camperos-ocurrido-canete_1_12559300.html\" data-mrf-recirculation=\"saber-mas-abajo\" data-dl-event=\"saber-mas-abajo\" rel=\"nofollow noopener\" target=\"_blank\"><\/p>\n<p class=\"know-more__title\">La Fundaci\u00f3n Franz Weber pedir\u00e1 al Gobierno de Page suspender los encierros camperos tras lo ocurrido en Ca\u00f1ete\n<\/p>\n<p>            <img decoding=\"async\" class=\"lazy\" loading=\"lazy\" data-src=\"https:\/\/static.eldiario.es\/clip\/b1105dda-aa37-4a04-abe0-d30bf8966cac_16-9-aspect-ratio_default_0.jpg\" src=\"data:image\/svg+xml,%3Csvg xmlns=\" http:=\"\" viewbox=\"0 0 880 495\" alt=\"La Fundaci\u00f3n Franz Weber pedir\u00e1 al Gobierno de Page suspender los encierros camperos tras lo ocurrido en Ca\u00f1ete\"\/><\/p>\n<p>                        <\/a><\/p>\n<p class=\"article-text\">\n        \u201cMientras se reproducen incidentes mortales o con lesiones de gravedad a adultos y menores, el Gobierno de Emiliano Garc\u00eda-Page parece estar m\u00e1s preocupado en promocionar la tauromaquia que en cumplir con las objeciones internacionales impidiendo el acceso o participaci\u00f3n de menores de edad\u201d, agrega la Fundaci\u00f3n.\n    <\/p>\n","protected":false},"excerpt":{"rendered":"Un joven de 17 a\u00f1os ha resultado herido de gravedad tras ser corneado hasta en tres ocasiones por&hellip;\n","protected":false},"author":2,"featured_media":106795,"comment_status":"","ping_status":"","sticky":false,"template":"","format":"standard","meta":{"footnotes":""},"categories":[277],"tags":[517,1705,373,10906,168,25,24,1667,10907,10,1925,23,167,374],"class_list":{"0":"post-106794","1":"post","2":"type-post","3":"status-publish","4":"format-standard","5":"has-post-thumbnail","7":"category-toreo","8":"tag-actualidad","9":"tag-analisis","10":"tag-bullfighting","11":"tag-castila","12":"tag-deportes","13":"tag-es","14":"tag-espana","15":"tag-informacion","16":"tag-la-mancha","17":"tag-noticias","18":"tag-opinion","19":"tag-spain","20":"tag-sports","21":"tag-toreo"},"share_on_mastodon":{"url":"","error":""},"_links":{"self":[{"href":"https:\/\/www.europesays.com\/es\/wp-json\/wp\/v2\/posts\/106794","targetHints":{"allow":["GET"]}}],"collection":[{"href":"https:\/\/www.europesays.com\/es\/wp-json\/wp\/v2\/posts"}],"about":[{"href":"https:\/\/www.europesays.com\/es\/wp-json\/wp\/v2\/types\/post"}],"author":[{"embeddable":true,"href":"https:\/\/www.europesays.com\/es\/wp-json\/wp\/v2\/users\/2"}],"replies":[{"embeddable":true,"href":"https:\/\/www.europesays.com\/es\/wp-json\/wp\/v2\/comments?post=106794"}],"version-history":[{"count":0,"href":"https:\/\/www.europesays.com\/es\/wp-json\/wp\/v2\/posts\/106794\/revisions"}],"wp:featuredmedia":[{"embeddable":true,"href":"https:\/\/www.europesays.com\/es\/wp-json\/wp\/v2\/media\/106795"}],"wp:attachment":[{"href":"https:\/\/www.europesays.com\/es\/wp-json\/wp\/v2\/media?parent=106794"}],"wp:term":[{"taxonomy":"category","embeddable":true,"href":"https:\/\/www.europesays.com\/es\/wp-json\/wp\/v2\/categories?post=106794"},{"taxonomy":"post_tag","embeddable":true,"href":"https:\/\/www.europesays.com\/es\/wp-json\/wp\/v2\/tags?post=106794"}],"curies":[{"name":"wp","href":"https:\/\/api.w.org\/{rel}","templated":true}]}}