{"id":106812,"date":"2025-09-11T02:04:25","date_gmt":"2025-09-11T02:04:25","guid":{"rendered":"https:\/\/www.europesays.com\/es\/106812\/"},"modified":"2025-09-11T02:04:25","modified_gmt":"2025-09-11T02:04:25","slug":"astrazeneca-muestra-resultados-positivos-del-ensayo-de-fase-iii-flaura-2","status":"publish","type":"post","link":"https:\/\/www.europesays.com\/es\/106812\/","title":{"rendered":"AstraZeneca muestra resultados positivos del ensayo de fase III FLAURA 2"},"content":{"rendered":"<p>Los resultados positivos del an\u00e1lisis final de supervivencia global (SG) del ensayo de fase III de FLAURA2 mostraron que Tagrisso (osimertinib) de AstraZeneca con la adici\u00f3n de pemetrexed y quimioterapia basada en platino mostr\u00f3 una mejora estad\u00edsticamente significativa y cl\u00ednicamente relevante en el criterio de valoraci\u00f3n secundario de la SG &#8230;            &#13;\n        <\/p>\n<p> &#13;<br \/>\n&#13;<\/p>\n<p>Los resultados positivos del an\u00e1lisis final de supervivencia global (SG) del ensayo de fase III de FLAURA2 mostraron que Tagrisso (osimertinib) de AstraZeneca con la adici\u00f3n de pemetrexed y quimioterapia basada en platino mostr\u00f3 una mejora estad\u00edsticamente significativa y cl\u00ednicamente relevante en el criterio de valoraci\u00f3n secundario de la SG en comparaci\u00f3n con el f\u00e1rmaco en monoterapia en el tratamiento de 1\u00aa l\u00ednea de pacientes con c\u00e1ncer de pulm\u00f3n de c\u00e9lulas no peque\u00f1as (CPNM) localmente avanzado o metast\u00e1sico con mutaciones activadoras del receptor del factor de crecimiento epid\u00e9rmico (EGFRm) (deleci\u00f3n del ex\u00f3n 19 o sustituci\u00f3n del ex\u00f3n 21 (L858R)).<\/p>\n<p>Estos resultados se han presentado durante el simposio presidencial de la Conferencia Mundial sobre el C\u00e1ncer de Pulm\u00f3n (WCLC, por sus siglas en ingl\u00e9s) organizada por la Asociaci\u00f3n Internacional para el Estudio del C\u00e1ncer de Pulm\u00f3n (IASLC) en Barcelona, Espa\u00f1a (resumen #PL02.06).<\/p>\n<p>En el an\u00e1lisis final de SG, el tratamiento m\u00e1s quimioterapia mostr\u00f3 una mediana de SG de casi cuatro a\u00f1os (47,5 meses) en comparaci\u00f3n con aproximadamente tres a\u00f1os (37,6 meses) con el mismo f\u00e1rmaco en monoterapia. Con una madurez de datos del 57%, los resultados mostraron que, sumado a la quimioterapia, redujo el riesgo de muerte en un 23% en comparaci\u00f3n con la monoterapia (basado en un Hazard Ratio [HR] de 0,77; intervalo de confianza [IC] del 95%: 0,61-0,96; p = 0,0202). El 63,1% de los pacientes tratados con la combinaci\u00f3n estaban vivos a los tres a\u00f1os y el 49,1% de los pacientes estaban vivos a los cuatro a\u00f1os en comparaci\u00f3n con el 50,9% y el 40,8%, respectivamente, en el brazo de monoterapia. Es importante destacar que el beneficio observado en la SG del tratamiento m\u00e1s quimioterapia versus monoterapia fue consistente en todos los subgrupos preespecificados. Los pacientes del grupo control recibieron atenci\u00f3n est\u00e1ndar, incluida quimioterapia al momento de la progresi\u00f3n, lo que respalda la relevancia de los resultados de la SG.<\/p>\n<p><strong>David Planchard, MD, PhD, <\/strong>onc\u00f3logo tor\u00e1cico en el Instituto de Oncolog\u00eda Gustave Roussy en Villejuif, Francia, e investigador principal del ensayo, dijo: \u00abLos objetivos fundamentales del tratamiento del c\u00e1ncer de pulm\u00f3n son extender la supervivencia y mantener la calidad de vida de los pacientes. Estos resultados muestran que esta combinaci\u00f3n puede lograr ambos objetivos y respaldar este tratamiento, con la adici\u00f3n de quimioterapia, como opci\u00f3n de tratamiento para pacientes con c\u00e1ncer de pulm\u00f3n avanzado con mutaci\u00f3n EGFR en 1.\u00aa l\u00ednea. Con varias opciones de tratamiento, los m\u00e9dicos pueden adaptar mejor el tratamiento a las necesidades individuales y ayudar a garantizar el mejor resultado posible para cada paciente\u00bb.<\/p>\n<p> &#13;<\/p>\n<p><strong>Susan Galbraith, <\/strong>vicepresidenta ejecutiva de investigaci\u00f3n y desarrollo de Oncolog\u00eda y Hematolog\u00eda de AstraZeneca, dijo: \u00abLos \u00faltimos resultados de los ensayos de FLAURA2 establecen un nuevo est\u00e1ndar de supervivencia para los pacientes, con el f\u00e1rmaco con la adici\u00f3n de quimioterapia mostrando una mediana de supervivencia general de casi cuatro a\u00f1os en c\u00e1ncer de pulm\u00f3n avanzado con mutaci\u00f3n EGFR en primera l\u00ednea, superando la anterior marca en tres a\u00f1os establecida en el ensayo FLAURA. Durante la \u00faltima d\u00e9cada, este tratamiento ha ofrecido beneficios en supervivencia y seguridad en todas las etapas del c\u00e1ncer de pulm\u00f3n de c\u00e9lulas no peque\u00f1as, consolidando su papel como una opci\u00f3n de tratamiento en c\u00e1ncer de pulm\u00f3n con mutaci\u00f3n EGFR\u00bb.<\/p>\n<p><strong>Laura Col\u00f3n,<\/strong> directora de oncolog\u00eda de AstraZeneca Espa\u00f1a, se\u00f1al\u00f3 que \u00aben AstraZeneca estamos comprometidos en cronificar o curar el c\u00e1ncer y eliminarlo como causa de muerte. Estos resultados muestran nuestra ambici\u00f3n de encontrar nuevas alternativas de tratamiento para pacientes en entornos especialmente complejos, como es el c\u00e1ncer de pulm\u00f3n no microc\u00edtico con mutaci\u00f3n EGFR. Este hito se une a la reciente aprobaci\u00f3n, en agosto, de dos indicaciones de este f\u00e1rmaco en Espa\u00f1a, para el tratamiento de pacientes adultos con CPNM localmente avanzado, irresecable que presenta mutaciones activadoras del EGFR (deleci\u00f3n del ex\u00f3n 19 o sustituci\u00f3n del ex\u00f3n 21 (L858R)) y cuya enfermedad no ha progresado durante o despu\u00e9s de quimiorradioterapia basada en platino, o en combinaci\u00f3n con pemetrexed y quimioterapia basada en platino, para el tratamiento de primera l\u00ednea de pacientes adultos con CPNM avanzado que presenta mutaciones activadoras del EGFR (deleci\u00f3n del ex\u00f3n 19 o sustituci\u00f3n del ex\u00f3n 21 [L858R])\u00bb.<\/p>\n","protected":false},"excerpt":{"rendered":"Los resultados positivos del an\u00e1lisis final de supervivencia global (SG) del ensayo de fase III de FLAURA2 mostraron&hellip;\n","protected":false},"author":2,"featured_media":106813,"comment_status":"","ping_status":"","sticky":false,"template":"","format":"standard","meta":{"footnotes":""},"categories":[92],"tags":[36946,11922,18049,21755,7770,1066,4340,2245,32805,36950,2053,25,24,4521,32808,1080,3575,165,16745,14240,36949,3265,1156,1070,4650,36945,1817,36947,36948,11817,11120,1078,3256,4298,885,166,23,1064],"class_list":{"0":"post-106812","1":"post","2":"type-post","3":"status-publish","4":"format-standard","5":"has-post-thumbnail","7":"category-salud","8":"tag-adicion","9":"tag-analiza","10":"tag-astrazeneca","11":"tag-avanzado","12":"tag-basada","13":"tag-cancer","14":"tag-compania","15":"tag-conferencia","16":"tag-cpnm","17":"tag-egfrm","18":"tag-ensayo","19":"tag-es","20":"tag-espana","21":"tag-fase","22":"tag-flaura","23":"tag-ha","24":"tag-han","25":"tag-health","26":"tag-iii","27":"tag-linea","28":"tag-localmente","29":"tag-metastasico","30":"tag-muestra","31":"tag-mundial","32":"tag-mutaciones","33":"tag-osimertinib","34":"tag-pacientes","35":"tag-pemetrexed","36":"tag-platino","37":"tag-positivos","38":"tag-presentado","39":"tag-primera","40":"tag-pulmon","41":"tag-quimioterapia","42":"tag-resultados","43":"tag-salud","44":"tag-spain","45":"tag-tratamiento"},"share_on_mastodon":{"url":"","error":""},"_links":{"self":[{"href":"https:\/\/www.europesays.com\/es\/wp-json\/wp\/v2\/posts\/106812","targetHints":{"allow":["GET"]}}],"collection":[{"href":"https:\/\/www.europesays.com\/es\/wp-json\/wp\/v2\/posts"}],"about":[{"href":"https:\/\/www.europesays.com\/es\/wp-json\/wp\/v2\/types\/post"}],"author":[{"embeddable":true,"href":"https:\/\/www.europesays.com\/es\/wp-json\/wp\/v2\/users\/2"}],"replies":[{"embeddable":true,"href":"https:\/\/www.europesays.com\/es\/wp-json\/wp\/v2\/comments?post=106812"}],"version-history":[{"count":0,"href":"https:\/\/www.europesays.com\/es\/wp-json\/wp\/v2\/posts\/106812\/revisions"}],"wp:featuredmedia":[{"embeddable":true,"href":"https:\/\/www.europesays.com\/es\/wp-json\/wp\/v2\/media\/106813"}],"wp:attachment":[{"href":"https:\/\/www.europesays.com\/es\/wp-json\/wp\/v2\/media?parent=106812"}],"wp:term":[{"taxonomy":"category","embeddable":true,"href":"https:\/\/www.europesays.com\/es\/wp-json\/wp\/v2\/categories?post=106812"},{"taxonomy":"post_tag","embeddable":true,"href":"https:\/\/www.europesays.com\/es\/wp-json\/wp\/v2\/tags?post=106812"}],"curies":[{"name":"wp","href":"https:\/\/api.w.org\/{rel}","templated":true}]}}