{"id":106816,"date":"2025-09-11T02:06:09","date_gmt":"2025-09-11T02:06:09","guid":{"rendered":"https:\/\/www.europesays.com\/es\/106816\/"},"modified":"2025-09-11T02:06:09","modified_gmt":"2025-09-11T02:06:09","slug":"en-espana-no-habra-restricciones-de-nacionalidad-ni-edad","status":"publish","type":"post","link":"https:\/\/www.europesays.com\/es\/106816\/","title":{"rendered":"En Espa\u00f1a, no habr\u00e1 restricciones de nacionalidad ni edad"},"content":{"rendered":"<p><b>Buenas noticias para toda Espa\u00f1a<\/b>. La Administraci\u00f3n Nacional de Aeron\u00e1utica y del Espacio (<b>NASA<\/b>, por sus siglas en ingl\u00e9s) ha abierto recientemente la convocatoria global para que<b> <\/b>cualquier individuo <b>pueda registrar su nombre y formar parte de la misi\u00f3n Artemis II, un viaje de la Luna prevista para 2026<\/b>. Eso s\u00ed, no m\u00e1s tarde de abril. <\/p>\n<p>Al parecer, es un paso determinante para preparar el regreso de humanos a la superficie lunar y futuras misiones a Marte. Y eso se tiene que celebrar como se merece. <b>De ah\u00ed que la agencia espacial estadounidense haya lanzado &#8216;Send Your Name with Artemis&#8217;<\/b>. <\/p>\n<p>En profundidad<\/p>\n<p>\u00bf<b>Y qu\u00e9 es<\/b>? Pues bien, se trata de una iniciativa con la que la NASA posibilita que los nombres de participantes a nivel mundial se adentren de manera simb\u00f3lica con la tripulaci\u00f3n, junto a los astronautas de la NASA Reid Wiseman, Victor Glover, Christina Koch y el astronauta de la CSA (Agencia Espacial Canadiense) Jeremy Hansen.<\/p>\n<p><b>Los nombres recopilados<\/b>, conviene se\u00f1alar,<b> se incluir\u00e1n en una tarjeta de memoria SD que ser\u00e1 cargada a bordo de Orion antes del lanzamiento<\/b>. A cambio, <b>los participantes pueden descargar una tarjeta de embarque con su nombre como un recuerdo coleccionable<\/b>.<\/p>\n<p>Procedimiento<\/p>\n<p>Para a\u00f1adir tu nombre y recibir una tarjeta de embarque en espa\u00f1ol, debes visitar el siguiente sitio web (<a rel=\"nofollow noopener\" href=\"https:\/\/www3.nasa.gov\/envia-tu-nombre-con-artemis\/\" target=\"_blank\">consultar aqu\u00ed<\/a>). Eso s\u00ed, para a\u00f1adir tu nombre y recibir una tarjeta de embarque en ingl\u00e9s, consulta <a rel=\"nofollow noopener\" href=\"https:\/\/www3.nasa.gov\/send-your-name-with-artemis\/\" target=\"_blank\">el pr\u00f3ximo portal web<\/a>. <b>Debes realizarlo antes del 21 de enero<\/b>. <\/p>\n<p>El procedimiento es muy sencillo. Tras completar el registro y generar un PIN personal, ser\u00e1 posible descargar una tarjeta en formato digital de &#8216;pase de abordaje&#8217; que certifica la participaci\u00f3n. Ahora bien, <b>este c\u00f3digo es \u00fanico y sirve como un acceso exclusivo<\/b>. <\/p>\n<p>A tener en cuenta<\/p>\n<p>Por suerte, <b>no existen restricciones por nacionalidad y la invitaci\u00f3n est\u00e1 dirigida a toda la poblaci\u00f3n mundial, sin limite de edad ni requisitos adicionales<\/b>. Esto ha hecho que tenga una gran acogida en redes sociales, sobre todo entre usuarios de &#8216;X&#8217; (antes Twitter) <\/p>\n<p>\u00abArtemis?II es un vuelo de prueba clave en nuestro esfuerzo por enviar de nuevo a seres humanos a la superficie de la Luna y desarrollar futuras misiones a Marte. <b>Tambi\u00e9n es una oportunidad para inspirar a personas de todo el mundo y darles la oportunidad de acompa\u00f1arnos <\/b>mientras lideramos el camino en la exploraci\u00f3n humana hacia lugares m\u00e1s profundos en el espacio\u00bb, ha manifestado de manera contundente <b>Lori Glaze<\/b>, administradora asociada interina en la Direcci\u00f3n de Misiones de Desarrollo de Sistemas de Exploraci\u00f3n en la sede central de la NASA en Washington.<\/p>\n<p>WhatsApp<a href=\"https:\/\/api.whatsapp.com\/send?text=https:\/\/www.eleconomista.es\/actualidad\/noticias\/13539759\/09\/25\/la-nasa-pide-que-nos-preparemos-ante-lo-que-esta-por-venir-en-2026-en-espana-no-habra-restricciones-de-nacionalidad-ni-edad.html?utm_source%3Dwhatsapp%26utm_medium%3Dshare_button&amp;id=1648118629957_whatsapp\" target=\"_blank\" data-action=\"share\/whatsapp\/share\" aria-label=\"Compartir en Whatsapp\" rel=\"nofollow noopener\"><\/a>Facebook<a id=\"fb-share\" href=\"#\" target=\"_blank\" rel=\"noopener noreferrer\" aria-label=\"Compartir en Facebook\"><\/a>Twitter<a href=\"https:\/\/twitter.com\/share?text=La+NASA+pide+que+nos+preparemos+ante+lo+que+est%C3%A1+por+venir+en+2026%3A+%22En+Espa%C3%B1a%2C+no+habr%C3%A1+restricciones+de+nacionalidad+ni+edad%22&amp;url=https:\/\/www.eleconomista.es\/actualidad\/noticias\/13539759\/09\/25\/la-nasa-pide-que-nos-preparemos-ante-lo-que-esta-por-venir-en-2026-en-espana-no-habra-restricciones-de-nacionalidad-ni-edad.html&amp;via=elEconomistaes&amp;id=1648118839245_twitter\" target=\"_blank\" aria-label=\"Compartir en Twitter\" rel=\"nofollow noopener\"><\/a>Linkedin<a href=\"https:\/\/linkedin.com\/share?text=https:\/\/www.eleconomista.es\/actualidad\/noticias\/13539759\/09\/25\/la-nasa-pide-que-nos-preparemos-ante-lo-que-esta-por-venir-en-2026-en-espana-no-habra-restricciones-de-nacionalidad-ni-edad.html&amp;via=elEconomistaes\" target=\"_blank\" aria-label=\"Compartir en linkedin\" rel=\"nofollow noopener\"><\/a>Beloud<a href=\"https:\/\/beloud.com\/share?text=La+NASA+pide+que+nos+preparemos+ante+lo+que+est%C3%A1+por+venir+en+2026%3A+%22En+Espa%C3%B1a%2C+no+habr%C3%A1+restricciones+de+nacionalidad+ni+edad%22&amp;url=https:\/\/www.eleconomista.es\/actualidad\/noticias\/13539759\/09\/25\/la-nasa-pide-que-nos-preparemos-ante-lo-que-esta-por-venir-en-2026-en-espana-no-habra-restricciones-de-nacionalidad-ni-edad.html&amp;via=elEconomistaes&amp;id=1648118839245_beloud\" target=\"_blank\" aria-label=\"Compartir en beloud\" rel=\"nofollow noopener\"><\/a>Bluesky<a href=\"https:\/\/bsky.app\/intent\/compose?text=https:\/\/bsky.app\/intent\/compose?text=https:\/\/www.eleconomista.es\/actualidad\/noticias\/13539759\/09\/25\/la-nasa-pide-que-nos-preparemos-ante-lo-que-esta-por-venir-en-2026-en-espana-no-habra-restricciones-de-nacionalidad-ni-edad.html&amp;url=https:\/\/www.eleconomista.es\/actualidad\/noticias\/13539759\/09\/25\/la-nasa-pide-que-nos-preparemos-ante-lo-que-esta-por-venir-en-2026-en-espana-no-habra-restricciones-de-nacionalidad-ni-edad.html&amp;via=elEconomistaes&amp;id=1648118839245_bluesky\" target=\"_blank\" aria-label=\"Compartir en bluesky\" rel=\"nofollow noopener\"><\/a><\/p>\n<p><script async src=\"https:\/\/platform.twitter.com\/widgets.js\" charset=\"utf-8\"><\/script><\/p>\n","protected":false},"excerpt":{"rendered":"Buenas noticias para toda Espa\u00f1a. La Administraci\u00f3n Nacional de Aeron\u00e1utica y del Espacio (NASA, por sus siglas en&hellip;\n","protected":false},"author":2,"featured_media":106817,"comment_status":"","ping_status":"","sticky":false,"template":"","format":"standard","meta":{"footnotes":""},"categories":[81],"tags":[517,119,123,124,25,24,117,121,122,23,118,120],"class_list":{"0":"post-106816","1":"post","2":"type-post","3":"status-publish","4":"format-standard","5":"has-post-thumbnail","7":"category-ciencia-y-tecnologia","8":"tag-actualidad","9":"tag-ciencia","10":"tag-ciencia-y-tecnologia","11":"tag-cienciaytecnologia","12":"tag-es","13":"tag-espana","14":"tag-science","15":"tag-science-and-technology","16":"tag-scienceandtechnology","17":"tag-spain","18":"tag-technology","19":"tag-tecnologia"},"share_on_mastodon":{"url":"","error":""},"_links":{"self":[{"href":"https:\/\/www.europesays.com\/es\/wp-json\/wp\/v2\/posts\/106816","targetHints":{"allow":["GET"]}}],"collection":[{"href":"https:\/\/www.europesays.com\/es\/wp-json\/wp\/v2\/posts"}],"about":[{"href":"https:\/\/www.europesays.com\/es\/wp-json\/wp\/v2\/types\/post"}],"author":[{"embeddable":true,"href":"https:\/\/www.europesays.com\/es\/wp-json\/wp\/v2\/users\/2"}],"replies":[{"embeddable":true,"href":"https:\/\/www.europesays.com\/es\/wp-json\/wp\/v2\/comments?post=106816"}],"version-history":[{"count":0,"href":"https:\/\/www.europesays.com\/es\/wp-json\/wp\/v2\/posts\/106816\/revisions"}],"wp:featuredmedia":[{"embeddable":true,"href":"https:\/\/www.europesays.com\/es\/wp-json\/wp\/v2\/media\/106817"}],"wp:attachment":[{"href":"https:\/\/www.europesays.com\/es\/wp-json\/wp\/v2\/media?parent=106816"}],"wp:term":[{"taxonomy":"category","embeddable":true,"href":"https:\/\/www.europesays.com\/es\/wp-json\/wp\/v2\/categories?post=106816"},{"taxonomy":"post_tag","embeddable":true,"href":"https:\/\/www.europesays.com\/es\/wp-json\/wp\/v2\/tags?post=106816"}],"curies":[{"name":"wp","href":"https:\/\/api.w.org\/{rel}","templated":true}]}}