{"id":106844,"date":"2025-09-11T02:29:14","date_gmt":"2025-09-11T02:29:14","guid":{"rendered":"https:\/\/www.europesays.com\/es\/106844\/"},"modified":"2025-09-11T02:29:14","modified_gmt":"2025-09-11T02:29:14","slug":"su-hija-cuenta-la-verdad-sobre-su-estado","status":"publish","type":"post","link":"https:\/\/www.europesays.com\/es\/106844\/","title":{"rendered":"su hija cuenta la verdad sobre su estado"},"content":{"rendered":"<p data-start=\"109\" data-end=\"727\"><strong>Jos\u00e9 Luis Gil<\/strong>, el recordado Juan Cuesta de la serie Aqu\u00ed no hay quien viva, atraviesa uno de los momentos m\u00e1s delicados de su vida tras <a href=\"https:\/\/okdiario.com\/look\/actualidad\/irene-gil-hija-del-actor-jose-luis-gil-despeja-rumores-sobre-bajon-salud-padre-2326823\" rel=\"nofollow noopener\" target=\"_blank\">sufrir un ictus isqu\u00e9mico en 2021 que lo ha mantenido alejado del foco p\u00fablico<\/a>. Desde entonces, el actor ha centrado todos sus esfuerzos en su recuperaci\u00f3n, apoyado incondicionalmente por su familia. Su hija,<strong> Irene Gil<\/strong>, se ha convertido en la voz de la familia, informando regularmente sobre la evoluci\u00f3n de su padre a trav\u00e9s de redes sociales y, en esta ocasi\u00f3n, visitando el plat\u00f3 del programa Y ahora Sonsoles para ofrecer un testimonio en directo sobre su estado de salud.<\/p>\n<p data-start=\"729\" data-end=\"1217\">Irene recuerda aquel d\u00eda como un aut\u00e9ntico shock. <strong>\u00abA partir de ah\u00ed, ya nada es igual\u00bb<\/strong>, ha confesado emocionada. El ictus no solo cambi\u00f3 la vida de Jos\u00e9 Luis Gil, sino tambi\u00e9n la din\u00e1mica familiar. Su hija destaca que, tras el diagn\u00f3stico, toda la familia se volc\u00f3 en su cuidado, convirti\u00e9ndose en el pilar fundamental de su recuperaci\u00f3n. Desde entonces, Jos\u00e9 Luis vive con su mujer y su hija, recibiendo constantes cuidados y atenci\u00f3n para afrontar los desaf\u00edos que su enfermedad ha dejado.<\/p>\n<p>\n<img decoding=\"async\" loading=\"lazy\" class=\"size-full wp-image-2376410\" alt=\"Irene Gil en 'Y ahora Sonsoles'. (Foto: Gtres)\" width=\"1800\" height=\"1007\"  src=\"https:\/\/www.europesays.com\/es\/wp-content\/uploads\/2025\/09\/1757554452_849_placeholder.jpg\"  bad-src=\"https:\/\/www.europesays.com\/es\/wp-content\/uploads\/2025\/09\/1757554452_849_placeholder.jpg\"\/><\/p>\n<p><img decoding=\"async\" loading=\"lazy\" class=\"size-full wp-image-2376410\" src=\"https:\/\/www.europesays.com\/es\/wp-content\/uploads\/2025\/09\/captura-de-pantalla-2025-09-10-194243.jpg\" alt=\"Irene Gil en 'Y ahora Sonsoles'. (Foto: Gtres)\" width=\"1800\" height=\"1007\"  \/><\/p>\n<p> Irene Gil en \u2018Y ahora Sonsoles\u2019. (Foto: Gtres)\n<\/p>\n<p data-start=\"1219\" data-end=\"1865\">Uno de los problemas m\u00e1s significativos que enfrenta el actor es la <strong>afasia<\/strong>, una dificultad severa para comunicarse. Para alguien cuya carrera se ha basado en la palabra y la interpretaci\u00f3n, esta limitaci\u00f3n resulta especialmente dolorosa. Irene se\u00f1ala que su padre es plenamente consciente de la situaci\u00f3n, lo que hace que los d\u00edas dif\u00edciles sean todav\u00eda m\u00e1s duros: \u00abEl mayor problema que tiene es la afasia. Para una persona que viv\u00eda de hablar, no poder comunicarse es muy duro\u00bb, explica. La familia, sin embargo, ha encontrado maneras de adaptarse y de ofrecerle apoyo constante para que no pierda la motivaci\u00f3n en su proceso de recuperaci\u00f3n.<\/p>\n<p data-start=\"1867\" data-end=\"2317\">El regreso de Jos\u00e9 Luis Gil a los escenarios es todav\u00eda una inc\u00f3gnita. Irene confiesa que hay d\u00edas en los que duda sobre si su padre podr\u00e1 volver a trabajar: <strong>\u00abHay d\u00edas que pienso que mi padre no va a volver a trabajar, pero todo es incertidumbre\u00bb<\/strong>. La situaci\u00f3n refleja la complejidad de la recuperaci\u00f3n tras un ictus de este tipo, donde la paciencia y la constancia son claves, y los avances se producen de manera progresiva y, en ocasiones, lenta.<\/p>\n<blockquote class=\"instagram-media\" style=\"background: #FFF; border: 0; border-radius: 3px; box-shadow: 0 0 1px 0 rgba(0,0,0,0.5),0 1px 10px 0 rgba(0,0,0,0.15); margin: 1px; max-width: 540px; min-width: 326px; padding: 0; width: calc(100% - 2px);\" data-instgrm-captioned=\"\" data-instgrm-permalink=\"https:\/\/www.instagram.com\/p\/DDB09AMCPdd\/?utm_source=ig_embed&amp;utm_campaign=loading\" data-instgrm-version=\"14\">\n<\/blockquote>\n<p data-start=\"2319\" data-end=\"2839\">Durante la entrevista, Irene ha subrayado tambi\u00e9n la importancia del apoyo familiar y de la red cercana para sobrellevar una situaci\u00f3n tan complicada. La fuerza y el cari\u00f1o de su familia han sido determinantes para que Jos\u00e9 Luis mantenga la esperanza y la motivaci\u00f3n en su d\u00eda a d\u00eda. Adem\u00e1s, la presencia de su hija en medios de comunicaci\u00f3n no solo ofrece transparencia sobre su evoluci\u00f3n, sino que tambi\u00e9n sirve para visibilizar las dificultades que enfrentan muchas familias cuando un ser querido atraviesa una enfermedad grave.<\/p>\n<p>Jos\u00e9 Luis Gil\u00a0<a href=\"https:\/\/okdiario.com\/look\/actualidad\/deseo-petra-martinez-jose-luis-gil-recuperacion-ictus-2216334\" rel=\"nofollow noopener\" target=\"_blank\">ingres\u00f3 en la UCI del hospital Nuestra Se\u00f1ora del Rosario, en Madrid, el 4 de noviembre de 2021<\/a>, tras sufrir un ictus isqu\u00e9mico agudo hemisf\u00e9rico izquierdo<strong>.<\/strong> All\u00ed, el actor permaneci\u00f3 m\u00e1s de veinte d\u00edas. Concretamente, hasta el 1 de diciembre de ese a\u00f1o, cuando, Mediaset inform\u00f3, a trav\u00e9s de un comunicado escrito por su familia, de que Gil se encontraba ya en su domicilio, inmerso en la pertinente rehabilitaci\u00f3n tras el achaque de salud. \u00ab<strong>La familia de Jos\u00e9 Luis Gil agradece la profesionalidad y la calidad humana<\/strong>\u00a0desempe\u00f1ada por el todo equipo de la cl\u00ednica madrile\u00f1a en su intervenci\u00f3n e ingreso. Conf\u00edan en que la\u00a0<strong>rehabilitaci\u00f3n,<\/strong> el tiempo y el acompa\u00f1amiento ayuden a su pronta y total recuperaci\u00f3n\u00bb, rezaba el escrito.<\/p>\n<p>\t\t\t\t\t\t\t<script async src=\"\/\/www.instagram.com\/embed.js\"><\/script><\/p>\n","protected":false},"excerpt":{"rendered":"Jos\u00e9 Luis Gil, el recordado Juan Cuesta de la serie Aqu\u00ed no hay quien viva, atraviesa uno de&hellip;\n","protected":false},"author":2,"featured_media":106845,"comment_status":"","ping_status":"","sticky":false,"template":"","format":"standard","meta":{"footnotes":""},"categories":[91],"tags":[146,147,25,24,36960,23],"class_list":{"0":"post-106844","1":"post","2":"type-post","3":"status-publish","4":"format-standard","5":"has-post-thumbnail","7":"category-entretenimiento","8":"tag-entertainment","9":"tag-entretenimiento","10":"tag-es","11":"tag-espana","12":"tag-jose-luis-gil","13":"tag-spain"},"share_on_mastodon":{"url":"","error":""},"_links":{"self":[{"href":"https:\/\/www.europesays.com\/es\/wp-json\/wp\/v2\/posts\/106844","targetHints":{"allow":["GET"]}}],"collection":[{"href":"https:\/\/www.europesays.com\/es\/wp-json\/wp\/v2\/posts"}],"about":[{"href":"https:\/\/www.europesays.com\/es\/wp-json\/wp\/v2\/types\/post"}],"author":[{"embeddable":true,"href":"https:\/\/www.europesays.com\/es\/wp-json\/wp\/v2\/users\/2"}],"replies":[{"embeddable":true,"href":"https:\/\/www.europesays.com\/es\/wp-json\/wp\/v2\/comments?post=106844"}],"version-history":[{"count":0,"href":"https:\/\/www.europesays.com\/es\/wp-json\/wp\/v2\/posts\/106844\/revisions"}],"wp:featuredmedia":[{"embeddable":true,"href":"https:\/\/www.europesays.com\/es\/wp-json\/wp\/v2\/media\/106845"}],"wp:attachment":[{"href":"https:\/\/www.europesays.com\/es\/wp-json\/wp\/v2\/media?parent=106844"}],"wp:term":[{"taxonomy":"category","embeddable":true,"href":"https:\/\/www.europesays.com\/es\/wp-json\/wp\/v2\/categories?post=106844"},{"taxonomy":"post_tag","embeddable":true,"href":"https:\/\/www.europesays.com\/es\/wp-json\/wp\/v2\/tags?post=106844"}],"curies":[{"name":"wp","href":"https:\/\/api.w.org\/{rel}","templated":true}]}}