{"id":106857,"date":"2025-09-11T02:39:08","date_gmt":"2025-09-11T02:39:08","guid":{"rendered":"https:\/\/www.europesays.com\/es\/106857\/"},"modified":"2025-09-11T02:39:08","modified_gmt":"2025-09-11T02:39:08","slug":"donald-trump-describe-a-carlos-alcaraz-a-su-modo-y-sorprende-a-todos","status":"publish","type":"post","link":"https:\/\/www.europesays.com\/es\/106857\/","title":{"rendered":"Donald Trump describe a Carlos Alcaraz a su modo y sorprende a todos"},"content":{"rendered":"<p>El <b>US Open<\/b> de este a\u00f1o tuvo un protagonista inesperado m\u00e1s all\u00e1 de la pista. <b>Donald Trump<\/b>, expresidente de los <b>Estados Unidos<\/b> y figura siempre rodeada de pol\u00e9mica, acapar\u00f3 titulares durante el torneo. Su presencia en la<a title=\" final que enfrent\u00f3 a Carlos Alcaraz y Jannik Sinner\" href=\"https:\/\/www.larazon.es\/deportes\/tenis\/alcaraz-sinner-directo-hoy-final-open-2025-vivo_2025090768bda409ee9f0221df439a94.html\" target=\"_blank\" rel=\"nofollow noopener\"> final que enfrent\u00f3 a Carlos Alcaraz y Jannik Sinner<\/a> no pas\u00f3 desapercibida, generando reacciones encontradas tanto dentro como fuera del estadio.<\/p>\n<p>La secuencia comenz\u00f3 d\u00edas antes, cuando a <b>Alcaraz <\/b>le preguntaron en una de sus ruedas de prensa por <b>Trump<\/b>. El espa\u00f1ol respondi\u00f3 con naturalidad, sin darle mayor importancia, como corresponde a un tenista que prefiere centrarse en el juego antes que en la pol\u00edtica. \u00ab\u00bbIntentar\u00e9 no pensar en ello. No quiero ponerme nervioso. Es fant\u00e1stico para el tenis que el presidente de Estados Unidos est\u00e9 en la final\u00bb, dijo.<\/p>\n<p>Sin embargo, la pregunta no era gratuita: ya se especulaba que el expresidente podr\u00eda asistir a la final si el joven murciano lograba clasificarse. Y as\u00ed fue. El duelo entre <b>Alcaraz <\/b>y <b>Sinner<\/b>, dos de los mejores del circuito actual, <a title=\"se convirti\u00f3 en el escenario elegido por Trump para dejarse ver\" href=\"https:\/\/www.larazon.es\/deportes\/tenis\/gana-alcaraz-sinner-camaras-enfocan-que-hace-donald-trump_2025090868be70f348f6ec2c3d17fcb0.html\" target=\"_blank\" rel=\"nofollow noopener\">se convirti\u00f3 en el escenario elegido por Trump para dejarse ver<\/a>.<\/p>\n<p>Abucehos a Donald Trump<\/p>\n<p>El aterrizaje del magnate en el estadio <b>Arthur Ashe <\/b>no fue precisamente discreto. Como suele suceder con figuras de su calibre, el despliegue de seguridad fue masivo. Agentes, controles y un protocolo minucioso acompa\u00f1aron su llegada, lo que termin\u00f3 provocando que el inicio del encuentro se retrasara . Este hecho encendi\u00f3 los \u00e1nimos del p\u00fablico, que reaccion\u00f3 con abucheos. Una parte de los asistentes interpret\u00f3 aquel retraso como una muestra de protagonismo innecesario y no dud\u00f3 en manifestar su descontento.<\/p>\n<p>M\u00e1s all\u00e1 del incidente, <b>Trump <\/b>se instal\u00f3 en el palco y sigui\u00f3 con atenci\u00f3n el pulso ten\u00edstico entre <b>Alcaraz <\/b>y <b>Sinner<\/b>. El choque no defraud\u00f3: fue un partido intenso, en el que ambos desplegaron su mejor versi\u00f3n. Sobre todo, el espa\u00f1ol, que ha conseguido superar a <b>Sinner<\/b>. El expresidente, habitual asistente a este torneo en el pasado, se mostr\u00f3 entusiasmado con lo que presenci\u00f3.<\/p>\n<p>Donald Trump, encantado<\/p>\n<p>Ahora ha hablado sobre lo que vio: \u201cEl partido fue un duelo m\u00e1s entre <b>los dos mejores tenistas del mundo<\/b>. Me encant\u00f3. Lo primero,<b> los dos jugadores tienen un talento incre\u00edble<\/b>. Parece que le pegan a la bola m\u00e1s duro de lo que yo hab\u00eda visto, un talento incre\u00edble. Y lo disfrut\u00e9\u201d, dijo, con buen humor y de manera positiva, cuando se esperaba otra cosa.<\/p>\n<p><b>Trump<\/b> subray\u00f3 que hac\u00eda tiempo que no acud\u00eda con tanta frecuencia al torneo, pero que hab\u00eda vuelto a vivir la experiencia con agrado. \u201cAntes iba siempre\u00bb.<\/p>\n<p>Respecto a los abucheos, <b>Trump <\/b>trat\u00f3 de restarles importancia con un discurso conciliador. \u201cLa afici\u00f3n fue muy amable. No sab\u00eda qu\u00e9 esperar. Normalmente, se dir\u00eda que era un p\u00fablico algo progresista, como dicen hoy en d\u00eda\u201d, se\u00f1al\u00f3. Con ello, insinuaba que no ten\u00eda claro c\u00f3mo iba a ser recibido en un entorno que tradicionalmente se percibe como m\u00e1s cercano a posturas liberales. Aun as\u00ed, se mostr\u00f3 sorprendido positivamente y prefiri\u00f3 remarcar la cordialidad por encima de los gestos de desaprobaci\u00f3n.<\/p>\n<p>Lo cierto es que su asistencia a\u00f1adi\u00f3 una capa de espect\u00e1culo extra a una final ya de por s\u00ed muy esperada. <b>Alcaraz <\/b>y <b>Sinner <\/b>protagonizaron un nuevo pulso en un duelo que est\u00e1 marcando la historia del tenis. <b>Trump <\/b>dej\u00f3 atr\u00e1s la pol\u00e9mica y decidi\u00f3 destacar el talento en la cancha y la emoci\u00f3n del partido.<\/p>\n","protected":false},"excerpt":{"rendered":"El US Open de este a\u00f1o tuvo un protagonista inesperado m\u00e1s all\u00e1 de la pista. Donald Trump, expresidente&hellip;\n","protected":false},"author":2,"featured_media":106858,"comment_status":"","ping_status":"","sticky":false,"template":"","format":"standard","meta":{"footnotes":""},"categories":[274],"tags":[168,25,24,23,167,327,326],"class_list":{"0":"post-106857","1":"post","2":"type-post","3":"status-publish","4":"format-standard","5":"has-post-thumbnail","7":"category-tenis","8":"tag-deportes","9":"tag-es","10":"tag-espana","11":"tag-spain","12":"tag-sports","13":"tag-tenis","14":"tag-tennis"},"share_on_mastodon":{"url":"","error":""},"_links":{"self":[{"href":"https:\/\/www.europesays.com\/es\/wp-json\/wp\/v2\/posts\/106857","targetHints":{"allow":["GET"]}}],"collection":[{"href":"https:\/\/www.europesays.com\/es\/wp-json\/wp\/v2\/posts"}],"about":[{"href":"https:\/\/www.europesays.com\/es\/wp-json\/wp\/v2\/types\/post"}],"author":[{"embeddable":true,"href":"https:\/\/www.europesays.com\/es\/wp-json\/wp\/v2\/users\/2"}],"replies":[{"embeddable":true,"href":"https:\/\/www.europesays.com\/es\/wp-json\/wp\/v2\/comments?post=106857"}],"version-history":[{"count":0,"href":"https:\/\/www.europesays.com\/es\/wp-json\/wp\/v2\/posts\/106857\/revisions"}],"wp:featuredmedia":[{"embeddable":true,"href":"https:\/\/www.europesays.com\/es\/wp-json\/wp\/v2\/media\/106858"}],"wp:attachment":[{"href":"https:\/\/www.europesays.com\/es\/wp-json\/wp\/v2\/media?parent=106857"}],"wp:term":[{"taxonomy":"category","embeddable":true,"href":"https:\/\/www.europesays.com\/es\/wp-json\/wp\/v2\/categories?post=106857"},{"taxonomy":"post_tag","embeddable":true,"href":"https:\/\/www.europesays.com\/es\/wp-json\/wp\/v2\/tags?post=106857"}],"curies":[{"name":"wp","href":"https:\/\/api.w.org\/{rel}","templated":true}]}}