{"id":106859,"date":"2025-09-11T02:40:10","date_gmt":"2025-09-11T02:40:10","guid":{"rendered":"https:\/\/www.europesays.com\/es\/106859\/"},"modified":"2025-09-11T02:40:10","modified_gmt":"2025-09-11T02:40:10","slug":"lavuelta-recorta-a-12-kilometros-la-contrarreloj-de-valladolid-por-seguridad","status":"publish","type":"post","link":"https:\/\/www.europesays.com\/es\/106859\/","title":{"rendered":"LaVuelta recorta a 12 kil\u00f3metros la contrarreloj de Valladolid \u00abpor seguridad\u00bb"},"content":{"rendered":"<p>Poco dura la normalidad en la Vuelta a Espa\u00f1a. Si esta tarde, por primera vez en varios d\u00edas, se ha podido disputar una etapa sin excesivos contratiempos, ma\u00f1ana vuelve el estado de excepci\u00f3n a la carrera ante el temor de que nuevas acciones de protesta deriven en un problema de log\u00edstica y, tambi\u00e9n, de seguridad para los ciclistas.<\/p>\n<p>Esta vez, la decisi\u00f3n de la organizaci\u00f3n que dirige Javier Guill\u00e9n ha pasado por recortar el recorrido de la decisiva contrarreloj que se iba a disputar en Valladolid, y que quedar\u00e1 reducida a menos de la mitad. En concreto, el recorrido pasa de 27 a 12,2 kil\u00f3metros, por lo que la carrera sufre un considerable rev\u00e9s deportivo.<\/p>\n<p>La organizaci\u00f3n ha emitido un escueto comunicado en el que alega razones de seguridad para los corredores: \u00abCon el objetivo de dotar de una mayor protecci\u00f3n al desarrollo de la etapa, la organizaci\u00f3n de LaVuelta, en coordinaci\u00f3n con el Ayuntamiento de Valladolid y tras consultarlo con el Colegio de Comisarios, ha decidido que la contrarreloj de ma\u00f1ana se dispute sobre un recorrido de 12,2 kil\u00f3metros, manteniendo la salida y la meta previstas\u00bb, reza el anuncio.<\/p>\n<p>La tensi\u00f3n sigue en aumento en los d\u00edas finales de la carrera. Desde la esfera pol\u00edtica, el dirigente de Podemos en Castilla y Le\u00f3n, Pablo Fern\u00e1ndez, ha llamado al \u00abboicot y la desobediencia civil\u00bb en la etapa de ma\u00f1ana, confirmando adem\u00e1s que \u00e9l mismo participar\u00e1 en primera persona de las protestas que se realicen.<\/p>\n<p>Adem\u00e1s, ya se han producido varios anuncios de movilizaciones propalestinas en los distintos pueblos que recorrer\u00e1 el domingo la etapa de Madrid, que echa el cierre a la carrera. El de ma\u00f1ana jueves era uno de los d\u00edas clave para definir al ganador final de la carrera, pues Joao Almeida tiene 50 segundos perdidos y la crono de 27 kil\u00f3metros parec\u00eda el mejor escenario para recortarlos. Finalmente, el trazado queda reducido a menos de la mitad.<\/p>\n","protected":false},"excerpt":{"rendered":"Poco dura la normalidad en la Vuelta a Espa\u00f1a. Si esta tarde, por primera vez en varios d\u00edas,&hellip;\n","protected":false},"author":2,"featured_media":106860,"comment_status":"","ping_status":"","sticky":false,"template":"","format":"standard","meta":{"footnotes":""},"categories":[273],"tags":[313,312,168,25,24,23,167],"class_list":{"0":"post-106859","1":"post","2":"type-post","3":"status-publish","4":"format-standard","5":"has-post-thumbnail","7":"category-ciclismo","8":"tag-ciclismo","9":"tag-cycling","10":"tag-deportes","11":"tag-es","12":"tag-espana","13":"tag-spain","14":"tag-sports"},"share_on_mastodon":{"url":"","error":""},"_links":{"self":[{"href":"https:\/\/www.europesays.com\/es\/wp-json\/wp\/v2\/posts\/106859","targetHints":{"allow":["GET"]}}],"collection":[{"href":"https:\/\/www.europesays.com\/es\/wp-json\/wp\/v2\/posts"}],"about":[{"href":"https:\/\/www.europesays.com\/es\/wp-json\/wp\/v2\/types\/post"}],"author":[{"embeddable":true,"href":"https:\/\/www.europesays.com\/es\/wp-json\/wp\/v2\/users\/2"}],"replies":[{"embeddable":true,"href":"https:\/\/www.europesays.com\/es\/wp-json\/wp\/v2\/comments?post=106859"}],"version-history":[{"count":0,"href":"https:\/\/www.europesays.com\/es\/wp-json\/wp\/v2\/posts\/106859\/revisions"}],"wp:featuredmedia":[{"embeddable":true,"href":"https:\/\/www.europesays.com\/es\/wp-json\/wp\/v2\/media\/106860"}],"wp:attachment":[{"href":"https:\/\/www.europesays.com\/es\/wp-json\/wp\/v2\/media?parent=106859"}],"wp:term":[{"taxonomy":"category","embeddable":true,"href":"https:\/\/www.europesays.com\/es\/wp-json\/wp\/v2\/categories?post=106859"},{"taxonomy":"post_tag","embeddable":true,"href":"https:\/\/www.europesays.com\/es\/wp-json\/wp\/v2\/tags?post=106859"}],"curies":[{"name":"wp","href":"https:\/\/api.w.org\/{rel}","templated":true}]}}