{"id":106863,"date":"2025-09-11T02:42:11","date_gmt":"2025-09-11T02:42:11","guid":{"rendered":"https:\/\/www.europesays.com\/es\/106863\/"},"modified":"2025-09-11T02:42:11","modified_gmt":"2025-09-11T02:42:11","slug":"las-palabras-de-sekulic-tras-la-eliminacion-de-eslovenia-del-eurobasket","status":"publish","type":"post","link":"https:\/\/www.europesays.com\/es\/106863\/","title":{"rendered":"Las palabras de Sekulic tras la eliminaci\u00f3n de Eslovenia del Eurobasket"},"content":{"rendered":"<p><strong>Aleksander Sekulic<\/strong>, t\u00e9cnico de Eslovenia, compareci\u00f3 en rueda de prensa despu\u00e9s de la <strong>eliminaci\u00f3n de su selecci\u00f3n del Eurobasket<\/strong> en cuartos de final ante Alemania.<\/p>\n<p>Estas fueron las palabras del entrenador esloveno:<\/p>\n<p>\u00abPrimero de todo felicitar Alemania por clasificarse a semifinales. Yo podr\u00eda hablar empezar a hablar sobre las cosas que pasaron en la cancha desde el primer minuto, cosas extra\u00f1as\u2026 pero me siento mal por los jugadores. No quiero hablar de ello porque no quiero restar importancia a lo que los jugadores han logrado sobre la cancha, no solo en este partido, todo el campeonato. S\u00e9 que tenemos una gran superestrella como Doncic pero lo que han hecho los que le rodean es muy dif\u00edcil. <\/p>\n<p>Lo que ha pasado hoy duele, porque ves a los jugadores sufrir en el vestuario, porque creo que hemos jugado un gran baloncesto, incluso mejor que nuestro rival. Supongo que tenemos que disculparnos por ser un equipo tan sucio y hacer tantas faltas en el \u00faltimo cuarto, sobre todo ante el equipo alem\u00e1n. Es lo que es, hemos perdido y me siento muy orgulloso de mis jugadores. Ojal\u00e1 hubiese podido sacar a los 12 aqu\u00ed para ovacionarlos, lo que han hecho este verano y en este torneo\u2026 Probablemente ante el mejor equipo del torneo, con el equipo que tiene, superarles durante todo el partido\u2026 es muy grande. Desgraciadamente no lo conseguimos pero creo que podemos dejar este Eurobasket con la cabeza alta, algo que no todos los participantes de nuestro partido pueden hacer.<\/p>\n<p>Desde el d\u00eda 1 he cre\u00eddo en este equipo y ellos han cre\u00eddo en ellos. Hemos cre\u00eddo en el proceso y lo hemos mostrado en el Eurobasket. No hemos tenido \u00e9xito hoy pero estos jugadores\u2026 la mitad de mis jugadores era la primera vez que estaban aqu\u00ed. Luka Doncic hace este equipo mejor, m\u00e1s grande, pero para brillar de la forma que lo hemos hecho\u2026 Es dif\u00edcil resumir todo lo que hemos logrado en una frase pero estoy muy orgulloso de lo que hemos hecho en la cancha. Se ha criticado mucho a estos jugadores y a m\u00ed mismo, pero hemos salido a la cancha y mostrado de lo que somos capaces\u00bb.<\/p>\n<p>En la misma rueda de prensa tambi\u00e9n se mostr\u00f3 visiblemente enfadado <strong>Klemen Prepelic<\/strong> por el nivel del arbitraje en el \u00faltimo cuarto:<\/p>\n<p>\u00ab\u00bfCrees que es normal que en un cuarto de final de un Eurobasket un equipo lance 13 tiros libres en los \u00faltimos dos minutos de un partido? Para m\u00ed eso no es normal. Sobre todo viendo cu\u00e1ntas faltas recibe Doncic en cada jugada. No las puedes pitar todas, no puede lanzar 100 tiros libres. Pero no puedes pitarle una t\u00e9cnica en el primer minuto de partido. Eso es rid\u00edculo\u00bb.<\/p>\n<blockquote class=\"twitter-tweet\">\n<p dir=\"ltr\" lang=\"es\">\ud83e\udd2c El enfado de Klemen Prepelic tras la derrota ante Alemania<\/p>\n<p>\u00ab\u00bfCrees que es normal que en un cuarto de final de un <a href=\"https:\/\/twitter.com\/hashtag\/Eurobasket?src=hash&amp;ref_src=twsrc%5Etfw\" rel=\"nofollow noopener\" target=\"_blank\">#Eurobasket<\/a> un equipo lance 13 tiros libres en los \u00faltimos dos minutos de un partido? Para m\u00ed eso no es normal. Sobre todo viendo cu\u00e1ntas faltas recibe Doncic en\u2026 <a href=\"https:\/\/t.co\/cramXESPuh\" rel=\"nofollow\">pic.twitter.com\/cramXESPuh<\/a><\/p>\n<p>\u2014 Gigantes del Basket (@GIGANTESbasket) <a href=\"https:\/\/twitter.com\/GIGANTESbasket\/status\/1965882752831730067?ref_src=twsrc%5Etfw\" rel=\"nofollow noopener\" target=\"_blank\">September 10, 2025<\/a><\/p>\n<\/blockquote>\n<p style=\"text-align: right;\">Foto: FIBA<\/p>\n<p><img decoding=\"async\" src=\"https:\/\/www.europesays.com\/es\/wp-content\/uploads\/2025\/09\/1757558528_613_mtracking.gif\" alt=\"Etiquetas de Mautic\" style=\"display:none;\"\/><\/p>\n<p><a href=\"https:\/\/www.gigantes.com\/tienda\/hemeroteca\/guia-de-la-liga-endesa-2025-26-no-1-560-septiembre-2025\/\" rel=\"nofollow noopener\" target=\"_blank\"><img loading=\"lazy\" decoding=\"async\" class=\"alignnone size-large wp-image-756436\" src=\"https:\/\/www.europesays.com\/es\/wp-content\/uploads\/2025\/09\/1757096050_733_WhatsApp-Image-2025-09-01-at-17.56.05-1024x1024.jpeg.webp.webp\" alt=\"\" width=\"680\" height=\"680\"  \/><\/a><\/p>\n<p>\t\t\t\t\t<img loading=\"lazy\" decoding=\"async\" src=\"https:\/\/www.europesays.com\/es\/wp-content\/uploads\/2025\/09\/1757096050_248_mano.png\" width=\"60\" height=\"60\" alt=\"Deliza hacia abajo\"\/>Sigue deslizando hacia abajo para ver m\u00e1s contenidos<\/p>\n<p>                <script async src=\"https:\/\/platform.twitter.com\/widgets.js\" charset=\"utf-8\"><\/script><\/p>\n","protected":false},"excerpt":{"rendered":"Aleksander Sekulic, t\u00e9cnico de Eslovenia, compareci\u00f3 en rueda de prensa despu\u00e9s de la eliminaci\u00f3n de su selecci\u00f3n del&hellip;\n","protected":false},"author":2,"featured_media":106864,"comment_status":"","ping_status":"","sticky":false,"template":"","format":"standard","meta":{"footnotes":""},"categories":[269],"tags":[299,298,168,25,7860,24,301,23,167],"class_list":{"0":"post-106863","1":"post","2":"type-post","3":"status-publish","4":"format-standard","5":"has-post-thumbnail","7":"category-baloncesto","8":"tag-baloncesto","9":"tag-basketball","10":"tag-deportes","11":"tag-es","12":"tag-eslovenia","13":"tag-espana","14":"tag-eurobasket","15":"tag-spain","16":"tag-sports"},"share_on_mastodon":{"url":"","error":""},"_links":{"self":[{"href":"https:\/\/www.europesays.com\/es\/wp-json\/wp\/v2\/posts\/106863","targetHints":{"allow":["GET"]}}],"collection":[{"href":"https:\/\/www.europesays.com\/es\/wp-json\/wp\/v2\/posts"}],"about":[{"href":"https:\/\/www.europesays.com\/es\/wp-json\/wp\/v2\/types\/post"}],"author":[{"embeddable":true,"href":"https:\/\/www.europesays.com\/es\/wp-json\/wp\/v2\/users\/2"}],"replies":[{"embeddable":true,"href":"https:\/\/www.europesays.com\/es\/wp-json\/wp\/v2\/comments?post=106863"}],"version-history":[{"count":0,"href":"https:\/\/www.europesays.com\/es\/wp-json\/wp\/v2\/posts\/106863\/revisions"}],"wp:featuredmedia":[{"embeddable":true,"href":"https:\/\/www.europesays.com\/es\/wp-json\/wp\/v2\/media\/106864"}],"wp:attachment":[{"href":"https:\/\/www.europesays.com\/es\/wp-json\/wp\/v2\/media?parent=106863"}],"wp:term":[{"taxonomy":"category","embeddable":true,"href":"https:\/\/www.europesays.com\/es\/wp-json\/wp\/v2\/categories?post=106863"},{"taxonomy":"post_tag","embeddable":true,"href":"https:\/\/www.europesays.com\/es\/wp-json\/wp\/v2\/tags?post=106863"}],"curies":[{"name":"wp","href":"https:\/\/api.w.org\/{rel}","templated":true}]}}