{"id":106865,"date":"2025-09-11T02:44:14","date_gmt":"2025-09-11T02:44:14","guid":{"rendered":"https:\/\/www.europesays.com\/es\/106865\/"},"modified":"2025-09-11T02:44:14","modified_gmt":"2025-09-11T02:44:14","slug":"paz-padilla-victima-de-la-inteligencia-artificial-estoy-sana","status":"publish","type":"post","link":"https:\/\/www.europesays.com\/es\/106865\/","title":{"rendered":"Paz Padilla, v\u00edctima de la inteligencia artificial: \u00abEstoy sana\u00bb"},"content":{"rendered":"<p>La<strong> inteligencia artificial<\/strong> es una herramienta que cada vez est\u00e1 m\u00e1s presente en nuestro d\u00eda a d\u00eda. Para muchos, se est\u00e1 convirtiendo en un gran avance para la sociedad, ya que permite que se optimicen varios procesos sin la intervenci\u00f3n humana. No obstante, no es oro todo lo que reluce. Y en el caso de las redes sociales, <strong>comienza a ser un problema<\/strong> si su uso no se realiza adecuadamente. Principalmente para las celebridades. Y es que a trav\u00e9s de la conocida como IA, es posible generar im\u00e1genes, v\u00eddeos y audios falsos que imitan a rostros conocidos con el objetivo de estafar a los internautas.<\/p>\n<p><a href=\"https:\/\/okdiario.com\/look\/actualidad\/paz-padilla-obligada-cerrar-sus-negocios-incendio-zahara-atunes-2355343\" rel=\"nofollow noopener\" target=\"_blank\"><strong>Paz Padilla<\/strong> <\/a>ha sido una de las \u00faltimas que ha denunciado haber sido v\u00edctima recientemente de la inteligencia artificial. Lo ha hecho a trav\u00e9s de su perfil oficial de Instagram, donde se ha visto obligada a desmentir una<strong> fotograf\u00eda<\/strong>, que se ha hecho<strong> viral<\/strong> en la red, en la que aparece tumbada en una cama de hospital. El enunciado que acompa\u00f1a a la impactante imagen de la actriz informa de que la mencionada hab\u00eda tenido que ser<strong> \u00abhospitalizada de urgencias porque padec\u00eda c\u00e1ncer\u00bb.<\/strong> Una informaci\u00f3n de la que inmediatamente ha querido pronunciarse la propia Paz.<\/p>\n<p>\n<img decoding=\"async\" loading=\"lazy\" class=\"size-medium wp-image-2376115\" alt=\"Paz Padilla\" width=\"338\" height=\"620\"  src=\"https:\/\/www.europesays.com\/es\/wp-content\/uploads\/2025\/09\/1757554452_849_placeholder.jpg\"  bad-src=\"https:\/\/www.europesays.com\/es\/wp-content\/uploads\/2025\/09\/1757554452_849_placeholder.jpg\"\/><\/p>\n<p><img decoding=\"async\" loading=\"lazy\" class=\"size-medium wp-image-2376115\" src=\"https:\/\/www.europesays.com\/es\/wp-content\/uploads\/2025\/09\/pazp-338x620.jpg\" alt=\"Paz Padilla\" width=\"338\" height=\"620\"  \/><\/p>\n<p> Historia de Instagram de Paz Padilla. (Foto: RRSS)\n<\/p>\n<p><strong>\u00abEsto es mentira. Estoy super sana\u00bb<\/strong>, escrib\u00eda de una manera tajante, con la intenci\u00f3n de zanjar todo tipo de especulaciones al respecto. Por ahora, la humorista no ha vuelto a pronunciarse de nuevo, pero lo cierto es que estas palabras dejan m\u00e1s que claro que no le ha sentado nada bien protagonizar este tipo de contenido en un momento en el que<strong> su vida no deja de acaparar pol\u00e9micas.<\/strong> De hecho, en los \u00faltimos meses, no ha parado de recibir comentarios criticando su gesti\u00f3n en la guerra que ha protagonizado con varios comerciantes de Zahara de los Atunes tras utilizar el s\u00edmbolo de la raspa de pescado que la propia actriz y su hija consideraban muy similar al de su tienda de ropa, No Ni N\u00e1.<\/p>\n<p>Los otros famosos que han sido v\u00edctimas de la IA<\/p>\n<p>Paz Padilla no ha sido la \u00fanica celebrity que, a lo largo de los \u00faltimos a\u00f1os, ha denunciado haber dio v\u00edctima de la inteligencia artificial. Sin ir m\u00e1s lejos, en 2023 se difundieron unas fotograf\u00edas en las que aparec\u00eda el rostro de<strong> Rosal\u00eda<\/strong> en un cuerpo desnudo. Unas im\u00e1genes que obligaron a la cantante a pronunciarse para frenar el bulo que no paraba de circular en la red. <strong>\u00abExiste algo llamado consentimiento<\/strong> y todos a los que les pareci\u00f3 gracioso o plausible, espero de coraz\u00f3n que un d\u00eda aprendan que vienen de una mujer, que las mujeres somos sagradas y que se nos debe respetar\u00bb, escribi\u00f3 en su cuenta de X.<\/p>\n<blockquote class=\"twitter-tweet\">\n<p dir=\"ltr\" lang=\"es\">El cuerpo d una mujer n es propiedad p\u00fablica, no es una mercanc\u00eda xa tu estrategia d marketing. Esas fotos estaban editadas y creaste una falsa narrativa alrededor cuando ni t conozco. Existe algo llamado consentimiento y todos a los q os pareci\u00f3 gracioso o plausible espero de\u2026<\/p>\n<p>\u2014 R O S A L \u00cd A (@rosalia) <a href=\"https:\/\/twitter.com\/rosalia\/status\/1661452625668194314?ref_src=twsrc%5Etfw\" rel=\"nofollow noopener\" target=\"_blank\">May 24, 2023<\/a><\/p>\n<\/blockquote>\n<p>Situaciones similares a las de Rosal\u00eda y Paz Padilla tambi\u00e9n las han experimentaron <strong>Taylor Swift, Brad Pitt <\/strong>o<strong> Kylie Jenner<\/strong>, entre otros muchos.<\/p>\n<p>\t\t\t\t\t\t\t<script async src=\"https:\/\/platform.twitter.com\/widgets.js\" charset=\"utf-8\"><\/script><\/p>\n","protected":false},"excerpt":{"rendered":"La inteligencia artificial es una herramienta que cada vez est\u00e1 m\u00e1s presente en nuestro d\u00eda a d\u00eda. Para&hellip;\n","protected":false},"author":2,"featured_media":106866,"comment_status":"","ping_status":"","sticky":false,"template":"","format":"standard","meta":{"footnotes":""},"categories":[174],"tags":[255,146,147,25,24,256,6925,23],"class_list":{"0":"post-106865","1":"post","2":"type-post","3":"status-publish","4":"format-standard","5":"has-post-thumbnail","7":"category-famosos","8":"tag-celebrities","9":"tag-entertainment","10":"tag-entretenimiento","11":"tag-es","12":"tag-espana","13":"tag-famosos","14":"tag-paz-padilla","15":"tag-spain"},"share_on_mastodon":{"url":"","error":""},"_links":{"self":[{"href":"https:\/\/www.europesays.com\/es\/wp-json\/wp\/v2\/posts\/106865","targetHints":{"allow":["GET"]}}],"collection":[{"href":"https:\/\/www.europesays.com\/es\/wp-json\/wp\/v2\/posts"}],"about":[{"href":"https:\/\/www.europesays.com\/es\/wp-json\/wp\/v2\/types\/post"}],"author":[{"embeddable":true,"href":"https:\/\/www.europesays.com\/es\/wp-json\/wp\/v2\/users\/2"}],"replies":[{"embeddable":true,"href":"https:\/\/www.europesays.com\/es\/wp-json\/wp\/v2\/comments?post=106865"}],"version-history":[{"count":0,"href":"https:\/\/www.europesays.com\/es\/wp-json\/wp\/v2\/posts\/106865\/revisions"}],"wp:featuredmedia":[{"embeddable":true,"href":"https:\/\/www.europesays.com\/es\/wp-json\/wp\/v2\/media\/106866"}],"wp:attachment":[{"href":"https:\/\/www.europesays.com\/es\/wp-json\/wp\/v2\/media?parent=106865"}],"wp:term":[{"taxonomy":"category","embeddable":true,"href":"https:\/\/www.europesays.com\/es\/wp-json\/wp\/v2\/categories?post=106865"},{"taxonomy":"post_tag","embeddable":true,"href":"https:\/\/www.europesays.com\/es\/wp-json\/wp\/v2\/tags?post=106865"}],"curies":[{"name":"wp","href":"https:\/\/api.w.org\/{rel}","templated":true}]}}