{"id":106889,"date":"2025-09-11T03:00:09","date_gmt":"2025-09-11T03:00:09","guid":{"rendered":"https:\/\/www.europesays.com\/es\/106889\/"},"modified":"2025-09-11T03:00:09","modified_gmt":"2025-09-11T03:00:09","slug":"paul-craig-la-estrella-retirada-de-ufc-dice-que-dejar-el-deporte-es-el-peso-de-mis-hombros","status":"publish","type":"post","link":"https:\/\/www.europesays.com\/es\/106889\/","title":{"rendered":"Paul Craig: La estrella retirada de UFC dice que dejar el deporte es \u201cel peso de mis hombros\u201d"},"content":{"rendered":"<p>        <a href=\"https:\/\/www.elpueblo.pe\/wp-content\/uploads\/2025\/09\/7a93b330-8e60-11f0-9cf6-cbf3e73ce2b9.jpg\" data-caption=\"\" rel=\"nofollow noopener\" target=\"_blank\"><img loading=\"lazy\" decoding=\"async\" width=\"640\" height=\"360\" class=\"entry-thumb td-modal-image\" src=\"https:\/\/www.europesays.com\/es\/wp-content\/uploads\/2025\/09\/7a93b330-8e60-11f0-9cf6-cbf3e73ce2b9-640x360.jpg\"   alt=\"\" title=\"7a93b330-8e60-11f0-9cf6-cbf3e73ce2b9.jpg\"\/><\/a><\/p>\n<p class=\"ssrcss-1q0x1qg-Paragraph e1jhz7w10\">Despu\u00e9s de ganar los primeros ocho juegos de su carrera, Craig dej\u00f3 el trabajo de su maestro y recurri\u00f3 a los profesionales y ingres\u00f3 al UFC en 2016.<\/p>\n<p class=\"ssrcss-1q0x1qg-Paragraph e1jhz7w10\">Despu\u00e9s de una victoria y dos derrotas, todav\u00eda no est\u00e1 seguro de su lugar en el deporte, pero todo cambi\u00f3 despu\u00e9s de enviar la revista rusa Magomed Ankalaev (actual campe\u00f3n de peso ligero de UFC) en 2018.<\/p>\n<p class=\"ssrcss-1q0x1qg-Paragraph e1jhz7w10\">\u201cCreo que a partir de ese d\u00eda, reevalu\u00e9 mi objetivo, no solo a alguien que entr\u00f3 en el oct\u00e1gono. Quer\u00eda tener un legado\u201d, dijo Craig.<\/p>\n<p class=\"ssrcss-1q0x1qg-Paragraph e1jhz7w10\">Su legado dentro del oct\u00e1gono es el legado de un experto en agarre, y sus seis victorias son segunda en la historia de peso ligero de UFC, solo detr\u00e1s de los siete de Glover Teixeira.<\/p>\n<p class=\"ssrcss-1q0x1qg-Paragraph e1jhz7w10\">Pero lo que m\u00e1s le importa a Craig es el impacto que regresa a casa.<\/p>\n<p class=\"ssrcss-1q0x1qg-Paragraph e1jhz7w10\">\u201cCuando comenc\u00e9 el deporte, fui uno de los tres \u00fanicos combatientes de UFC en Escocia\u201d, dijo Craig.<\/p>\n<p class=\"ssrcss-1q0x1qg-Paragraph e1jhz7w10\">\u201cIncluso ahora, solo hay unos pocos luchadores escoceses de UFC, pero solo una persona ha tomado 21 caminatas en el UFC, y ese soy yo.<\/p>\n<p class=\"ssrcss-1q0x1qg-Paragraph e1jhz7w10\">\u201cPonga Escocia en el mapa con MMA, durante mucho tiempo no tuvimos representaci\u00f3n y lo hice\u201d.<\/p>\n<p class=\"ssrcss-1q0x1qg-Paragraph e1jhz7w10\">Tambi\u00e9n est\u00e1 orgulloso de ser un personaje jugable en los videojuegos de UFC y tiene el r\u00e9cord m\u00e1s triangular en la historia promocional, con cuatro.<\/p>\n<p class=\"ssrcss-1q0x1qg-Paragraph e1jhz7w10\">    \u201cEste tipo de cosas es mi legado, y me enorgullece deshacerme del movimiento donde hice algo\u201d, agreg\u00f3 Craig.<\/p>\n<p><a href=\"https:\/\/www.bbc.com\/sport\/mixed-martial-arts\/articles\/c3w588yz00go?at_medium=RSS&amp;at_campaign=rss&amp;rand=115\" rel=\"nofollow noopener\" target=\"_blank\">Enlace de origen<\/a><\/p>\n","protected":false},"excerpt":{"rendered":"Despu\u00e9s de ganar los primeros ocho juegos de su carrera, Craig dej\u00f3 el trabajo de su maestro y&hellip;\n","protected":false},"author":2,"featured_media":106890,"comment_status":"","ping_status":"","sticky":false,"template":"","format":"standard","meta":{"footnotes":""},"categories":[276],"tags":[168,25,24,23,167,343],"class_list":{"0":"post-106889","1":"post","2":"type-post","3":"status-publish","4":"format-standard","5":"has-post-thumbnail","7":"category-ufc","8":"tag-deportes","9":"tag-es","10":"tag-espana","11":"tag-spain","12":"tag-sports","13":"tag-ufc"},"share_on_mastodon":{"url":"","error":""},"_links":{"self":[{"href":"https:\/\/www.europesays.com\/es\/wp-json\/wp\/v2\/posts\/106889","targetHints":{"allow":["GET"]}}],"collection":[{"href":"https:\/\/www.europesays.com\/es\/wp-json\/wp\/v2\/posts"}],"about":[{"href":"https:\/\/www.europesays.com\/es\/wp-json\/wp\/v2\/types\/post"}],"author":[{"embeddable":true,"href":"https:\/\/www.europesays.com\/es\/wp-json\/wp\/v2\/users\/2"}],"replies":[{"embeddable":true,"href":"https:\/\/www.europesays.com\/es\/wp-json\/wp\/v2\/comments?post=106889"}],"version-history":[{"count":0,"href":"https:\/\/www.europesays.com\/es\/wp-json\/wp\/v2\/posts\/106889\/revisions"}],"wp:featuredmedia":[{"embeddable":true,"href":"https:\/\/www.europesays.com\/es\/wp-json\/wp\/v2\/media\/106890"}],"wp:attachment":[{"href":"https:\/\/www.europesays.com\/es\/wp-json\/wp\/v2\/media?parent=106889"}],"wp:term":[{"taxonomy":"category","embeddable":true,"href":"https:\/\/www.europesays.com\/es\/wp-json\/wp\/v2\/categories?post=106889"},{"taxonomy":"post_tag","embeddable":true,"href":"https:\/\/www.europesays.com\/es\/wp-json\/wp\/v2\/tags?post=106889"}],"curies":[{"name":"wp","href":"https:\/\/api.w.org\/{rel}","templated":true}]}}