{"id":106991,"date":"2025-09-11T04:07:11","date_gmt":"2025-09-11T04:07:11","guid":{"rendered":"https:\/\/www.europesays.com\/es\/106991\/"},"modified":"2025-09-11T04:07:11","modified_gmt":"2025-09-11T04:07:11","slug":"estados-unidos-expresa-su-preocupacion-por-las-medidas-del-gobierno-de-sanchez-para-elevar-la-presion-sobre-israel-internacional","status":"publish","type":"post","link":"https:\/\/www.europesays.com\/es\/106991\/","title":{"rendered":"Estados Unidos expresa su \u201cpreocupaci\u00f3n\u201d por las medidas del Gobierno de S\u00e1nchez para elevar la presi\u00f3n sobre Israel | Internacional"},"content":{"rendered":"<p class=\"\">Aunque en la Administraci\u00f3n de Donald Trump haya irritado el ataque israel\u00ed contra dirigentes de Ham\u00e1s en Qatar, la Casa Blanca, y con ella el resto del Gobierno estadounidense mantiene su apoyo de fondo a Israel. Lo ha dejado claro en su cr\u00edtica respuesta a <a href=\"https:\/\/elpais.com\/espana\/2025-09-08\/estas-son-las-nueve-medidas-por-gaza-anunciadas-por-el-gobierno.html\" rel=\"nofollow noopener\" title=\"https:\/\/elpais.com\/espana\/2025-09-08\/estas-son-las-nueve-medidas-por-gaza-anunciadas-por-el-gobierno.html\" target=\"_blank\">las medidas anunciadas por el Gobierno de Pedro S\u00e1nchez para aumentar la presi\u00f3n sobre ese pa\u00eds<\/a> y la intenci\u00f3n de limitar el acceso y el uso del territorio espa\u00f1ol a aeronaves y barcos que transporten armas para el Estado jud\u00edo. <\/p>\n<p class=\"\">\u201cEs profundamente preocupante que Espa\u00f1a, un miembro de la OTAN, haya optado por restringir las operaciones de Estados Unidos y dar la espalda a Israel, el mismo d\u00eda en que seis personas fueron asesinadas en Jerusal\u00e9n\u201d, ha se\u00f1alado un portavoz del Departamento de Estado estadounidense en un sucinto comunicado.<\/p>\n<p class=\"\">Medidas como las adoptadas por el Gobierno en Madrid solo sirven, en opini\u00f3n del Departamento encabezado por Marco Rubio, para \u201cenvalentonar a los terroristas\u201d. <\/p>\n<p class=\"\">Las declaraciones desde Washington, el mayor aliado de Israel y su principal proveedor de equipamiento militar, llegaban tras <a href=\"https:\/\/elpais.com\/espana\/2025-09-09\/el-gobierno-responde-a-israel-y-veta-la-entrada-a-espana-de-dos-ministros-ultras-de-netanyahu.html\" target=\"_self\" rel=\"nofollow noopener\" title=\"https:\/\/elpais.com\/espana\/2025-09-09\/el-gobierno-responde-a-israel-y-veta-la-entrada-a-espana-de-dos-ministros-ultras-de-netanyahu.html\">una semana de tensiones y declaraciones cruzadas<\/a> entre el Gobierno espa\u00f1ol y el de Benjam\u00edn Netanyahu. Israel ha acusado a Espa\u00f1a de \u201cantisemita\u201d y ser \u201cun aliado de Ham\u00e1s\u201d despu\u00e9s de que el Ejecutivo de S\u00e1nchez elevara el tono y se refiriera a las masacres del Estado jud\u00edo en <a href=\"https:\/\/elpais.com\/internacional\/2025-09-09\/israel-ordena-desalojar-toda-ciudad-de-gaza-y-desplazar-a-centenares-de-miles-de-civiles.html\" target=\"_self\" rel=\"nofollow noopener\" title=\"https:\/\/elpais.com\/internacional\/2025-09-09\/israel-ordena-desalojar-toda-ciudad-de-gaza-y-desplazar-a-centenares-de-miles-de-civiles.html\">Gaza<\/a> abiertamente como <a href=\"https:\/\/elpais.com\/espana\/2025-09-09\/el-gobierno-pone-a-espana-a-la-cabeza-de-la-presion-a-israel-por-el-genocidio-de-gaza.html\" target=\"_self\" rel=\"nofollow noopener\" title=\"https:\/\/elpais.com\/espana\/2025-09-09\/el-gobierno-pone-a-espana-a-la-cabeza-de-la-presion-a-israel-por-el-genocidio-de-gaza.html\">\u201cun genocidio\u201d<\/a>. <\/p>\n<p class=\"\">Estados Unidos entrega a su aliado en torno a 3.300 millones de d\u00f3lares (3.100 millones de euros) en ayuda militar. Israel utiliza esos fondos para financiar la compra de armas al pa\u00eds norteamericano. Adem\u00e1s, Washington tambi\u00e9n concede unos 500 millones de d\u00f3lares anuales para reforzar los sistemas de defensa antia\u00e9reos israel\u00edes, especialmente <a href=\"https:\/\/elpais.com\/internacional\/2021-05-19\/lluvia-de-cohetes-de-hamas-contra-las-defensas-de-hierro-de-israel.html\" rel=\"nofollow noopener\" target=\"_blank\">la C\u00fapula de Hierro<\/a>. <\/p>\n<p class=\"\">Madrid fue la avanzadilla en la Uni\u00f3n Europea en el reconocimiento del Estado palestino y ha encabezado en los \u00faltimos d\u00edas los llamamientos en Europa para imponer sanciones econ\u00f3micas y prohibir el comercio de armas al Gobierno de Netanyahu. La de este mi\u00e9rcoles ha sido la primera reacci\u00f3n de la Casa Blanca al choque diplom\u00e1tico entre ambos pa\u00edses. Llegaba despu\u00e9s de que la oficina presidencial se mostrara muy cr\u00edtica, de manera poco habitual, hacia las acciones del primer ministro despu\u00e9s del ataque contra los dirigentes de Ham\u00e1s en Qatar, un pa\u00eds que ha actuado de mediador entre las dos partes y con cuyas autoridades Trump mantiene excelentes relaciones . El inquilino de la Casa Blanca incluy\u00f3 al emirato en su gira por Oriente Pr\u00f3ximo de la pasada primavera y la monarqu\u00eda del Golfo le ha obsequiado un Boeing para que lo utilice como avi\u00f3n presidencial. <\/p>\n<p class=\"\">El comentario del Departamento de Estado llueve tambi\u00e9n sobre mojado en las relaciones entre Estados Unidos y Espa\u00f1a. Donald Trump ya se mostr\u00f3 muy cr\u00edtico con este Gobierno ante la resistencia de Pedro S\u00e1nchez a sumarse al compromiso de la OTAN para alcanzar el gasto en Defensa del 5% del Producto Interior Bruto durante la cumbre de la Alianza en La Haya en junio. <\/p>\n<p class=\"\">En esa reuni\u00f3n, Trump asever\u00f3 que Espa\u00f1a \u201ces un problema\u201d y lleg\u00f3 a amenazar, en su rueda de prensa final, con \u201cdoblar\u201d los aranceles a Espa\u00f1a si el aliado dentro de la OTAN no acced\u00eda a comprometerse a alcanzar la inversi\u00f3n del 5%. El encuentro de l\u00edderes en La Haya es la \u00fanica vez hasta el momento en que ambos mandatarios han coincidido en lo que va de nuevo mandato del estadounidense.<\/p>\n<p class=\"\">La pr\u00f3xima ocasi\u00f3n para que coincidan parece a la vuelta de la esquina. Tanto Trump como el presidente del Gobierno espa\u00f1ol planean participar en la 80 Asamblea General de Naciones Unidas en Nueva York dentro de dos semanas. El encuentro multilateral estar\u00e1 dominado, entre otros asuntos, por el reconocimiento de Palestina como Estado y el rechazo estadounidense a conceder visados a los representantes de la Autoridad Palestina para participar en la cita anual. <\/p>\n<p class=\"\">Al anunciar la denegaci\u00f3n de visados al presidente Mahmud Ab\u00e1s y cerca de ochenta funcionarios palestinos, el secretario de Estado, Marco Rubio, justific\u00f3 la medida responsabilizando a estos altos cargos de socavar los esfuerzos de paz y de buscar \u201cel reconocimiento unilateral de un hipot\u00e9tico Estado palestino\u201d.<\/p>\n","protected":false},"excerpt":{"rendered":"Aunque en la Administraci\u00f3n de Donald Trump haya irritado el ataque israel\u00ed contra dirigentes de Ham\u00e1s en Qatar,&hellip;\n","protected":false},"author":2,"featured_media":106992,"comment_status":"","ping_status":"","sticky":false,"template":"","format":"standard","meta":{"footnotes":""},"categories":[8],"tags":[13241,17,18,72,352,25,24,629,13,14,73,69,11,74,19,20,9,10,15,16,1613,2959,23,12,21,22],"class_list":{"0":"post-106991","1":"post","2":"type-post","3":"status-publish","4":"format-standard","5":"has-post-thumbnail","7":"category-espana","8":"tag-benjamin-netanyahu","9":"tag-breaking-news","10":"tag-breakingnews","11":"tag-conflictos-internacionales","12":"tag-donald-trump","13":"tag-es","14":"tag-espana","15":"tag-estados-unidos","16":"tag-featured-news","17":"tag-featurednews","18":"tag-franja-gaza","19":"tag-guerra","20":"tag-headlines","21":"tag-israel","22":"tag-latest-news","23":"tag-latestnews","24":"tag-news","25":"tag-noticias","26":"tag-noticias-destacadas","27":"tag-noticiasdestacadas","28":"tag-otan","29":"tag-pedro-sanchez","30":"tag-spain","31":"tag-titulares","32":"tag-ultimas-noticias","33":"tag-ultimasnoticias"},"share_on_mastodon":{"url":"","error":""},"_links":{"self":[{"href":"https:\/\/www.europesays.com\/es\/wp-json\/wp\/v2\/posts\/106991","targetHints":{"allow":["GET"]}}],"collection":[{"href":"https:\/\/www.europesays.com\/es\/wp-json\/wp\/v2\/posts"}],"about":[{"href":"https:\/\/www.europesays.com\/es\/wp-json\/wp\/v2\/types\/post"}],"author":[{"embeddable":true,"href":"https:\/\/www.europesays.com\/es\/wp-json\/wp\/v2\/users\/2"}],"replies":[{"embeddable":true,"href":"https:\/\/www.europesays.com\/es\/wp-json\/wp\/v2\/comments?post=106991"}],"version-history":[{"count":0,"href":"https:\/\/www.europesays.com\/es\/wp-json\/wp\/v2\/posts\/106991\/revisions"}],"wp:featuredmedia":[{"embeddable":true,"href":"https:\/\/www.europesays.com\/es\/wp-json\/wp\/v2\/media\/106992"}],"wp:attachment":[{"href":"https:\/\/www.europesays.com\/es\/wp-json\/wp\/v2\/media?parent=106991"}],"wp:term":[{"taxonomy":"category","embeddable":true,"href":"https:\/\/www.europesays.com\/es\/wp-json\/wp\/v2\/categories?post=106991"},{"taxonomy":"post_tag","embeddable":true,"href":"https:\/\/www.europesays.com\/es\/wp-json\/wp\/v2\/tags?post=106991"}],"curies":[{"name":"wp","href":"https:\/\/api.w.org\/{rel}","templated":true}]}}