{"id":107018,"date":"2025-09-11T04:27:13","date_gmt":"2025-09-11T04:27:13","guid":{"rendered":"https:\/\/www.europesays.com\/es\/107018\/"},"modified":"2025-09-11T04:27:13","modified_gmt":"2025-09-11T04:27:13","slug":"30masdanza-festival-internacional-de-danza-contemporanea-de-canarias-gala-inaugural","status":"publish","type":"post","link":"https:\/\/www.europesays.com\/es\/107018\/","title":{"rendered":"30MASDANZA Festival Internacional de Danza Contempor\u00e1nea de Canarias (Gala Inaugural)"},"content":{"rendered":"<p>                &#13;<br \/>\n                    30MASDANZA Festival Internacional de Danza Contempor\u00e1nea de Canarias (Gala Inaugural)&#13;<\/p>\n<p>Las im\u00e1genes de una jaula, un apoyo y un sue\u00f1o est\u00e1n presentes en esta pieza. En esta obra con 8 bailarines, integramos el uso del \u201cRattan Pole\u201d y tambi\u00e9n del \u201cLing Zi\u201d, una larga pluma de fais\u00e1n que se utiliza como tocado en la \u00f3pera tradicional para representar el poder y la destreza de los guerreros. Mientras tanto, el \u201cLing Zi\u201d, entrelaz\u00e1ndose en el espacio, asemeja la extensi\u00f3n de la columna vertebral humana, evocando la imagen de un ave y el deseo interior de escapar de la realidad. La naturaleza fuerte pero flexible del \u201cRattan Pole\u201d convierte el escenario en un laberinto por el que los bailarines se mueven, representando la distancia y el espacio de la supervivencia en una vida limitada.<\/p>\n<p>En Birdy, reflexionamos y exploramos la relaci\u00f3n entre el contexto social y las comunidades, c\u00f3mo los aparentemente triviales acontecimientos emocionales, las interacciones sociales o los efectos de la historia y la guerra, consciente o inconscientemente, filtran el miedo, el odio, los conflictos o la paz a trav\u00e9s de la sociedad. \u2014 Estirando la l\u00ednea que va desde los sentimientos internos de un individuo, hasta la atracci\u00f3n de una relaci\u00f3n, y de ah\u00ed a un contexto m\u00e1s amplio del individuo con la sociedad, la cultura o el mundo en el que vivimos.<\/p>\n<p>&#13;<\/p>\n<p>Hung Dance es una compa\u00f1\u00eda de danza contempor\u00e1nea basada en Taiw\u00e1n. El director art\u00edstico y core\u00f3grafo LAI Hung-chung nombr\u00f3 a la compa\u00f1\u00eda, fundada en 2017, usando la palabra \u00abhung(\u7fc3)\u00bb por su aspiraci\u00f3n a volar, tal como sugiere su significado. La compa\u00f1\u00eda se desarrolla en tres focos principales: producciones anuales, colaboraciones internacionales y giras internacionales. Tambi\u00e9n lleva a cabo anualmente la Stray Birds Dance Platform, no solo para alentar a j\u00f3venes core\u00f3grafos a crear, sino tambi\u00e9n para atraerlos a recursos internacionales. Actualmente, en el centro de sus producciones anuales se encuentran las obras de su director art\u00edstico, LAI Hung-chung, en cuyas piezas de danza se encuentran respuestas sobre lo m\u00e1s profundo del ser humano, as\u00ed como de la tierra, el mundo y cada momento, inculcando emociones internas y estados f\u00edsicos en el movimiento de la danza. Lai es perceptivo a la relaci\u00f3n sutil entre las personas y la naturaleza. Adem\u00e1s, al ampliar los elementos del Tai-Chi, integra el pensamiento contempor\u00e1neo para cultivar un nuevo vocabulario de danza y desarrollar un sistema de entrenamiento \u00fanico.<\/p>\n<p>                    &#13;<br \/>\n                    <a class=\"expand-description\" href=\"\">Leer m\u00e1s <\/a>&#13;<\/p>\n<p>                                                                                                                    &#13;<br \/>\n                    &#13;<\/p>\n","protected":false},"excerpt":{"rendered":"&#13; 30MASDANZA Festival Internacional de Danza Contempor\u00e1nea de Canarias (Gala Inaugural)&#13; Las im\u00e1genes de una jaula, un apoyo&hellip;\n","protected":false},"author":2,"featured_media":107019,"comment_status":"","ping_status":"","sticky":false,"template":"","format":"standard","meta":{"footnotes":""},"categories":[91],"tags":[36981,24118,1896,28949,2339,15519,209,13776,146,147,25,24,2881,36979,1897,36984,36983,6238,18711,36985,7452,36982,23,1651,36980],"class_list":{"0":"post-107018","1":"post","2":"type-post","3":"status-publish","4":"format-standard","5":"has-post-thumbnail","7":"category-entretenimiento","8":"tag-alfredo-kraus","9":"tag-auditorio","10":"tag-canarias","11":"tag-concert","12":"tag-concierto","13":"tag-congresos","14":"tag-cultura","15":"tag-danza","16":"tag-entertainment","17":"tag-entretenimiento","18":"tag-es","19":"tag-espana","20":"tag-fundacion","21":"tag-fundation","22":"tag-gran-canaria","23":"tag-konzert","24":"tag-kultur","25":"tag-las-palmas","26":"tag-musicales","27":"tag-oper","28":"tag-opera","29":"tag-perez-galdos","30":"tag-spain","31":"tag-teatro","32":"tag-theater"},"share_on_mastodon":{"url":"","error":""},"_links":{"self":[{"href":"https:\/\/www.europesays.com\/es\/wp-json\/wp\/v2\/posts\/107018","targetHints":{"allow":["GET"]}}],"collection":[{"href":"https:\/\/www.europesays.com\/es\/wp-json\/wp\/v2\/posts"}],"about":[{"href":"https:\/\/www.europesays.com\/es\/wp-json\/wp\/v2\/types\/post"}],"author":[{"embeddable":true,"href":"https:\/\/www.europesays.com\/es\/wp-json\/wp\/v2\/users\/2"}],"replies":[{"embeddable":true,"href":"https:\/\/www.europesays.com\/es\/wp-json\/wp\/v2\/comments?post=107018"}],"version-history":[{"count":0,"href":"https:\/\/www.europesays.com\/es\/wp-json\/wp\/v2\/posts\/107018\/revisions"}],"wp:featuredmedia":[{"embeddable":true,"href":"https:\/\/www.europesays.com\/es\/wp-json\/wp\/v2\/media\/107019"}],"wp:attachment":[{"href":"https:\/\/www.europesays.com\/es\/wp-json\/wp\/v2\/media?parent=107018"}],"wp:term":[{"taxonomy":"category","embeddable":true,"href":"https:\/\/www.europesays.com\/es\/wp-json\/wp\/v2\/categories?post=107018"},{"taxonomy":"post_tag","embeddable":true,"href":"https:\/\/www.europesays.com\/es\/wp-json\/wp\/v2\/tags?post=107018"}],"curies":[{"name":"wp","href":"https:\/\/api.w.org\/{rel}","templated":true}]}}