{"id":107038,"date":"2025-09-11T04:45:21","date_gmt":"2025-09-11T04:45:21","guid":{"rendered":"https:\/\/www.europesays.com\/es\/107038\/"},"modified":"2025-09-11T04:45:21","modified_gmt":"2025-09-11T04:45:21","slug":"avance-de-la-promesa-capitulo-673-de-este-jueves-11-de-septiembre-no-hay-vuelta-atras-para-catalina-y-pia-se-lleva-un-bronca-el-mundo","status":"publish","type":"post","link":"https:\/\/www.europesays.com\/es\/107038\/","title":{"rendered":"Avance de &#039;La Promesa&#039;, cap\u00edtulo 673 de este jueves 11 de septiembre: no hay vuelta atr\u00e1s para Catalina y P\u00eda se lleva un bronca &#8211; El Mundo"},"content":{"rendered":"<ol>\n<li><a href=\"https:\/\/news.google.com\/rss\/articles\/CBMiiAFBVV95cUxPcERQNDN3bVhtdzdYSGtFVV9fbVNqMV8zSXNSbzdzVmROOGFsTUc1aVo3b2FnR3ZlMTFkUFpLelVVRFhkTHpCMmN0NURkTVQ3cmsyRkpEZF9YTFJzcFNBSnRrVDhEWHFKaXhTMDVod2FQS1NISTl0N2ZsUjkyaXkxX3FIUFoxWDRE0gGIAUFVX3lxTE85bW5YTGItSHItT2phR0NiSGNteFh3bkwxRWpLSUJGRGdJRnNnV0w4YVlHNzRMWlB1VWVWNEdkdW1Vd3YzNzBZZk5kWVJwUUlRUHNCZWM2ZVRObDA0ckpuUmVNWEZ6U0ZLbEtrT25Mb0ZXVWNCeVdId2plWkxHRUVmSkdXbm1iSjI?oc=5\" target=\"_blank\" rel=\"nofollow noopener\">Avance de &#8216;La Promesa&#8217;, cap\u00edtulo 673 de este jueves 11 de septiembre: no hay vuelta atr\u00e1s para Catalina y P\u00eda se lleva un bronca<\/a>&nbsp;&nbsp;El Mundo<\/li>\n<li><a href=\"https:\/\/news.google.com\/rss\/articles\/CBMiwAFBVV95cUxQZXVDY0hLSWd0REpyRzNpYlBTTUs3X3VQcXFQOGRrOGdEVDBPbC1oVGlhQ2RodDdSM1Ztd05yNlZFTWctdncxYjRabE5yajlZRTlTNy1DUHBneDBvcGU5MmJlZWQ1bGozdkd2TUJRaFlHMEwxbkpYeGpFWlBBOW9uTXNOSHlIWmY0NkZyck4tXzZoc25DSkVfRDdjV0pQc1BXUUJ5bGlzenlSNEJ1RUVibkdPTlVOeTdBRFRrRVc5bTnSAcYBQVVfeXFMUFI1QzNvcmVTMkhsVlg4eW1vaUxkQkpjLWdzVUZrdkt0WGp2NEdUWS1lb0F0a1JqMnBaOHowVFJCMDIzT3lXMmJmV2VpNU9aQTBFblRBWjdXMGY3ak5oaEU3UzVGZ19lN3dGYmhOY3ZwOFV0ZkNEcmFwTVM2OXlGdThKQl9ybmZUMkR3N0Q0VkVsME93MmxLbGkwOU9KUVBPaHNFZjB3cVd5WnAzaXlYQTNFVTZBWFVFcHRzZGt0V2FPOGtGRm1R?oc=5\" target=\"_blank\" rel=\"nofollow noopener\">Avance del cap\u00edtulo de &#8216;La Promesa&#8217; del jueves, 11 de septiembre: Catalina, de nuevo en los peri\u00f3dicos<\/a>&nbsp;&nbsp;El Confidencial<\/li>\n<li><a href=\"https:\/\/news.google.com\/rss\/articles\/CBMimgFBVV95cUxNM25tTzBGd2tueXRKbW1MRVF3aGxGMjlaOXhDNmQzbXFQZWFWMUxGb2szZTVlMXJid3JpejhxblNHejRqMXVyWEdFQ1NUdXNHZkNyOUtucjU3YmZ5VWtseThGdE01Zi1QanIySG8yNlRSdm0wMGNTRUFiZjJKTXpveEFjSlpwbW9USkJYRVh6VUxCbjRWWkdNNGdR?oc=5\" target=\"_blank\" rel=\"nofollow noopener\">La confesi\u00f3n de Carmen Asecas en &#8216;La Promesa&#8217; que te dejar\u00e1 totalmente sin palabras<\/a>&nbsp;&nbsp;xcatalunya.cat<\/li>\n<li><a href=\"https:\/\/news.google.com\/rss\/articles\/CBMi-AFBVV95cUxPc2Y5LXljWVJFMWhOT1JNcmJmY3hyY3hZYzl1b3VpWlJLVG1XRXkyMlFFUjZITzVpN0JvQV9DdDJJV3lLN0REekRMQ0NmUkN0Vk91VVdPZjZrcHRuSmtJQnNtdU5pLWdVYWRkdllHY1FUZk1SYTdQZlpvRHlQaldwQlJzZ1dZTmU2MWZtbG1VMUp2UVV6dXBLYVM4UVdjNTZJUldQVUZXYXBGczZoZWU4T1M0akNkR1NuYkl1WTZMUWd3UTU1cTRkU3pmMEtTaDFheENKVUttb2k3MUd3SnBTSlZadlFGeHp3d2U5N25fTFFIV2xud0lOWNIBhgJBVV95cUxOOTRLRnM2UVp3V2phM0w5TW9FX1hYNTF4c2wwSXVhOWRmNkw2VjZpQWxBeEpaY2FtV3pjVm90OUhFLUJvZXo5MTNyakkyWU5sN3A5WWU2TjFQdHlkTGxxNkoxTHV3cHdBWnpqX2ZaSjdVZUJWOTkyZ2cyU1E2azdkY2pFRU5OMDBrN1NfbnNfRkhHd3k0THFTNk1vb1pjdTdEcGN0V19sYzhyQzlQd0FOcGNwVmlJWXBUMGMwMFFqcGlraHMtRUJ4d3VqZWx5WHhuUHBpOG9mTW0xS0JaRGZvZ0dDdjE2eG9oZ2lMUXMycXRRS09oWWFfRENLRU5tVF9HS3NlYmV3?oc=5\" target=\"_blank\" rel=\"nofollow noopener\">Avance del cap\u00edtulo 673 de &#8216;La Promesa&#8217; que se puede ver este jueves en RTVE: P\u00eda, sin m\u00e1s opciones, trae a Dieguito al palacio<\/a>&nbsp;&nbsp;Mundo Deportivo<\/li>\n<li><a href=\"https:\/\/news.google.com\/rss\/articles\/CBMikAFBVV95cUxQRVZJVk9pYjZmdl9NbTg2emktWEM4cjJFUGkzWlcyWjdNcFNScWxvNFowYW9XeTZlWlVJdktURVVYN011czJRTWtNM1ZEWDk0aHRLMzZFQVhGWFVtYnl1c29pUjVtNkNWRUMyZG9zcGZxSHd2cWQ2RWxqVjBWLUdCTkE3MWY4dlVSazdhWUNhRkI?oc=5\" target=\"_blank\" rel=\"nofollow noopener\">La obligada determinaci\u00f3n de Mar\u00eda Castro que causa un giro de 180\u00ba en &#8216;La Promesa&#8217;<\/a>&nbsp;&nbsp;tveo.es<\/li>\n<\/ol>\n","protected":false},"excerpt":{"rendered":"Avance de &#8216;La Promesa&#8217;, cap\u00edtulo 673 de este jueves 11 de septiembre: no hay vuelta atr\u00e1s para Catalina&hellip;\n","protected":false},"author":2,"featured_media":107039,"comment_status":"","ping_status":"","sticky":false,"template":"","format":"standard","meta":{"footnotes":""},"categories":[171],"tags":[11030,146,147,25,24,11031,805,23,807,11029,6761,214],"class_list":{"0":"post-107038","1":"post","2":"type-post","3":"status-publish","4":"format-standard","5":"has-post-thumbnail","7":"category-tv","8":"tag-cineseries","9":"tag-entertainment","10":"tag-entretenimiento","11":"tag-es","12":"tag-espana","13":"tag-la-promesa","14":"tag-series","15":"tag-spain","16":"tag-television","17":"tag-television-series","18":"tag-tresb","19":"tag-tv"},"share_on_mastodon":{"url":"","error":""},"_links":{"self":[{"href":"https:\/\/www.europesays.com\/es\/wp-json\/wp\/v2\/posts\/107038","targetHints":{"allow":["GET"]}}],"collection":[{"href":"https:\/\/www.europesays.com\/es\/wp-json\/wp\/v2\/posts"}],"about":[{"href":"https:\/\/www.europesays.com\/es\/wp-json\/wp\/v2\/types\/post"}],"author":[{"embeddable":true,"href":"https:\/\/www.europesays.com\/es\/wp-json\/wp\/v2\/users\/2"}],"replies":[{"embeddable":true,"href":"https:\/\/www.europesays.com\/es\/wp-json\/wp\/v2\/comments?post=107038"}],"version-history":[{"count":0,"href":"https:\/\/www.europesays.com\/es\/wp-json\/wp\/v2\/posts\/107038\/revisions"}],"wp:featuredmedia":[{"embeddable":true,"href":"https:\/\/www.europesays.com\/es\/wp-json\/wp\/v2\/media\/107039"}],"wp:attachment":[{"href":"https:\/\/www.europesays.com\/es\/wp-json\/wp\/v2\/media?parent=107038"}],"wp:term":[{"taxonomy":"category","embeddable":true,"href":"https:\/\/www.europesays.com\/es\/wp-json\/wp\/v2\/categories?post=107038"},{"taxonomy":"post_tag","embeddable":true,"href":"https:\/\/www.europesays.com\/es\/wp-json\/wp\/v2\/tags?post=107038"}],"curies":[{"name":"wp","href":"https:\/\/api.w.org\/{rel}","templated":true}]}}