{"id":107058,"date":"2025-09-11T04:56:08","date_gmt":"2025-09-11T04:56:08","guid":{"rendered":"https:\/\/www.europesays.com\/es\/107058\/"},"modified":"2025-09-11T04:56:08","modified_gmt":"2025-09-11T04:56:08","slug":"el-bera-bera-se-repone-de-un-mal-arranque-en-atticgo-balonmano-elche20-26","status":"publish","type":"post","link":"https:\/\/www.europesays.com\/es\/107058\/","title":{"rendered":"El Bera Bera se repone de un mal arranque en Atticgo Balonmano Elche(20-26)"},"content":{"rendered":"<p>Tiempo de lectura:  2 minutos <\/p>\n<p>Tras un inicio esperanzador de las alicantinas, el conjunto guipuzcoano mete una marcha mas y se lleva los puntos del Esperanza Lag.<\/p>\n<p>Duro test para el Elche Atticgo en su primer encuentro de la temporada en casa recibiendo al Bera Bera de San Sebasti\u00e1n con la intenci\u00f3n de darle caza. Las de casa empezaron con br\u00edo y dominando a un Bera Bera que no estaba de arranque nada c\u00f3modo. Con ello las locales en defensa se mostraron inquebrantables, algo que dej\u00f3 a las visitantes en tres goles a los diez minutos (6-3). Cuando reaccion\u00f3 Bera Bera, endos\u00f3 un parcial de 1-5 con el que daba vuelta al marcador y tras ponerse por delante, el tramo final del primer tiempo, mejor encarado por las de Imanol \u00c1lvarez les conced\u00eda al descanso ventaja (10-15).<\/p>\n<p>Tras el descanso los cinco goles de renta los manejo bien un Bera Bera que disfrutaba de dicha renta. Cuando Nicole Morales intervino en varias acciones visitantes, dicha renta empez\u00f3 a flaquear, amen de varias acciones locales de gol que colocaron el 16-18 donde Imanol pas\u00f3 a un tiempo muerto. La inercia local no trajo continuidad y con ello de nuevo el equipo vasco abri\u00f3 brecha (17-22) a diez minutos para el final donde fue Rocamora quien busc\u00f3 soluciones. No hubo opci\u00f3n a ello pues el Bera Bera que en ataque le meti\u00f3 mayor intensidad, acab\u00f3 sentenciando a domicilio al equipo ilicitano con el 20-26 al t\u00e9rmino del encuentro.<\/p>\n<p>Ficha t\u00e9cnica:<\/p>\n<p>Elche Atticgo BM (20): Nicole Morales y Udane Bernab\u00e9 (p), Paula Agull\u00f3 (1), Martin Bur\u00f3, Noelia Solla (1), Patri M\u00e9ndez, Zaira Ben\u00edtez y Lissa Oppedal (4) -siete inicial-\u00a0<\/p>\n<p>Jimena Laguna (1),\u00a0 Lucia Calleja (1 p), Clara Gasc\u00f3 (1), Vanesa Rubio (5p), Rosa Armenteros (1), Carmen Figueiredo (5) y Vicky Pe\u00f1as. Entrenador: Joaqu\u00edn Rocamora.\u00a0<\/p>\n<p>Bera Bera S\u00faper Amara (26): Nicole Wiggins y Lucia Prades (ps), Eszter Ogokovszky (2), Giuliana Gavil\u00e1n (2), Lissane Kruijswijk, Elke Karsten (4, 1p) y Maitane Etxeberria -siete inicial- Elba \u00c1lvarez (7, 2p), Laura Hern\u00e1ndez (1), Lyndie Tchaptchet (2), Elena Amores, Anne Erauskin (3), Micaela Rodrigues (1) y Carmen Arroyo (3p). Entrenador: Imanol \u00c1lvarez.\u00a0<\/p>\n<p>Parciales: 2-1, 6-3, 7-4, 7-8, 10-12, 10-15 -descanso- 11-16, 12-16, 16-19, 17-22, 18-25 y 20-26 -final-<\/p>\n<p>\u00c1rbitros: Mart\u00edn Soria y Jes\u00fas \u00c1lvarez. Excluyeron dos minutos por las locales a M\u00e9ndez, Mart\u00edn Bur\u00f3 (2) y Solla y por las visitantes a Karsten.<\/p>\n<p>Incidencias: Pabell\u00f3n Esperanza Lag.<\/p>\n","protected":false},"excerpt":{"rendered":"Tiempo de lectura: 2 minutos Tras un inicio esperanzador de las alicantinas, el conjunto guipuzcoano mete una marcha&hellip;\n","protected":false},"author":2,"featured_media":107059,"comment_status":"","ping_status":"","sticky":false,"template":"","format":"standard","meta":{"footnotes":""},"categories":[278],"tags":[376,168,2006,25,24,375,23,167],"class_list":{"0":"post-107058","1":"post","2":"type-post","3":"status-publish","4":"format-standard","5":"has-post-thumbnail","7":"category-balonmano","8":"tag-balonmano","9":"tag-deportes","10":"tag-elche","11":"tag-es","12":"tag-espana","13":"tag-handball","14":"tag-spain","15":"tag-sports"},"share_on_mastodon":{"url":"","error":""},"_links":{"self":[{"href":"https:\/\/www.europesays.com\/es\/wp-json\/wp\/v2\/posts\/107058","targetHints":{"allow":["GET"]}}],"collection":[{"href":"https:\/\/www.europesays.com\/es\/wp-json\/wp\/v2\/posts"}],"about":[{"href":"https:\/\/www.europesays.com\/es\/wp-json\/wp\/v2\/types\/post"}],"author":[{"embeddable":true,"href":"https:\/\/www.europesays.com\/es\/wp-json\/wp\/v2\/users\/2"}],"replies":[{"embeddable":true,"href":"https:\/\/www.europesays.com\/es\/wp-json\/wp\/v2\/comments?post=107058"}],"version-history":[{"count":0,"href":"https:\/\/www.europesays.com\/es\/wp-json\/wp\/v2\/posts\/107058\/revisions"}],"wp:featuredmedia":[{"embeddable":true,"href":"https:\/\/www.europesays.com\/es\/wp-json\/wp\/v2\/media\/107059"}],"wp:attachment":[{"href":"https:\/\/www.europesays.com\/es\/wp-json\/wp\/v2\/media?parent=107058"}],"wp:term":[{"taxonomy":"category","embeddable":true,"href":"https:\/\/www.europesays.com\/es\/wp-json\/wp\/v2\/categories?post=107058"},{"taxonomy":"post_tag","embeddable":true,"href":"https:\/\/www.europesays.com\/es\/wp-json\/wp\/v2\/tags?post=107058"}],"curies":[{"name":"wp","href":"https:\/\/api.w.org\/{rel}","templated":true}]}}