{"id":107060,"date":"2025-09-11T04:57:07","date_gmt":"2025-09-11T04:57:07","guid":{"rendered":"https:\/\/www.europesays.com\/es\/107060\/"},"modified":"2025-09-11T04:57:07","modified_gmt":"2025-09-11T04:57:07","slug":"realizan-ceremonia-de-premiacion-del-serial-taurino-arre-y-ole","status":"publish","type":"post","link":"https:\/\/www.europesays.com\/es\/107060\/","title":{"rendered":"Realizan ceremonia de premiaci\u00f3n del serial taurino &#8216;Arre y Ol\u00e9&#8217;"},"content":{"rendered":"<p>Este mi\u00e9rcoles 10 de septiembre se llev\u00f3 a cabo la ceremonia de premiaci\u00f3n del <strong>Primer Serial Taurino \u00abArre y Ol\u00e9\u00bb<\/strong> en las instalaciones del Lienzo Zerme\u00f1o, encabezado por la Asociaci\u00f3n \u00abJalisco por su Cultura y Tradiciones\u00bb A.C.<\/p>\n<p>En el evento se entregaron reconocimientos a quienes formaron parte del serial, donde se representaron las ra\u00edces de la charrer\u00eda y la tauromaquia.<\/p>\n<p>Leonardo Delgadillo, presidente de la Asociaci\u00f3n \u00abJalisco por su Cultura y Tradiciones\u00bb, agradeci\u00f3 a los que hicieron posible esta celebraci\u00f3n, misma que esperan poder repetir el pr\u00f3ximo a\u00f1o.<\/p>\n<p>\u201cAgradecerles de verdad a cada uno de ustedes, a todas las personas que nos hicieron el favor de venir, de pagar su boleto, de traer ni\u00f1os, su esposa, sus nietos. Fue un evento de verdad donde quedamos muy contentos, esperando, pues, no s\u00e9, planear lo que se pueda repetir el pr\u00f3ximo a\u00f1o. Fue algo de verdad, digo, que se hizo entre amigos y que creo que result\u00f3 bien, result\u00f3 de la mejor manera\u201d, se\u00f1al\u00f3.<\/p>\n<p><strong>Crist\u00f3bal Arenas \u00abEl Maletilla\u00bb fue reconocido como el novillero triunfador<\/strong>, por lo que estar\u00e1 en uno de los carteles de las novilladas en la pr\u00f3xima temporada de la plaza de toros Nuevo Progreso de Guadalajara.<\/p>\n<p>El joven asegur\u00f3 que el serial taurino fue una gran oportunidad ante el momento tan complicado que viven los novilleros por la falta de festejos en M\u00e9xico.<\/p>\n<p>\u201cEstoy muy contento, creo que personalmente hab\u00edan sido tiempos complicados para m\u00ed. Creo que hoy los novilleros vivimos un panorama complicado, por la falta de festejos, la falta de oportunidades y, pues, la organizaci\u00f3n de este certamen, la verdad, para m\u00ed fue todo. Fue un volver a empezar y, pues, agradezco a todos, de coraz\u00f3n, dar la enhorabuena por el \u00e9xito que ha tenido este certamen y, pues, muy contento de ser el ganador de la primera edici\u00f3n\u201d, concluy\u00f3.<\/p>\n<p>Otros elementos que fueron reconocidos fueron: David V\u00e1zquez (mejor puyazo), Ferm\u00edn Quiroz (mejor brega), Jes\u00fas Mart\u00ednez Mu\u00f1oz (mejor par de banderillas), junto a Pablo Leopoldo Mart\u00edn del Campo y Pablo Moreno Valenzuela \u201cEl Siete\u201d con los mejores novillos.<\/p>\n<p>  <img decoding=\"async\" alt=\"\" data-height=\"525\" data-size=\"w:4160,h:3120\" data-width=\"700\" hspace=\"5\" src=\"https:\/\/www.europesays.com\/es\/wp-content\/uploads\/2025\/09\/whatsapp_image_2025-09-10_at_10_28_06_pm.jpeg_424642412.jpeg\" title=\"\" vspace=\"5\"\/> <\/p>\n<p>    Crist\u00f3bal Arenas \u201cEl Maletilla\u201d. ESPECIAL. <\/p>\n<p>SV<\/p>\n<p>\n            Temas\n        <\/p>\n<p>\n\t\t\t\t\tLee Tambi\u00e9n\n\t\t\t\t<\/p>\n","protected":false},"excerpt":{"rendered":"Este mi\u00e9rcoles 10 de septiembre se llev\u00f3 a cabo la ceremonia de premiaci\u00f3n del Primer Serial Taurino \u00abArre&hellip;\n","protected":false},"author":2,"featured_media":107061,"comment_status":"","ping_status":"","sticky":false,"template":"","format":"standard","meta":{"footnotes":""},"categories":[277],"tags":[373,168,25,24,23,167,374,444],"class_list":{"0":"post-107060","1":"post","2":"type-post","3":"status-publish","4":"format-standard","5":"has-post-thumbnail","7":"category-toreo","8":"tag-bullfighting","9":"tag-deportes","10":"tag-es","11":"tag-espana","12":"tag-spain","13":"tag-sports","14":"tag-toreo","15":"tag-toros"},"share_on_mastodon":{"url":"","error":""},"_links":{"self":[{"href":"https:\/\/www.europesays.com\/es\/wp-json\/wp\/v2\/posts\/107060","targetHints":{"allow":["GET"]}}],"collection":[{"href":"https:\/\/www.europesays.com\/es\/wp-json\/wp\/v2\/posts"}],"about":[{"href":"https:\/\/www.europesays.com\/es\/wp-json\/wp\/v2\/types\/post"}],"author":[{"embeddable":true,"href":"https:\/\/www.europesays.com\/es\/wp-json\/wp\/v2\/users\/2"}],"replies":[{"embeddable":true,"href":"https:\/\/www.europesays.com\/es\/wp-json\/wp\/v2\/comments?post=107060"}],"version-history":[{"count":0,"href":"https:\/\/www.europesays.com\/es\/wp-json\/wp\/v2\/posts\/107060\/revisions"}],"wp:featuredmedia":[{"embeddable":true,"href":"https:\/\/www.europesays.com\/es\/wp-json\/wp\/v2\/media\/107061"}],"wp:attachment":[{"href":"https:\/\/www.europesays.com\/es\/wp-json\/wp\/v2\/media?parent=107060"}],"wp:term":[{"taxonomy":"category","embeddable":true,"href":"https:\/\/www.europesays.com\/es\/wp-json\/wp\/v2\/categories?post=107060"},{"taxonomy":"post_tag","embeddable":true,"href":"https:\/\/www.europesays.com\/es\/wp-json\/wp\/v2\/tags?post=107060"}],"curies":[{"name":"wp","href":"https:\/\/api.w.org\/{rel}","templated":true}]}}