{"id":107062,"date":"2025-09-11T05:00:18","date_gmt":"2025-09-11T05:00:18","guid":{"rendered":"https:\/\/www.europesays.com\/es\/107062\/"},"modified":"2025-09-11T05:00:18","modified_gmt":"2025-09-11T05:00:18","slug":"la-paradoja-mas-humana-que-rafa-nadal-vivio-con-la-copa-davis","status":"publish","type":"post","link":"https:\/\/www.europesays.com\/es\/107062\/","title":{"rendered":"La paradoja m\u00e1s humana que Rafa Nadal vivi\u00f3 con la Copa Davis"},"content":{"rendered":"<p class=\"\"><a href=\"https:\/\/as.com\/noticias\/rafael-nadal\/\" target=\"_self\" rel=\"nofollow noopener\" title=\"https:\/\/as.com\/noticias\/rafael-nadal\/\"><b>Rafael Nadal <\/b><\/a>represent\u00f3 a Espa\u00f1a en innumerables ocasiones, tanto en los <b>Juegos Ol\u00edmpicos<\/b> (2004, 2008, 2016 y 2024) como en la <b>Copa Davis<\/b>. El manacor\u00ed fue miembro del equipo nacional que disput\u00f3 la Davis un total de 12 veces y <b>disput\u00f3 un total de 43 partidos entre individuales (31) y dobles (12).<\/b><\/p>\n<p class=\"\">De esos 31 partidos que disput\u00f3 en individuales solo perdi\u00f3 dos, siendo el primero en su debut en la competici\u00f3n (2004) y el segundo en el que fue su retirada como tenista profesional (2024). Entre ambos partidos hubo <b>20 a\u00f1os, 29 victorias y cinco t\u00edtulos <\/b>en 2004, 2008 (aunque no pudo jugar la final), 2009, 2011 y 2019.<\/p>\n<p class=\"\">Su primera derrota fue en <b>febrero de 2004<\/b> durante la <b>eliminatoria de primera ronda que enfrent\u00f3 a Espa\u00f1a y a Rep\u00fablica Checa.<\/b> El manacor\u00ed, entonces con 17 a\u00f1os y n\u00famero 41 del mundo, no pudo con Jiri Novak, <b>jugador que entonces era el 16\u00ba del ranking<\/b>. El checo era un peligroso tenista de 1.91 que lleg\u00f3 a ser 5\u00ba del mundo un par de a\u00f1os antes y se deshizo del espa\u00f1ol por<b> 7-6, 6-3 y 7-6. <\/b><\/p>\n<p class=\"\">Nadal tambi\u00e9n perdi\u00f3 un partido de dobles en esa eliminatoria pero se repuso y <b>gan\u00f3 el definitivo duelo ante Radek Stepanek (48\u00ba) para darle a Espa\u00f1a el triunfo por 3-2<\/b>. Finalmente esa edici\u00f3n de la Copa Davis la terminar\u00eda ganando Espa\u00f1a con un ajustado 3-2 ante Estados Unidos en la final, en la que <b>Nadal hizo su parte y gan\u00f3 a Andy Roddick en el segundo partido.<\/b><\/p>\n<p class=\"\">20 a\u00f1os despu\u00e9s, en circunstancias completamente diferentes, Nadal volvi\u00f3 a perder un partido individual en una Copa Davis. En la <b>eliminatoria de cuartos de final de 2024 entre Espa\u00f1a y Holanda<\/b>, un Rafa de 38 a\u00f1os y n\u00famero 154 del ranking no pudo con Botic van de Zandschulp (80\u00ba), que se<b> llev\u00f3 el primer partido de la eliminatoria por un doble 6-4.<\/b><\/p>\n<p class=\"\">Finalmente, Espa\u00f1a perder\u00eda ese choque y ese partido ser\u00eda el \u00faltimo de la legendaria carrera del tenista espa\u00f1ol. Una <b>despedida amarga<\/b> y que el propio Nadal critic\u00f3 tiempo despu\u00e9s. \u201cEl homenaje de M\u00e1laga ni tuvo sentido ni estuvo bien\u201d, declar\u00f3 el manacor\u00ed. Nadal se march\u00f3 de esa Copa Davis con un <b>r\u00e9cord de 29-2 en individuales y de 8-4 en dobles.<\/b><\/p>\n<p>Noticias relacionadas<a href=\"https:\/\/as.com\/tenis\/copa_davis\/espana-dinamarca-en-copa-davis-2025-jugadores-equipos-capitanes-quien-juega-en-individual-y-en-dobles-n\/\" class=\"s_m_w\" title=\"Consulta qu\u00e9 tenistas disputar\u00e1n la segunda ronda eliminatoria de la Copa Davis en Marbella tras las bajas de Alcaraz, Davidovich y Granollers.\" data-tb-link=\"\" rel=\"nofollow noopener\" target=\"_blank\"><img decoding=\"async\" src=\"https:\/\/www.europesays.com\/es\/wp-content\/uploads\/2025\/09\/1757566817_223_3SEZZOFKYRK7XOTZWGY32PWFUQ.jpg\" alt=\"Espa\u00f1a - Dinamarca en la Copa Davis 2025: jugadores, equipos, capitanes, qui\u00e9n juega en individual y en dobles\" class=\"\" height=\"1\" width=\"1\"   loading=\"lazy\" data-tb-thumbnail=\"\"\/><\/a><a href=\"https:\/\/as.com\/masdeporte\/polideportivo\/granollers-baja-en-la-copa-davis-por-lesion-n\/\" class=\"s_m_w\" title=\"El catal\u00e1n, que arrastraba problemas f\u00edsicos desde el inicio del US Open, no podr\u00e1 competir con la Selecci\u00f3n por una lesi\u00f3n en el tobillo derecho.\" data-tb-link=\"\" rel=\"nofollow noopener\" target=\"_blank\"><img decoding=\"async\" src=\"https:\/\/www.europesays.com\/es\/wp-content\/uploads\/2025\/09\/1757566818_142_PIDHBUXDKRPRLFGPV6WH2S6YOI.jpg\" alt=\"Granollers, baja en la Copa Davis por lesi\u00f3n \" class=\"\" height=\"1\" width=\"1\"   loading=\"lazy\" data-tb-thumbnail=\"\"\/><\/a><\/p>\n<p class=\"\"><b>\u00a1Tus opiniones importan!<\/b> Comenta en los art\u00edculos y suscr\u00edbete gratis a nuestra <a href=\"https:\/\/asfan.as.com\/newsletters\/\" target=\"_blank\" rel=\"nofollow noopener\" title=\"https:\/\/asfan.as.com\/newsletters\/\">newsletter<\/a> y a las alertas informativas en la <a href=\"https:\/\/as.com\/aplicacion-de-as-n\/\" target=\"_blank\" rel=\"nofollow noopener\" title=\"https:\/\/as.com\/aplicacion-de-as-n\/\">App<\/a> o el canal de <a href=\"https:\/\/www.whatsapp.com\/channel\/0029VaAasdA7j6g745nz9M10\" target=\"_blank\" rel=\"nofollow noopener\" title=\"https:\/\/www.whatsapp.com\/channel\/0029VaAasdA7j6g745nz9M10\">WhatsApp<\/a>. \u00bfBuscas licenciar contenido?<\/p>\n<p class=\"\">Haz clic <a href=\"https:\/\/profesional.elpais.com\/soluciones-sindicacion?utm_medium=interno&amp;utm_source=crosslinking&amp;utm_campaign=sindicacion_as_pie_articulos\" target=\"_blank\" rel=\"nofollow noopener\" title=\"https:\/\/profesional.elpais.com\/soluciones-sindicacion?utm_medium=interno&amp;utm_source=crosslinking&amp;utm_campaign=sindicacion_as_pie_articulos\">aqu\u00ed<\/a><\/p>\n","protected":false},"excerpt":{"rendered":"Rafael Nadal represent\u00f3 a Espa\u00f1a en innumerables ocasiones, tanto en los Juegos Ol\u00edmpicos (2004, 2008, 2016 y 2024)&hellip;\n","protected":false},"author":2,"featured_media":107063,"comment_status":"","ping_status":"","sticky":false,"template":"","format":"standard","meta":{"footnotes":""},"categories":[274],"tags":[168,25,24,23,167,327,326],"class_list":{"0":"post-107062","1":"post","2":"type-post","3":"status-publish","4":"format-standard","5":"has-post-thumbnail","7":"category-tenis","8":"tag-deportes","9":"tag-es","10":"tag-espana","11":"tag-spain","12":"tag-sports","13":"tag-tenis","14":"tag-tennis"},"share_on_mastodon":{"url":"","error":""},"_links":{"self":[{"href":"https:\/\/www.europesays.com\/es\/wp-json\/wp\/v2\/posts\/107062","targetHints":{"allow":["GET"]}}],"collection":[{"href":"https:\/\/www.europesays.com\/es\/wp-json\/wp\/v2\/posts"}],"about":[{"href":"https:\/\/www.europesays.com\/es\/wp-json\/wp\/v2\/types\/post"}],"author":[{"embeddable":true,"href":"https:\/\/www.europesays.com\/es\/wp-json\/wp\/v2\/users\/2"}],"replies":[{"embeddable":true,"href":"https:\/\/www.europesays.com\/es\/wp-json\/wp\/v2\/comments?post=107062"}],"version-history":[{"count":0,"href":"https:\/\/www.europesays.com\/es\/wp-json\/wp\/v2\/posts\/107062\/revisions"}],"wp:featuredmedia":[{"embeddable":true,"href":"https:\/\/www.europesays.com\/es\/wp-json\/wp\/v2\/media\/107063"}],"wp:attachment":[{"href":"https:\/\/www.europesays.com\/es\/wp-json\/wp\/v2\/media?parent=107062"}],"wp:term":[{"taxonomy":"category","embeddable":true,"href":"https:\/\/www.europesays.com\/es\/wp-json\/wp\/v2\/categories?post=107062"},{"taxonomy":"post_tag","embeddable":true,"href":"https:\/\/www.europesays.com\/es\/wp-json\/wp\/v2\/tags?post=107062"}],"curies":[{"name":"wp","href":"https:\/\/api.w.org\/{rel}","templated":true}]}}