{"id":107068,"date":"2025-09-11T05:03:36","date_gmt":"2025-09-11T05:03:36","guid":{"rendered":"https:\/\/www.europesays.com\/es\/107068\/"},"modified":"2025-09-11T05:03:36","modified_gmt":"2025-09-11T05:03:36","slug":"un-gran-bueno-arenas-albacete-basket-derroto-al-fuenlabrada","status":"publish","type":"post","link":"https:\/\/www.europesays.com\/es\/107068\/","title":{"rendered":"Un gran Bueno Arenas Albacete Basket derrot\u00f3 al Fuenlabrada"},"content":{"rendered":"<p>Los aficionados que acudieron al Pabell\u00f3n del Parque pudieron disfrutar de un bonito y espectacular partido en el que su equipo, el Bueno Arenas Albacete Basket, derrot\u00f3 con solvencia a un rival de superior categor\u00eda, como es el Flexicar Fuenlabrada, un equipo que quiere pelear por volver a la Liga ACB.<\/p>\n<p>El partido dej\u00f3 muy buenas sensaciones, con un Albacete Basket s\u00f3lido y constante en su juego, que mantuvo una l\u00ednea muy regular durante todo el encuentro,\u00a0 siempre por delante de su rival y que no se puso nervioso cuando los madrile\u00f1os apretaron en la recta final.<\/p>\n<p>Espectacular fue el partido del renovado Amiel, pero no menos que el resto de sus compa\u00f1eros, con Chuso Gonz\u00e1lez con sus m\u00e1gicos triples, Bramble poniendo fuerza bajo el aro a pesar de no ser muy alto, Reid atesorando una gran clase como tirador, Vanaclocha dominando los tableros, el desparpajo de Merlo en el primer cuarto y la colaboraci\u00f3n de V\u00edctor Aguilar, V\u00edctor Mu\u00f1oz y Adri\u00e1n Conti, sin olvidar a los canteranos Garc\u00eda y Luj\u00e1n. Un equipo coral que trabaj\u00f3 muy bien en defensa, con una zona en diversos momentos que se le atraves\u00f3 a Fuenlabrada, pero siempre mucha agresividad y tensi\u00f3n que fue fundamental para mantener a ralla a los madrile\u00f1os.<\/p>\n<p>Si a esto le unes un juego fluido y acertado en ataque, con bonitas penetraciones, combinaciones con asistencias vistosas y lanzamientos\u00a0 acertados, la combinaci\u00f3n es perfecta para poder doblegar con autoridad a un rival de superior categor\u00eda. Al descanso ya se lleg\u00f3 con 48-37. En el arranque del \u00faltimo periodo se lleg\u00f3 a la m\u00e1xima ventaja (78-62) pero en la recta final apret\u00f3 Fuenlabrada. El Albacete Basket no le dej\u00f3 margen para darle la vuelta al marcador.<\/p>\n","protected":false},"excerpt":{"rendered":"Los aficionados que acudieron al Pabell\u00f3n del Parque pudieron disfrutar de un bonito y espectacular partido en el&hellip;\n","protected":false},"author":2,"featured_media":107069,"comment_status":"","ping_status":"","sticky":false,"template":"","format":"standard","meta":{"footnotes":""},"categories":[269],"tags":[36854,299,298,36995,168,25,24,831,36996,23,167,36997],"class_list":{"0":"post-107068","1":"post","2":"type-post","3":"status-publish","4":"format-standard","5":"has-post-thumbnail","7":"category-baloncesto","8":"tag-albacete-basket","9":"tag-baloncesto","10":"tag-basketball","11":"tag-david-varela","12":"tag-deportes","13":"tag-es","14":"tag-espana","15":"tag-liga-acb","16":"tag-pabellon-del-parque","17":"tag-spain","18":"tag-sports","19":"tag-victor-aguilar"},"share_on_mastodon":{"url":"","error":""},"_links":{"self":[{"href":"https:\/\/www.europesays.com\/es\/wp-json\/wp\/v2\/posts\/107068","targetHints":{"allow":["GET"]}}],"collection":[{"href":"https:\/\/www.europesays.com\/es\/wp-json\/wp\/v2\/posts"}],"about":[{"href":"https:\/\/www.europesays.com\/es\/wp-json\/wp\/v2\/types\/post"}],"author":[{"embeddable":true,"href":"https:\/\/www.europesays.com\/es\/wp-json\/wp\/v2\/users\/2"}],"replies":[{"embeddable":true,"href":"https:\/\/www.europesays.com\/es\/wp-json\/wp\/v2\/comments?post=107068"}],"version-history":[{"count":0,"href":"https:\/\/www.europesays.com\/es\/wp-json\/wp\/v2\/posts\/107068\/revisions"}],"wp:featuredmedia":[{"embeddable":true,"href":"https:\/\/www.europesays.com\/es\/wp-json\/wp\/v2\/media\/107069"}],"wp:attachment":[{"href":"https:\/\/www.europesays.com\/es\/wp-json\/wp\/v2\/media?parent=107068"}],"wp:term":[{"taxonomy":"category","embeddable":true,"href":"https:\/\/www.europesays.com\/es\/wp-json\/wp\/v2\/categories?post=107068"},{"taxonomy":"post_tag","embeddable":true,"href":"https:\/\/www.europesays.com\/es\/wp-json\/wp\/v2\/tags?post=107068"}],"curies":[{"name":"wp","href":"https:\/\/api.w.org\/{rel}","templated":true}]}}