{"id":107078,"date":"2025-09-11T05:11:09","date_gmt":"2025-09-11T05:11:09","guid":{"rendered":"https:\/\/www.europesays.com\/es\/107078\/"},"modified":"2025-09-11T05:11:09","modified_gmt":"2025-09-11T05:11:09","slug":"los-ciclistas-se-plantan-ante-las-protestas-en-favor-de-palestina-que-esta-pasando-el-pais-expres","status":"publish","type":"post","link":"https:\/\/www.europesays.com\/es\/107078\/","title":{"rendered":"Los ciclistas se plantan ante las protestas en favor de Palestina: \u00bfqu\u00e9 est\u00e1 pasando? | El PA\u00cdS Expr\u00e9s"},"content":{"rendered":"<p><img fetchpriority=\"high\" alt=\"Etapa 17 Vuelta Ciclista a Espa\u00f1a protestas a favor de Palestina\" decoding=\"auto\" class=\"_re  a_m-h\" height=\"414\"  width=\"414\"  src=\"https:\/\/www.europesays.com\/es\/wp-content\/uploads\/2025\/09\/46H7HPDUVBBMVBVUYHRV4ZIBOQ.jpg\" loading=\"eager\"\/>O BARCO DE VALDEORRAS (OURENSE), 10\/09\/2025.- Varias personas protestas por la participaci\u00f3n del equipo Israel Premier Tech en la Vuelta, y en apoyo a Palestina, ante la salida de los ciclistas participantes en la etapa 17 de la Vuelta Ciclista a Espa\u00f1a disputada este mi\u00e9rcoles entre O Barco de Valdeorras (Ourense) y Alto de El Morredero (EL Bierzo-Le\u00f3n), de 143,2km de recorrido. EFE\/ Javier Lizon&#13;<br \/>\nFOTO: Javier Lizon (EFE)<\/p>\n<p class=\"\">Las \u00faltimas etapas de la Vuelta a Espa\u00f1a se est\u00e1n disputando entre la tensi\u00f3n de equipos y corredores por las protestas en favor de Palestina.<\/p>\n<ul>\n<li>La etapa de este jueves, la 18\u00aa, se ha reducido de 27,2 kil\u00f3metros a solo 12,5 por seguridad.<\/li>\n<\/ul>\n<p class=\"\"><b>\u00bfQu\u00e9 est\u00e1 pasando?<\/b> Los altercados se suceden casi a diario (aunque de la ayer fue un poco m\u00e1s tranquila) para tratar de expulsar al Israel-Premier Tech, el equipo de Sylvan Adams, amigo \u00edntimo del primer ministro israel\u00ed Benjamin Netanyahu.<\/p>\n<ul>\n<li>Pero, en ocasiones, las protestas son peligrosas: los manifestantes han llegado a talar \u00e1rboles para cortar el camino, han lanzado objetos y han provocado que se tenga que adelantar la l\u00ednea de meta para garantizar la seguridad de los ciclistas.<\/li>\n<li>Y eso preocupa al pelot\u00f3n, que ya no mira al asfalto, sino que tiene que atender a lo que pasa en las cunetas.<\/li>\n<\/ul>\n<p class=\"\"><b>Los corredores han lanzado un ultim\u00e1tum. <\/b>Los deportistas advirtieron este mi\u00e9rcoles de que pondr\u00edan pie en tierra si se suced\u00edan los actos que ponen en peligro su integridad y no correr\u00edan m\u00e1s en la competici\u00f3n.<\/p>\n<ul>\n<li>Desde la organizaci\u00f3n dicen que se seguir\u00e1 hasta el final y conf\u00edan en los cuerpos policiales y de seguridad.<\/li>\n<\/ul>\n<p class=\"\"><b>\u00bfCu\u00e1nto queda?<\/b> El ganador se proclamar\u00e1 el pr\u00f3ximo domingo, cuando se complete la Vuelta con la etapa 21\u00aa desde Alalpardo hasta Madrid.<\/p>\n<p class=\"\">\u00a9Foto: Javier Liz\u00f3n (EFE)<\/p>\n<p class=\"\"><a href=\"https:\/\/elpais.com\/deportes\/ciclismo\/2025-09-10\/las-protestas-de-los-activistas-en-favor-de-palestina-sacuden-la-vuelta-a-espana-los-ciclistas-tienen-miedo.html\" target=\"_self\" rel=\"nofollow noopener\" title=\"https:\/\/elpais.com\/deportes\/ciclismo\/2025-09-10\/las-protestas-de-los-activistas-en-favor-de-palestina-sacuden-la-vuelta-a-espana-los-ciclistas-tienen-miedo.html\">Si quieres saber m\u00e1s, puedes leer aqu\u00ed.<\/a><\/p>\n","protected":false},"excerpt":{"rendered":"O BARCO DE VALDEORRAS (OURENSE), 10\/09\/2025.- Varias personas protestas por la participaci\u00f3n del equipo Israel Premier Tech en&hellip;\n","protected":false},"author":2,"featured_media":107079,"comment_status":"","ping_status":"","sticky":false,"template":"","format":"standard","meta":{"footnotes":""},"categories":[93],"tags":[313,2838,168,25,24,73,74,76,23,167,7603],"class_list":{"0":"post-107078","1":"post","2":"type-post","3":"status-publish","4":"format-standard","5":"has-post-thumbnail","7":"category-deportes","8":"tag-ciclismo","9":"tag-ciclistas","10":"tag-deportes","11":"tag-es","12":"tag-espana","13":"tag-franja-gaza","14":"tag-israel","15":"tag-palestina","16":"tag-spain","17":"tag-sports","18":"tag-vuelta-espana"},"share_on_mastodon":{"url":"","error":""},"_links":{"self":[{"href":"https:\/\/www.europesays.com\/es\/wp-json\/wp\/v2\/posts\/107078","targetHints":{"allow":["GET"]}}],"collection":[{"href":"https:\/\/www.europesays.com\/es\/wp-json\/wp\/v2\/posts"}],"about":[{"href":"https:\/\/www.europesays.com\/es\/wp-json\/wp\/v2\/types\/post"}],"author":[{"embeddable":true,"href":"https:\/\/www.europesays.com\/es\/wp-json\/wp\/v2\/users\/2"}],"replies":[{"embeddable":true,"href":"https:\/\/www.europesays.com\/es\/wp-json\/wp\/v2\/comments?post=107078"}],"version-history":[{"count":0,"href":"https:\/\/www.europesays.com\/es\/wp-json\/wp\/v2\/posts\/107078\/revisions"}],"wp:featuredmedia":[{"embeddable":true,"href":"https:\/\/www.europesays.com\/es\/wp-json\/wp\/v2\/media\/107079"}],"wp:attachment":[{"href":"https:\/\/www.europesays.com\/es\/wp-json\/wp\/v2\/media?parent=107078"}],"wp:term":[{"taxonomy":"category","embeddable":true,"href":"https:\/\/www.europesays.com\/es\/wp-json\/wp\/v2\/categories?post=107078"},{"taxonomy":"post_tag","embeddable":true,"href":"https:\/\/www.europesays.com\/es\/wp-json\/wp\/v2\/tags?post=107078"}],"curies":[{"name":"wp","href":"https:\/\/api.w.org\/{rel}","templated":true}]}}