{"id":107097,"date":"2025-09-11T05:24:11","date_gmt":"2025-09-11T05:24:11","guid":{"rendered":"https:\/\/www.europesays.com\/es\/107097\/"},"modified":"2025-09-11T05:24:11","modified_gmt":"2025-09-11T05:24:11","slug":"la-vuelta-acorta-la-crono-de-valladolid-a-solo-12-kilometros","status":"publish","type":"post","link":"https:\/\/www.europesays.com\/es\/107097\/","title":{"rendered":"La Vuelta acorta la crono de Valladolid a solo 12 kil\u00f3metros"},"content":{"rendered":"<p class=\"voc-pretitle\">\nCiclismo\n<\/p>\n<p>El objetivo es tener mejor controlado el recorrido para evitar nuevos incidentes<\/p>\n<p><img fetchpriority=\"high\" class=\"voc-img\" src=\"https:\/\/www.europesays.com\/es\/wp-content\/uploads\/2025\/09\/3535t-Rx1Xv1dtITesd5n8BdBiefP-1200x840@diario_abc.jpg\" loading=\"eager\" decoding=\"async\" alt=\"La Vuelta acorta la crono de Valladolid a solo 12 kil\u00f3metros\" width=\"1200\" height=\"840\"\/><\/p>\n<p><img decoding=\"async\" class=\"voc-author__img\" src=\"https:\/\/www.europesays.com\/es\/wp-content\/uploads\/2025\/08\/autor-1083-foto-7.jpeg\" alt=\"Jos\u00e9 Carlos Carabias\"\/><\/p>\n<p>10\/09\/2025<br \/>\n<br \/><strong><br \/>\nActualizado a las 21:38h.<br \/>\n<\/strong><\/p>\n<p class=\"voc-p\" style=\"\">La organizaci\u00f3n de la Vuelta a Espa\u00f1a ha anunciado un recorte en el recorrido de la contrarreloj de la 18\u00aa etapa, que se disputa este jueves por las calles de Valladolid, y que pasar\u00e1 de los 27,2 kil\u00f3metros previstos inicialmente, a solo 12,2.<\/p>\n<p class=\"voc-p\" style=\"\">El objetivo no es otro que controlar mejor la zona de paso de los corredores para evitar nuevos incidentes con los manifestantes propalestinos, seg\u00fan anunciaba la Vuelta en un comunicado en el que aseguraba haber tomado la decisi\u00f3n en coordinaci\u00f3n con el Ayuntamiento de Valladolid y tras consultarlo con el Colegio de Comisarios.<\/p>\n<p class=\"voc-p\" style=\"\">La reducci\u00f3n de 15 kil\u00f3metros no cambiar\u00e1 ni la salida ni la meta, La primera estar\u00e1 instalada en la Plaza de San Pablo, y el primer corredor comenzar\u00e1 su participaci\u00f3n a las 14.12 horas.<\/p>\n<p class=\"voc-p\" style=\"\">La meta estar\u00e1 a la altura del n\u00famero 2 del Paseo de Zorrilla. Si se cumple el horario establecido, Jonas Vingegaard, l\u00edder de la prueba, pasar\u00e1 por ese punto a las 17.30 horas.<\/p>\n<p class=\"voc-p\" style=\"\">La noticia llega despu\u00e9s de que Pablo Fern\u00e1ndez, coportavoz nacional de Podemos y procurador en las Cortes de Castilla y Le\u00f3n, llamase a la ciudadan\u00eda a boicotear la crono para evitar su normal desarrollo.<\/p>\n<p class=\"voc-p\" style=\"\">Hasta ahora, dos etapas de la Vuelta, la 11 y la 16, tuvieron que terminar unos kil\u00f3metros antes de los previsto, sin llegar a la l\u00ednea de meta, a causa de los altercados entre las fuerzas de seguridad y los manifestantes.<\/p>\n<p>Reportar un error<\/p>\n","protected":false},"excerpt":{"rendered":"Ciclismo El objetivo es tener mejor controlado el recorrido para evitar nuevos incidentes 10\/09\/2025 Actualizado a las 21:38h.&hellip;\n","protected":false},"author":2,"featured_media":107098,"comment_status":"","ping_status":"","sticky":false,"template":"","format":"standard","meta":{"footnotes":""},"categories":[273],"tags":[37022,313,10099,312,168,25,24,5215,1138,23,167,1607,1357],"class_list":{"0":"post-107097","1":"post","2":"type-post","3":"status-publish","4":"format-standard","5":"has-post-thumbnail","7":"category-ciclismo","8":"tag-acorta","9":"tag-ciclismo","10":"tag-crono","11":"tag-cycling","12":"tag-deportes","13":"tag-es","14":"tag-espana","15":"tag-kilometros","16":"tag-solo","17":"tag-spain","18":"tag-sports","19":"tag-valladolid","20":"tag-vuelta"},"share_on_mastodon":{"url":"","error":""},"_links":{"self":[{"href":"https:\/\/www.europesays.com\/es\/wp-json\/wp\/v2\/posts\/107097","targetHints":{"allow":["GET"]}}],"collection":[{"href":"https:\/\/www.europesays.com\/es\/wp-json\/wp\/v2\/posts"}],"about":[{"href":"https:\/\/www.europesays.com\/es\/wp-json\/wp\/v2\/types\/post"}],"author":[{"embeddable":true,"href":"https:\/\/www.europesays.com\/es\/wp-json\/wp\/v2\/users\/2"}],"replies":[{"embeddable":true,"href":"https:\/\/www.europesays.com\/es\/wp-json\/wp\/v2\/comments?post=107097"}],"version-history":[{"count":0,"href":"https:\/\/www.europesays.com\/es\/wp-json\/wp\/v2\/posts\/107097\/revisions"}],"wp:featuredmedia":[{"embeddable":true,"href":"https:\/\/www.europesays.com\/es\/wp-json\/wp\/v2\/media\/107098"}],"wp:attachment":[{"href":"https:\/\/www.europesays.com\/es\/wp-json\/wp\/v2\/media?parent=107097"}],"wp:term":[{"taxonomy":"category","embeddable":true,"href":"https:\/\/www.europesays.com\/es\/wp-json\/wp\/v2\/categories?post=107097"},{"taxonomy":"post_tag","embeddable":true,"href":"https:\/\/www.europesays.com\/es\/wp-json\/wp\/v2\/tags?post=107097"}],"curies":[{"name":"wp","href":"https:\/\/api.w.org\/{rel}","templated":true}]}}