{"id":107099,"date":"2025-09-11T05:25:20","date_gmt":"2025-09-11T05:25:20","guid":{"rendered":"https:\/\/www.europesays.com\/es\/107099\/"},"modified":"2025-09-11T05:25:20","modified_gmt":"2025-09-11T05:25:20","slug":"nico-rosberg-advierte-sobre-el-peligro-de-las-papaya-rules-de-mclaren-no-esta-definido","status":"publish","type":"post","link":"https:\/\/www.europesays.com\/es\/107099\/","title":{"rendered":"Nico Rosberg advierte sobre el peligro de las \u2018Papaya Rules\u2019 de McLaren: \u201cNo est\u00e1 definido\u201d"},"content":{"rendered":"<p data-journey-content=\"true\" data-node-id=\"3\" class=\"css-i9p093 emevuu60\">La cesi\u00f3n del segundo puesto de <strong data-node-id=\"3.1\">McLaren <\/strong>est\u00e1 generando un <a href=\"https:\/\/www.caranddriver.com\/es\/formula-1\/a66008654\/mclaren-se-mete-lio-ordena-cambiar-posicion-lando-norris-oscar-piastri\/\" target=\"_blank\" data-vars-ga-outbound-link=\"https:\/\/www.caranddriver.com\/es\/formula-1\/a66008654\/mclaren-se-mete-lio-ordena-cambiar-posicion-lando-norris-oscar-piastri\/\" data-vars-ga-ux-element=\"Hyperlink\" data-vars-ga-call-to-action=\"gran debate \" data-node-id=\"3.3\" class=\"body-link css-168zq96 emevuu60\" rel=\"nofollow noopener\">gran debate <\/a>sobre la mentalidad del australiano. <strong data-node-id=\"3.5\">Piastri <\/strong>consigui\u00f3 adelantar a su compa\u00f1ero tras una mala parada en boxes, algo no ten\u00eda nada que ver con \u00e9l. Sin embargo, el actual l\u00edder del mundial accedi\u00f3 a las \u00f3rdenes y <strong data-node-id=\"3.7\">dej\u00f3 pasar al brit\u00e1nico<\/strong>, perdiendo as\u00ed una gran opci\u00f3n para dar un golpe determinante por el t\u00edtulo. En unas declaraciones para el podcast de \u2018Sky F1\u2019,<strong data-node-id=\"3.9\"> Nico Rosberg<\/strong> deja clara su postura al respecto: \u201cEl primer paso es: \u00bfest\u00e1 claramente definido en las reglas?.<strong data-node-id=\"3.11\"> Puedo decirles que no est\u00e1 definido <\/strong>en las reglas de la papaya, porque no es algo que se pueda incluir en una regla\u201d.<\/p>\n<p>Comparaci\u00f3n con Lewis Hamilton en Mercedes<\/p>\n<p data-journey-content=\"true\" data-node-id=\"7\" class=\"css-i9p093 emevuu60\">El alem\u00e1n sabe perfectamente lo que significa disputarse un mundial con tu compa\u00f1ero. Respecto a la acci\u00f3n concreta de Monza, piensa que hay un factor que lo cambia todo: \u201c<strong data-node-id=\"7.1\">Es muy dif\u00edcil<\/strong> porque \u00bfd\u00f3nde est\u00e1 el punto de corte para eso?. <strong data-node-id=\"7.3\">El undercut no fue lo que jug\u00f3 los dados aqu\u00ed<\/strong>. El problema es solo el tiempo perdido en la parada en boxes, no el undercut\u201d. McLaren quiere demostrar que ambos pilotos pueden competir con limpieza, pero en esta ocasi\u00f3n actuaron directamente con un mensaje claro.<\/p>\n<p data-journey-content=\"true\" data-node-id=\"9\" class=\"css-i9p093 emevuu60\"><strong data-node-id=\"9.0\">Max Verstappen <\/strong>fue el m\u00e1s beneficiado por esta acci\u00f3n. Si bien es cierto que el neerland\u00e9s ten\u00eda la victoria pr\u00e1cticamente en el bolsillo, el cambio de posiciones le sirvi\u00f3 para abrir m\u00e1s hueco. Rosberg resalta que cuando era compa\u00f1ero de Hamilton nunca se abandonaba la opci\u00f3n de ganar: \u201c<strong data-node-id=\"9.2\">Ten\u00edamos reglas de plata muy claras<\/strong>, no reglas de papaya, reglas de plata. Si corremos el riesgo de <strong data-node-id=\"9.4\">perder la carrera<\/strong> ante un competidor, debemos trabajar juntos como equipo para asegurar la victoria\u201d.<\/p>\n<p><img draggable=\"true\" alt=\"f1 grand prix of italy qualifying\" title=\"F1 Grand Prix of Italy - Qualifying\" loading=\"lazy\" width=\"5428\" height=\"3619\" decoding=\"async\" data-nimg=\"1\" style=\"color:transparent;width:100%;height:auto;\"   src=\"https:\/\/www.europesays.com\/es\/wp-content\/uploads\/2025\/09\/pole-position-qualifier-max-verstappen-of-the-netherlands-news-photo-1757516670.pjpeg\" class=\"css-0 e1g79fud0\"\/><a target=\"_blank\" rel=\"noopener nofollow\" data-theme-key=\"base-link\" href=\"https:\/\/pinterest.com\/pin\/create\/button\/?url=https:\/\/www.caranddriver.com\/es\/formula-1\/a66038756\/nico-rosberg-advierte-sobre-peligro-papaya-rules-mclaren-tras-monza-no-esta-definido\/&amp;description=&amp;media=https:\/\/hips.hearstapps.com\/hmg-prod\/images\/pole-position-qualifier-max-verstappen-of-the-netherlands-news-photo-1757516670.pjpeg?resize=1600:*\" class=\"pinterest css-on9hn5 e1c1bym14\"><img decoding=\"async\" data-dynamic-svg=\"true\" src=\"https:\/\/www.caranddriver.com\/_assets\/design-tokens\/fre\/static\/icons\/social\/pinterest.e8cf655.svg?primary=%2523ffffff\" loading=\"lazy\" data-testid=\"dynamic-svg-base\" height=\"auto\" width=\"auto\" alt=\"pinterest\" class=\"css-4lml0h e1mlxuuw1\"\/><\/a><\/p>\n<p>Mark Sutton &#8211; Formula 1\/\/Getty Images<\/p>\n<p data-journey-content=\"true\" data-node-id=\"14\" class=\"css-i9p093 emevuu60\">La clave de todo est\u00e1 en el objetivo principal. Para el alem\u00e1n, la escuder\u00eda siempre debe buscar que la estrategia sirva para acercarse al primer puesto y pone un ejemplo directo: \u201cExiste la amenaza de que, como equipo, estemos perdiendo la victoria. Es evidente. As\u00ed que el equipo me llama por radio y me dice: \u2018<strong data-node-id=\"14.1\">Tienes que dejar pasar a Lewis <\/strong>porque si no, podr\u00edamos perder la victoria\u2019. Entonces me hice a un lado y le hice se\u00f1as para que pasara porque <strong data-node-id=\"14.3\">estaba claramente definido<\/strong> y, por supuesto, es dif\u00edcil en el momento\u201d.<\/p>\n<p>\u00bfLos boxes eran parte de la carrera?<\/p>\n<p data-journey-content=\"true\" data-node-id=\"17\" class=\"css-i9p093 emevuu60\">El principal foco del debate est\u00e1 en Piastri tiene que cargar con la culpa de una mala parada de su compa\u00f1ero, Rosberg lo tiene muy claro: \u201cTodo depende de cu\u00e1n claramente est\u00e9 escrito en las reglas, pero<strong data-node-id=\"17.1\"> no se puede escribir algo as\u00ed <\/strong>en las reglas porque los tiempos de parada en <strong data-node-id=\"17.3\">boxes siempre son parte de la carrera <\/strong>y el equipo no puede asegurar que todos siempre tendr\u00e1n los mismos tiempos de parada en boxes. Es como, \u00bfen qu\u00e9 momento es realmente injusto? Es muy dif\u00edcil\u201d.<\/p>\n<p>Contenidos relacionados<img src=\"https:\/\/www.europesays.com\/es\/wp-content\/uploads\/2025\/09\/1757568320_314_d3baca1e-d34f-44ac-842c-f2c50fb6b579_1737539442.file\" alt=\"Headshot of Alejandro Fern\u00e1ndez Montealegre\" title=\"Headshot of Alejandro Fern\u00e1ndez Montealegre\" width=\"100%\" height=\"100%\" decoding=\"async\" loading=\"lazy\" class=\"css-o0wq4v ev8dhu53\"\/><\/p>\n<p>Amante del mundo del motor en todas sus versiones, desde salir tranquilamente de ruta hasta escuchar a Lobato dej\u00e1ndose las cuerdas vocales en una vuelta importante de F1. Que mi abuelo fuera mec\u00e1nico seguramente influyera en que me llamara la atenci\u00f3n todo este mundo. \u00a0<\/p>\n","protected":false},"excerpt":{"rendered":"La cesi\u00f3n del segundo puesto de McLaren est\u00e1 generando un gran debate sobre la mentalidad del australiano. Piastri&hellip;\n","protected":false},"author":2,"featured_media":107100,"comment_status":"","ping_status":"","sticky":false,"template":"","format":"standard","meta":{"footnotes":""},"categories":[270],"tags":[168,253,25,24,306,271,272,23,167],"class_list":{"0":"post-107099","1":"post","2":"type-post","3":"status-publish","4":"format-standard","5":"has-post-thumbnail","7":"category-formula-1","8":"tag-deportes","9":"tag-discover","10":"tag-es","11":"tag-espana","12":"tag-f1","13":"tag-formula-1","14":"tag-formula1","15":"tag-spain","16":"tag-sports"},"share_on_mastodon":{"url":"","error":""},"_links":{"self":[{"href":"https:\/\/www.europesays.com\/es\/wp-json\/wp\/v2\/posts\/107099","targetHints":{"allow":["GET"]}}],"collection":[{"href":"https:\/\/www.europesays.com\/es\/wp-json\/wp\/v2\/posts"}],"about":[{"href":"https:\/\/www.europesays.com\/es\/wp-json\/wp\/v2\/types\/post"}],"author":[{"embeddable":true,"href":"https:\/\/www.europesays.com\/es\/wp-json\/wp\/v2\/users\/2"}],"replies":[{"embeddable":true,"href":"https:\/\/www.europesays.com\/es\/wp-json\/wp\/v2\/comments?post=107099"}],"version-history":[{"count":0,"href":"https:\/\/www.europesays.com\/es\/wp-json\/wp\/v2\/posts\/107099\/revisions"}],"wp:featuredmedia":[{"embeddable":true,"href":"https:\/\/www.europesays.com\/es\/wp-json\/wp\/v2\/media\/107100"}],"wp:attachment":[{"href":"https:\/\/www.europesays.com\/es\/wp-json\/wp\/v2\/media?parent=107099"}],"wp:term":[{"taxonomy":"category","embeddable":true,"href":"https:\/\/www.europesays.com\/es\/wp-json\/wp\/v2\/categories?post=107099"},{"taxonomy":"post_tag","embeddable":true,"href":"https:\/\/www.europesays.com\/es\/wp-json\/wp\/v2\/tags?post=107099"}],"curies":[{"name":"wp","href":"https:\/\/api.w.org\/{rel}","templated":true}]}}