{"id":107123,"date":"2025-09-11T05:41:13","date_gmt":"2025-09-11T05:41:13","guid":{"rendered":"https:\/\/www.europesays.com\/es\/107123\/"},"modified":"2025-09-11T05:41:13","modified_gmt":"2025-09-11T05:41:13","slug":"el-94-de-la-red-electrica-en-navarra-ya-esta-ocupada","status":"publish","type":"post","link":"https:\/\/www.europesays.com\/es\/107123\/","title":{"rendered":"el 94% de la red el\u00e9ctrica en Navarra ya est\u00e1 ocupada"},"content":{"rendered":"<p>\n        Los<a href=\"https:\/\/www.noticiasdenavarra.com\/economia\/2025\/09\/09\/electricas-ponen-cifra-saturacion-red-10063847.html\" title=\"mapas\" class=\"link copy\" rel=\"nofollow noopener\" target=\"_blank\"> mapas <\/a>de capacidad de la red de distribuci\u00f3n <a href=\"https:\/\/www.noticiasdenavarra.com\/politica\/2025\/07\/20\/congreso-vota-martes-real-decreto-reforzar-sistema-electrico-apagon-9901223.html\" title=\"el\u00e9ctrica\" class=\"link copy\" rel=\"nofollow noopener\" target=\"_blank\">el\u00e9ctrica<\/a> publicados este martes muestran <strong>que el 83,4% de los nudos de red de distribuci\u00f3n<\/strong> en <a href=\"https:\/\/www.noticiasdenavarra.com\/tags\/apagon-electrico\/\" title=\"Espa\u00f1a\" rel=\"nofollow noopener\" target=\"_blank\" class=\"link copy\">Espa\u00f1a<\/a> est\u00e1n saturados. As\u00ed lo reflejan los datos recopilados por Aelec \u2013la asociaci\u00f3n que agrupa a Iberdrola, Endesa o EDP\u2013 y UFD \u2013la distribuidora de Naturgy\u2013.\u00a0\n<\/p>\n<p class=\"article-body__text \">\n        \u201cUn porcentaje significativo de nudos ya est\u00e1 saturado, lo que impide conectar nueva demanda en esos nudos\u201d, indican. Navarra se posiciona como la cuarta comunidad <strong>con mayor ocupaci\u00f3n de su red el\u00e9ctrica, con un 94%<\/strong>.\n<\/p>\n<p class=\"article-body__text \">\n        Por delante se posicionan<strong> la CAV y La Rioja, con un 99%; y Arag\u00f3n, con el 96%<\/strong>. Todas ellas est\u00e1n al borde del colapso.\n<\/p>\n<p class=\"article-body__text \">\n        Esta saturaci\u00f3n refleja <strong>el incremento de solicitudes de acceso y conexi\u00f3n<\/strong> de esta demanda derivado del desarrollo y aparici\u00f3n de nuevos agentes. Aelec y UFD consideran que esta saturaci\u00f3n se debe a la regulaci\u00f3n de la red de distribuci\u00f3n que, en su opini\u00f3n. ha seguido en los \u00faltimos a\u00f1os un ritmo inversor y unos criterios distintos a los que exig\u00eda el crecimiento de la demanda, \u201cmucho m\u00e1s intenso y concentrada en determinados puntos\u201d.\n<\/p>\n<p>  Esquema regulatorio <\/p>\n<p class=\"article-body__text \">\n        Tras conocer los datos, Aelec y UFD estiman que para responder a este desaf\u00edo \u201ces imprescindible reforzar y digitalizar la red de distribuci\u00f3n, incrementando su capacidad para integrar la nueva demanda el\u00e9ctrica\u201d.\n<\/p>\n<p class=\"article-body__text \">\n        Para esto, apuntan que es \u201c<strong>esencial<\/strong>\u201d, tener un esquema regulatorio y un modelo retributivo que permita la realizaci\u00f3n de las inversiones.\n<\/p>\n<p class=\"article-body__text \">\n        Las distribuidores energ\u00e9ticas <strong>han difundido por primera vez estos mapas<\/strong> de capacidad de sus redes \u2013obligadas por la Comisi\u00f3n Nacional de los Mercados y la Competencia (CNMC)\u2013, en los que se especificaba la potencia ya ocupada y la que a\u00fan esta disponible.\n<\/p>\n<p class=\"article-body__text \">\n        Con el porcentaje del 94% que presenta la Comunidad Foral,<strong> su capacidad est\u00e1 a punto de completarse<\/strong>, y las el\u00e9ctricas apenas pueden aceptar m\u00e1s solicitudes para conexi\u00f3n, una situaci\u00f3n que afecta al tejido empresarial, entre otros usuarios.\n<\/p>\n<p class=\"article-body__text \">\n        Este 94% significa que ya<strong> hay consumidores utilizando esta red o que tambi\u00e9n hay iniciativas con derecho a la conexi\u00f3n aunque todav\u00eda no la usan<\/strong>. Los mapas siguen los criterios de la CNMC y ofrecen informaci\u00f3n bajo un formato est\u00e1ndar de cada nudo de la red con tensi\u00f3n superior a 1 Kv; as\u00ed como nudos sin capacidad actual, pero con posibilidad de refuerzo.\n<\/p>\n<p class=\"article-body__text \">\n        La <strong>CNMC<\/strong> sac\u00f3 a consulta p\u00fablica en julio su propuesta de retribuci\u00f3n de la red de distribuci\u00f3n y transporte de electricidad, junto con una propuesta de cambio en la metodolog\u00eda de c\u00e1lculo. As\u00ed, propon\u00eda una tasa de retribuci\u00f3n del 6,46% para el periodo 2026-2031, una cifra superior al 5,58% actual pero por debajo de las demandas del sector, que apuntaban al 7,5%.\n<\/p>\n<p class=\"article-body__text \">\n        Aelec y UFD consideran que la publicaci\u00f3n de estos mapas supone un \u201c<strong>hito en transparencia y eficiencia<\/strong>, ya que permite a consumidores, promotores e industria conocer de forma anticipada d\u00f3nde existe capacidad real para conectarse\u201d.\n<\/p>\n<p>  El resto <\/p>\n<p class=\"article-body__text \">\n        El porcentaje de saturaci\u00f3n en el resto de comunidades es: <strong>Andaluc\u00eda (93%)<\/strong>; Extremadura (87%); Castilla-La Mancha y Castilla y Le\u00f3n (85%); Comunidad Valenciana (83%); Catalunya, Comunidad de Madrid y Murcia (82%); Cantabria (50%); Galicia (49%); Baleares (39%); Canarias (33%); y <strong>Asturias (26%)<\/strong>.<\/p>\n","protected":false},"excerpt":{"rendered":"Los mapas de capacidad de la red de distribuci\u00f3n el\u00e9ctrica publicados este martes muestran que el 83,4% de&hellip;\n","protected":false},"author":2,"featured_media":107124,"comment_status":"","ping_status":"","sticky":false,"template":"","format":"standard","meta":{"footnotes":""},"categories":[8],"tags":[18157,17,18,27732,420,25,24,9636,13,14,11,19,20,708,9,10,15,16,905,859,23,12,21,22],"class_list":{"0":"post-107123","1":"post","2":"type-post","3":"status-publish","4":"format-standard","5":"has-post-thumbnail","7":"category-espana","8":"tag-18157","9":"tag-breaking-news","10":"tag-breakingnews","11":"tag-electrica","12":"tag-en","13":"tag-es","14":"tag-espana","15":"tag-extrema","16":"tag-featured-news","17":"tag-featurednews","18":"tag-headlines","19":"tag-latest-news","20":"tag-latestnews","21":"tag-navarra","22":"tag-news","23":"tag-noticias","24":"tag-noticias-destacadas","25":"tag-noticiasdestacadas","26":"tag-red","27":"tag-situacion","28":"tag-spain","29":"tag-titulares","30":"tag-ultimas-noticias","31":"tag-ultimasnoticias"},"share_on_mastodon":{"url":"","error":""},"_links":{"self":[{"href":"https:\/\/www.europesays.com\/es\/wp-json\/wp\/v2\/posts\/107123","targetHints":{"allow":["GET"]}}],"collection":[{"href":"https:\/\/www.europesays.com\/es\/wp-json\/wp\/v2\/posts"}],"about":[{"href":"https:\/\/www.europesays.com\/es\/wp-json\/wp\/v2\/types\/post"}],"author":[{"embeddable":true,"href":"https:\/\/www.europesays.com\/es\/wp-json\/wp\/v2\/users\/2"}],"replies":[{"embeddable":true,"href":"https:\/\/www.europesays.com\/es\/wp-json\/wp\/v2\/comments?post=107123"}],"version-history":[{"count":0,"href":"https:\/\/www.europesays.com\/es\/wp-json\/wp\/v2\/posts\/107123\/revisions"}],"wp:featuredmedia":[{"embeddable":true,"href":"https:\/\/www.europesays.com\/es\/wp-json\/wp\/v2\/media\/107124"}],"wp:attachment":[{"href":"https:\/\/www.europesays.com\/es\/wp-json\/wp\/v2\/media?parent=107123"}],"wp:term":[{"taxonomy":"category","embeddable":true,"href":"https:\/\/www.europesays.com\/es\/wp-json\/wp\/v2\/categories?post=107123"},{"taxonomy":"post_tag","embeddable":true,"href":"https:\/\/www.europesays.com\/es\/wp-json\/wp\/v2\/tags?post=107123"}],"curies":[{"name":"wp","href":"https:\/\/api.w.org\/{rel}","templated":true}]}}