{"id":107131,"date":"2025-09-11T05:47:11","date_gmt":"2025-09-11T05:47:11","guid":{"rendered":"https:\/\/www.europesays.com\/es\/107131\/"},"modified":"2025-09-11T05:47:11","modified_gmt":"2025-09-11T05:47:11","slug":"servicio-variedad-y-actitud-las-tres-mejoras-de-alcaraz","status":"publish","type":"post","link":"https:\/\/www.europesays.com\/es\/107131\/","title":{"rendered":"Servicio, variedad y actitud, las tres mejoras de Alcaraz"},"content":{"rendered":"<p>\u00abCarlos sab\u00eda que \u00e9l ten\u00eda que mejorar tres cosas tras perder la final de Wimbledon. La primera era su servicio. La segunda era la  &#8230; variedad de sus golpes. Y la tercera era su actitud durante el partido\u00bb. Son palabras de Patrick Mouratoglou, uno de los entrenadores m\u00e1s prestigiosos del tenis mundial tras sus a\u00f1os de trabajo junto a Grigor Dimitrov y Serena Williams. Y esas son las tres claves que, a su juicio, permitieron la <a href=\"https:\/\/www.laverdad.es\/carlos-alcaraz\/carlos-alcaraz-tenis-mostrar-creo-mejores-anos-20250908204634-nt.html\" target=\"_blank\" data-voc-vtm-id=\"in-text-traffic\" title=\"venganza perfecta de Alcaraz en Nueva York\" data-mrf-link=\"www.laverdad.es\" rel=\"nofollow noopener\">venganza perfecta de Alcaraz en Nueva York<\/a>. Adem\u00e1s, Sinner estuvo un punto por debajo de su nivel habitual.<\/p>\n<p class=\"v-p\">\u00abCreo que la final de Wimbledon fue la mejor cosa que le pas\u00f3 a <a href=\"https:\/\/www.laverdad.es\/carlos-alcaraz\/\" target=\"_blank\" data-voc-vtm-id=\"in-text-traffic\" title=\"Carlos [Alcaraz]\" data-mrf-link=\"www.laverdad.es\" rel=\"nofollow noopener\">Carlos [Alcaraz]<\/a>. \u00c9l ten\u00eda la sensaci\u00f3n de que Jannik [Sinner] realmente le hab\u00eda machacado. Que hab\u00eda jugado m\u00e1s r\u00e1pido que \u00e9l, que no hab\u00eda tenido soluciones. Y yo pienso que fue una llamada de atenci\u00f3n para \u00e9l\u00bb, opin\u00f3 Mouratoglou al arrancar su an\u00e1lisis sobre la<a href=\"https:\/\/www.laverdad.es\/carlos-alcaraz\/directo-carlos-alcaraz-jannik-sinner-final-open-20250907200131-di.html\" target=\"_blank\" data-voc-vtm-id=\"in-text-traffic\" title=\" final del US Open\" data-mrf-link=\"www.laverdad.es\" rel=\"nofollow noopener\"> final del US Open<\/a>.<\/p>\n<p class=\"v-p\">\u00abCarlos habl\u00f3 de ello, su equipo habl\u00f3 de ello, \u00e9l vio un mont\u00f3n de v\u00eddeos de Jannik. Y siento que \u00e9l ten\u00eda una idea muy clara sobre qu\u00e9 hacer, c\u00f3mo hacerlo. Y \u00e9l sab\u00eda de coraz\u00f3n el tipo de tenis que Jannik juega y c\u00f3mo juega. La combinaci\u00f3n de golpes, cu\u00e1ndo la bola aterriza aqu\u00ed, d\u00f3nde golpea la bola. Y \u00e9l pudo leer el juego y estuvo all\u00ed antes\u00bb, destac\u00f3 el t\u00e9cnico franc\u00e9s.<\/p>\n<p>\nDonald Trump: \u00abLos dos tienen un talento incre\u00edble. Parece que le pegan a la bola m\u00e1s duro de lo que yo hab\u00eda visto\u00bb\n<\/p>\n<p class=\"v-p\">Alcaraz supo cambiar y Sinner no pudo con \u00e9l en la final del domingo en Nueva York. Despu\u00e9s de su triunfo en el US Open, adem\u00e1s, es inevitable volver la vista hacia los tres mitos que han escrito la historia de este deporte en el siglo XXI: Federer, Djokovic y Nadal.<\/p>\n<p class=\"v-p\">El ejercicio de comparaci\u00f3n hay que hacerlo, evidentemente, con los datos que acreditaba el citado tr\u00edo a la misma edad que tiene Alcaraz hoy. Con esa premisa, la primera conclusi\u00f3n es tajante: con 22 primaveras \u00fanicamente Rafa Nada le hace sombra al actual n\u00famero 1 del mundo. En 2008, Nadal hab\u00eda ganado m\u00e1s torneos Masters 1000 que Alcaraz \u2014doce frente a ocho\u2014 y su porcentaje de victorias era exactamente id\u00e9ntico al del murciano: 81,5%. <\/p>\n<p class=\"v-p\">Por lo dem\u00e1s, ten\u00eda un Grand Slam menos (6 y 5) y llevaba casi la mitad de semanas (19) que Carlos (37) en lo m\u00e1s alto de la clasificaci\u00f3n mundial. En ese apartado, la lista ATP, es el que Nadal m\u00e1s destaca. Porque siendo tan joven nunca baj\u00f3 del puesto 200, mientras que Alcaraz ha tenido que ascender desde el 500.<\/p>\n<p class=\"v-p\"><a href=\"https:\/\/www.laverdad.es\/carlos-alcaraz\/alcaraz-djokovic-semifinal-open-directo-20250905205918-di.html\" target=\"_blank\" data-voc-vtm-id=\"in-text-traffic\" title=\"Novak Djokovic\" data-mrf-link=\"www.laverdad.es\" rel=\"nofollow noopener\">Novak Djokovic<\/a> solo hab\u00eda ganado en 2009 el Abierto de Australia y cinco Masters 1000, a\u00fan no hab\u00eda llegado a la cima mundial y su porcentaje de victorias era del 75%. Por \u00faltimo, cumplidos los 22 a\u00f1os, Roger Federer solo hab\u00eda alzado un trofeo de Grand Slam (Wimbledon) y otro de Masters 1000. Tampoco alcanz\u00f3 el n\u00famero 1 y su porcentaje de partidos ganados era del 68%.<\/p>\n<p class=\"v-p\">Por \u00faltimo, ayer tambi\u00e9n habl\u00f3 Donald Trump, presidente de Estados Unidos, de la final que vio en directo desde un palco privado. \u00abLos dos jugadores tienen un talento incre\u00edble. Parece que le pegan a la bola m\u00e1s duro de lo que yo hab\u00eda visto. Y lo disfrut\u00e9. Fueron muy amables\u00bb, afirm\u00f3 el actual inquilino de la Casa Blanca.<\/p>\n","protected":false},"excerpt":{"rendered":"\u00abCarlos sab\u00eda que \u00e9l ten\u00eda que mejorar tres cosas tras perder la final de Wimbledon. La primera era&hellip;\n","protected":false},"author":2,"featured_media":107132,"comment_status":"","ping_status":"","sticky":false,"template":"","format":"standard","meta":{"footnotes":""},"categories":[274],"tags":[7713,4736,168,25,24,26575,595,23,167,327,326,603,37028],"class_list":{"0":"post-107131","1":"post","2":"type-post","3":"status-publish","4":"format-standard","5":"has-post-thumbnail","7":"category-tenis","8":"tag-actitud","9":"tag-alcaraz","10":"tag-deportes","11":"tag-es","12":"tag-espana","13":"tag-mejoras","14":"tag-servicio","15":"tag-spain","16":"tag-sports","17":"tag-tenis","18":"tag-tennis","19":"tag-tres","20":"tag-variedad"},"share_on_mastodon":{"url":"","error":""},"_links":{"self":[{"href":"https:\/\/www.europesays.com\/es\/wp-json\/wp\/v2\/posts\/107131","targetHints":{"allow":["GET"]}}],"collection":[{"href":"https:\/\/www.europesays.com\/es\/wp-json\/wp\/v2\/posts"}],"about":[{"href":"https:\/\/www.europesays.com\/es\/wp-json\/wp\/v2\/types\/post"}],"author":[{"embeddable":true,"href":"https:\/\/www.europesays.com\/es\/wp-json\/wp\/v2\/users\/2"}],"replies":[{"embeddable":true,"href":"https:\/\/www.europesays.com\/es\/wp-json\/wp\/v2\/comments?post=107131"}],"version-history":[{"count":0,"href":"https:\/\/www.europesays.com\/es\/wp-json\/wp\/v2\/posts\/107131\/revisions"}],"wp:featuredmedia":[{"embeddable":true,"href":"https:\/\/www.europesays.com\/es\/wp-json\/wp\/v2\/media\/107132"}],"wp:attachment":[{"href":"https:\/\/www.europesays.com\/es\/wp-json\/wp\/v2\/media?parent=107131"}],"wp:term":[{"taxonomy":"category","embeddable":true,"href":"https:\/\/www.europesays.com\/es\/wp-json\/wp\/v2\/categories?post=107131"},{"taxonomy":"post_tag","embeddable":true,"href":"https:\/\/www.europesays.com\/es\/wp-json\/wp\/v2\/tags?post=107131"}],"curies":[{"name":"wp","href":"https:\/\/api.w.org\/{rel}","templated":true}]}}