{"id":107133,"date":"2025-09-11T05:48:12","date_gmt":"2025-09-11T05:48:12","guid":{"rendered":"https:\/\/www.europesays.com\/es\/107133\/"},"modified":"2025-09-11T05:48:12","modified_gmt":"2025-09-11T05:48:12","slug":"no-tuve-el-mejor-dia-pero-sobrevivi","status":"publish","type":"post","link":"https:\/\/www.europesays.com\/es\/107133\/","title":{"rendered":"No tuve el mejor d\u00eda, pero sobreviv\u00ed"},"content":{"rendered":"<p>                        Este mi\u00e9rcoles se ha disputado la 17\u00aa etapa de La Vuelta, con el final en el Alto de El Morredero, en el que se esperaba una dura batalla entre los favoritos que no se ha producido\n<\/p>\n<p><img src=\"https:\/\/www.mundodeportivo.com\/files\/image_449_220\/files\/fp\/uploads\/2025\/09\/10\/68c1af5329cf4.r_d.3036-2713-748.jpeg\" data-full-src=\"https:\/\/www.europesays.com\/es\/wp-content\/uploads\/2025\/09\/68c1af5329cf4.jpeg\" alt=\"Vingegaard, l\u00edder de la carrera\" width=\"449\" height=\"220\" class=\"nolazy\" decoding=\"async\" fetchpriority=\"high\"\/><\/p>\n<p class=\"caption-title \">Vingegaard, l\u00edder de la carrera<\/p>\n<p>EFE<\/p>\n<p>                <img loading=\"lazy\" decoding=\"async\" width=\"60\" height=\"60\" alt=\"Vingegaard confirma las malas sensaciones en La Vuelta: \" no=\"\" tuve=\"\" el=\"\" mejor=\"\" d=\"\" pero=\"\" sobreviv=\"\" title=\"\" src=\"\/files\/image_60_60\/uploads\/2021\/07\/27\/61000271c5fda.png\" class=\"lazy\"\/><\/p>\n<p>\n                        Actualizado a  10\/09\/2025 20:06 CEST\n                    <\/p>\n<p data-gtm-element-container=\"modulo-texto-link\" class=\"paragraph\">Antes de que la <strong>17\u00aa etapa de <a href=\"https:\/\/www.mundodeportivo.com\/ciclismo\/vuelta-espana\/20250910\/1002529676\/ultima-hora-audiencia-nacional-pregunta-fiscalia-debe-investigar-protestas-propalestinas-vuelta.html\" title=\"vuelta espa\u00f1a\" target=\"_blank\" rel=\"nofollow noopener\">La Vuelta<\/a><\/strong> empezara a rodar en <strong>O Barco de Valdeorras<\/strong> el estadounidense <strong>Matteo Jorgenson <\/strong>mostraba abiertamente sus cartas al se\u00f1alar que \u00abtenemos un buen margen de 48 segundos. Estar\u00eda bien ganar tiempo hoy y quiz\u00e1 ganar la etapa\u00bb.<\/p>\n<p data-gtm-element-container=\"modulo-texto-link\" class=\"paragraph\">Estas palabras hac\u00edan presagiar que el<strong> dan\u00e9s Jonas Vingegaard<\/strong> podr\u00eda pasar al ataque en la ascensi\u00f3n final del d\u00eda y tratar de distanciar un poco m\u00e1s a su principal rival, el portugu\u00e9s <strong>Joao Almeida<\/strong>, al que tiene a 48 segundos por detr\u00e1s.<\/p>\n<p>        Lee tambi\u00e9n<\/p>\n<p>    Celes Piedrabuena<\/p>\n<p>             <img loading=\"lazy\" decoding=\"async\" data-full-src=\"https:\/\/www.mundodeportivo.com\/uploads\/2025\/09\/10\/68c1a22b2cf47.jpeg\" alt=\"Pellizzari, gran vencedor hoy en la 17\u00aa etapa\" width=\"334\" height=\"164\" src=\"https:\/\/www.europesays.com\/es\/wp-content\/uploads\/2025\/09\/68c1a22b2cf47.r_d.345-211.jpeg\" class=\"lazy\"\/><\/p>\n<p>        Lee tambi\u00e9n<\/p>\n<p>    Celes Piedrabuena<\/p>\n<p>             <img loading=\"lazy\" decoding=\"async\" data-full-src=\"https:\/\/www.mundodeportivo.com\/uploads\/2025\/09\/10\/68c1a758dbc3c.jpeg\" alt=\"El italiano logr\u00f3 su primer triunfo profesional mientras Vingegaard ara\u00f1aba segundos antes de la contrarreloj.\" width=\"334\" height=\"164\" src=\"https:\/\/www.europesays.com\/es\/wp-content\/uploads\/2025\/09\/68c1a758dbc3c.jpeg\" class=\"lazy\"\/><\/p>\n<p>        Lee tambi\u00e9n<\/p>\n<p>    Celes Piedrabuena<\/p>\n<p>             <img loading=\"lazy\" decoding=\"async\" data-full-src=\"https:\/\/www.mundodeportivo.com\/uploads\/2025\/09\/10\/68c177041b84f.jpeg\" alt=\"Los ciclistas antes de tomar la salida hoy\" width=\"334\" height=\"164\" src=\"https:\/\/www.europesays.com\/es\/wp-content\/uploads\/2025\/09\/68c177041b84f.r_d.3000-2000.jpeg\" class=\"lazy\"\/><\/p>\n<p>        Lee tambi\u00e9n<\/p>\n<p>    Rafa Carrasco<\/p>\n<p data-gtm-element-container=\"modulo-texto-link\" class=\"paragraph\"><a href=\"https:\/\/www.mundodeportivo.com\/opinion\/20250910\/1002529633\/dias-veo-vingegaard-mejor-forma.html\" rel=\"nofollow noopener\" target=\"_blank\">Pero a la hora de la verdad, <strong>tal como se\u00f1alaba el analista de MD Rafa Carrasco<\/strong> nada de nada<\/a>. Cierto es que <strong>Vingeggard <\/strong>ha mostrado levemente las u\u00f1as, pero poco m\u00e1s, sin olvidarnos que <strong>Almeida <\/strong>tampoco parec\u00eda muy plet\u00f3rico.<\/p>\n<p data-gtm-element-container=\"modulo-texto-link\" class=\"paragraph\">Al acabar la etapa y en declaraciones a Eurosport, el <strong>doble ganador del Tour de Francia<\/strong> se\u00f1alaba que \u00abpara ser honestos, creo que los cinco o seis est\u00e1bamos realmente igualados hoy\u00bb y reconoc\u00eda que \u00abno tuve el mejor d\u00eda, pero sobreviv\u00ed. Supongo que esos son los d\u00edas que necesitas para sobrevivir. Los d\u00edas que no te sientes al 100% si puedes superarlos sin perder tiempo ser\u00e1 un buen d\u00eda\u00bb.<\/p>\n<p>\n        Mostrar comentarios\n    <\/p>\n<p>{\u00aballowComment\u00bb:\u00bballowed\u00bb,\u00bbarticleId\u00bb:\u00bbarticle-1002529646&#8243;,\u00bburl\u00bb:\u00bbhttps:\\\/\\\/www.mundodeportivo.com\\\/ciclismo\\\/vuelta-espana\\\/20250910\\\/1002529646\\\/vingegaard-confirma-malas-sensaciones-vuelta-tuve-mejor-dia-sobrevivi.html\u00bb,\u00bblivefyre-url\u00bb:\u00bbarticle-1002529646&#8243;}<\/p>\n<p>Cargando siguiente contenido&#8230;\n                <\/p>\n","protected":false},"excerpt":{"rendered":"Este mi\u00e9rcoles se ha disputado la 17\u00aa etapa de La Vuelta, con el final en el Alto de&hellip;\n","protected":false},"author":2,"featured_media":107134,"comment_status":"","ping_status":"","sticky":false,"template":"","format":"standard","meta":{"footnotes":""},"categories":[273],"tags":[313,312,168,25,24,23,167],"class_list":{"0":"post-107133","1":"post","2":"type-post","3":"status-publish","4":"format-standard","5":"has-post-thumbnail","7":"category-ciclismo","8":"tag-ciclismo","9":"tag-cycling","10":"tag-deportes","11":"tag-es","12":"tag-espana","13":"tag-spain","14":"tag-sports"},"share_on_mastodon":{"url":"","error":""},"_links":{"self":[{"href":"https:\/\/www.europesays.com\/es\/wp-json\/wp\/v2\/posts\/107133","targetHints":{"allow":["GET"]}}],"collection":[{"href":"https:\/\/www.europesays.com\/es\/wp-json\/wp\/v2\/posts"}],"about":[{"href":"https:\/\/www.europesays.com\/es\/wp-json\/wp\/v2\/types\/post"}],"author":[{"embeddable":true,"href":"https:\/\/www.europesays.com\/es\/wp-json\/wp\/v2\/users\/2"}],"replies":[{"embeddable":true,"href":"https:\/\/www.europesays.com\/es\/wp-json\/wp\/v2\/comments?post=107133"}],"version-history":[{"count":0,"href":"https:\/\/www.europesays.com\/es\/wp-json\/wp\/v2\/posts\/107133\/revisions"}],"wp:featuredmedia":[{"embeddable":true,"href":"https:\/\/www.europesays.com\/es\/wp-json\/wp\/v2\/media\/107134"}],"wp:attachment":[{"href":"https:\/\/www.europesays.com\/es\/wp-json\/wp\/v2\/media?parent=107133"}],"wp:term":[{"taxonomy":"category","embeddable":true,"href":"https:\/\/www.europesays.com\/es\/wp-json\/wp\/v2\/categories?post=107133"},{"taxonomy":"post_tag","embeddable":true,"href":"https:\/\/www.europesays.com\/es\/wp-json\/wp\/v2\/tags?post=107133"}],"curies":[{"name":"wp","href":"https:\/\/api.w.org\/{rel}","templated":true}]}}