{"id":107139,"date":"2025-09-11T05:55:12","date_gmt":"2025-09-11T05:55:12","guid":{"rendered":"https:\/\/www.europesays.com\/es\/107139\/"},"modified":"2025-09-11T05:55:12","modified_gmt":"2025-09-11T05:55:12","slug":"la-intrahistoria-del-inesperado-anuncio-de-paternidad-de-laurent-de-belgica","status":"publish","type":"post","link":"https:\/\/www.europesays.com\/es\/107139\/","title":{"rendered":"La intrahistoria del inesperado anuncio de paternidad de Laurent de B\u00e9lgica"},"content":{"rendered":"<p id=\"eEZ11T7KI3\" data-wc=\"90\">El inesperado comunicado de Laurent de B\u00e9lgica, hermano del rey Felipe de los belgas, en el que <a class=\"hm-link ho-link\" href=\"https:\/\/www.hola.com\/realeza\/casa_belga\/20250909854795\/laurent-belgica-reconoce-hijo-secreto\/\" data-mrf-recirculation=\"article-body-link\" rel=\"nofollow noopener\" target=\"_blank\">ha reconocido que tiene un hijo, hasta ahora desconocido, de 25 a\u00f1os,\u00a0<\/a>nacido de su relaci\u00f3n con la cantante Wendy Van Wanten durante los a\u00f1os 90, antes de casarse con la princesa Claire ha supuesto todo un tsunami en el pa\u00eds. Aunque hab\u00eda ciertos rumores, lo cierto es que hasta ahora el padre del chico no lo hab\u00eda confirmado, \u00a0despu\u00e9s de <strong>algunas filtraciones y de que su hijo le convenciera para hacerlo p\u00fablico.\u00a0<\/strong><\/p>\n<p> <img src=\"https:\/\/www.europesays.com\/es\/wp-content\/uploads\/2025\/09\/5abd6a1c33a6-gettyimages-2233910761.jpg\"   width=\"706\" height=\"1024\" loading=\"lazy\" decoding=\"async\" alt=\"Wendy Van Wanten con su hijo Cl\u00e9ment en 2013 cuyo padre es el pr\u00edncipe Laurent de B\u00e9lgica \" fetchpriority=\"auto\" class=\"image ho-image\"\/>\u00a9 Getty Images<\/p>\n<p id=\"ewMNj_6dH5D\" data-wc=\"79\">En las \u00faltimas dos d\u00e9cadas se hab\u00eda especulado en el mundo del espect\u00e1culo <strong>si el pr\u00edncipe Laurent era el padre de Cl\u00e9ment, el hijo de Wendy Van Wanten.<\/strong> Al parcer, seg\u00fan publica la prensa belga, Cl\u00e9ment fue decisivo para que su padre biol\u00f3gico diera este paso tras largas e intensas conversaciones. Aunque en muchas ocasiones se pregunt\u00f3 qui\u00e9n era el padre del hijo de la cantante, tanto desde su c\u00edrculo como desde Palacio callaban y no se obten\u00eda respuesta.\u00a0<\/p>\n<p> <img src=\"https:\/\/www.europesays.com\/es\/wp-content\/uploads\/2025\/09\/1757570110_617_2c947e907c14-gettyimages-160870027.jpg\"   width=\"1024\" height=\"992\" loading=\"lazy\" decoding=\"async\" alt=\"Laurent de B\u00e9lgica y Wendy van Wanten\" fetchpriority=\"auto\" class=\"image ho-image\"\/>\u00a9 Photonews via Getty ImagesLaurent de B\u00e9lgica y Wendy van Wanten<\/p>\n<p> <img src=\"https:\/\/www.europesays.com\/es\/wp-content\/uploads\/2025\/09\/1757570110_931_3c1f69abce48-throwbackthursday.jpg\"   width=\"1024\" height=\"937\" loading=\"lazy\" decoding=\"async\" alt=\"Wendy van Wanten\" fetchpriority=\"auto\" class=\"image ho-image\"\/>\u00a9 @wendyvanwantenWendy Van Wanten es una cantante y personalidad televisiva belga<\/p>\n<p id=\"e6YRULCK9iA\" data-wc=\"135\">Hace un a\u00f1o, Cl\u00e9ment se cans\u00f3 de estar envuelto en tanto secretismo. As\u00ed que acudi\u00f3 al pr\u00edncipe Laurent para hablar y retomar contacto con \u00e9l despu\u00e9s de a\u00f1os sin tratarse. En segundo lugar, quiso debatir con \u00e9l si podr\u00eda comunicar abiertamente que \u00e9l era su padre. A finales de 2024, <strong>Cl\u00e9ment busc\u00f3 la forma de dar a conocer su historia a trav\u00e9s de un documental<\/strong>. Busc\u00f3 al cineasta Wim De Smet para hacerlo posible y tras tres meses de intenso trabajo, se hicieron dos cap\u00edtulos contando su historia. Cl\u00e9ment habla en \u00e9l de su padre, quien no particip\u00f3 en la producci\u00f3n, pero s\u00ed acept\u00f3 que se pudiera emitir. Tambi\u00e9n <strong>acordaron que el Pr\u00edncipe enviar\u00eda un breve comunicado a la prensa<\/strong>, como as\u00ed ha sucedido, solo dos d\u00edas antes de que se emita en la televisi\u00f3n.\u00a0<\/p>\n<p> <img src=\"https:\/\/www.europesays.com\/es\/wp-content\/uploads\/2025\/09\/8f6b52ff4dce-gettyimages-2017454823.jpg\"   width=\"1024\" height=\"682\" loading=\"lazy\" decoding=\"async\" alt=\"Laurent de B\u00e9lgica y Claire de B\u00e9lgica \" fetchpriority=\"auto\" class=\"image ho-image\"\/>\u00a9 Getty ImagesLaurent de B\u00e9lgica con su mujer, la princesa Claire<\/p>\n<p> <img src=\"https:\/\/www.europesays.com\/es\/wp-content\/uploads\/2025\/09\/142b412411df-gettyimages-1243109201.jpg\"   width=\"1024\" height=\"681\" loading=\"lazy\" decoding=\"async\" alt=\"El pr\u00edncipe Laurente y su mujer Claire con sus tres hijos\" fetchpriority=\"auto\" class=\"image ho-image\"\/>\u00a9 Getty ImagesEl pr\u00edncipe Laurente y su mujer Claire con sus tres hijos<\/p>\n<p id=\"e3LzzVvWejg\" data-wc=\"160\">En la serie, Wendy Van Wanten cuenta que conoci\u00f3 al Pr\u00edncipe en 1995 en un desfile de moda en Par\u00eds. Salieron a cenar y cuando volvieron a encontrarse en Bruselas poco a poco fue creciendo un sentimiento entre ellos que se materializ\u00f3 en una relaci\u00f3n sentimental. <strong>La cantante asegura que estaban enamorados,<\/strong> que hab\u00eda citas secretas, pero lo suyo no pod\u00eda ser, ya que no contaba con la aprobaci\u00f3n del rey Alberto II quien lo consideraba del todo inapropiado. El monarca consigui\u00f3 que la pareja rompiera, pero no se pudo evitar las especulaciones sobre la maternidad de Cl\u00e9ment.<strong>\u00a0\u201cCl\u00e9ment naci\u00f3 del amor\u201d, asegura Wendy\u00a0<\/strong>quien ante la imposibilidad de tener una relaci\u00f3n decidi\u00f3 traerlo al mundo sola y criarlo sola. Durante un tiempo, Wendy sigui\u00f3 visitando al Pr\u00edncipe hasta que \u00e9l contacto ces\u00f3. Laurent de B\u00e9lgica se cas\u00f3 con Claire Coombs tres a\u00f1os despu\u00e9s del nacimiento de Cl\u00e9ment y<a class=\"hm-link ho-link\" href=\"https:\/\/www.hola.com\/realeza\/casa_belga\/20250807848925\/hijos-laurent-claire-belgica-vidas\/\" data-mrf-recirculation=\"article-body-link\" rel=\"nofollow noopener\" target=\"_blank\">\u00a0han tenido tres hijos, los mellizos Aymeric y Nicol\u00e1s y Luisa.<\/a><\/p>\n","protected":false},"excerpt":{"rendered":"El inesperado comunicado de Laurent de B\u00e9lgica, hermano del rey Felipe de los belgas, en el que ha&hellip;\n","protected":false},"author":2,"featured_media":107140,"comment_status":"","ping_status":"","sticky":false,"template":"","format":"standard","meta":{"footnotes":""},"categories":[174],"tags":[255,146,147,25,24,256,16791,1027,16792,23],"class_list":{"0":"post-107139","1":"post","2":"type-post","3":"status-publish","4":"format-standard","5":"has-post-thumbnail","7":"category-famosos","8":"tag-celebrities","9":"tag-entertainment","10":"tag-entretenimiento","11":"tag-es","12":"tag-espana","13":"tag-famosos","14":"tag-laurent-de-belgica","15":"tag-realeza","16":"tag-realeza-belga","17":"tag-spain"},"share_on_mastodon":{"url":"","error":""},"_links":{"self":[{"href":"https:\/\/www.europesays.com\/es\/wp-json\/wp\/v2\/posts\/107139","targetHints":{"allow":["GET"]}}],"collection":[{"href":"https:\/\/www.europesays.com\/es\/wp-json\/wp\/v2\/posts"}],"about":[{"href":"https:\/\/www.europesays.com\/es\/wp-json\/wp\/v2\/types\/post"}],"author":[{"embeddable":true,"href":"https:\/\/www.europesays.com\/es\/wp-json\/wp\/v2\/users\/2"}],"replies":[{"embeddable":true,"href":"https:\/\/www.europesays.com\/es\/wp-json\/wp\/v2\/comments?post=107139"}],"version-history":[{"count":0,"href":"https:\/\/www.europesays.com\/es\/wp-json\/wp\/v2\/posts\/107139\/revisions"}],"wp:featuredmedia":[{"embeddable":true,"href":"https:\/\/www.europesays.com\/es\/wp-json\/wp\/v2\/media\/107140"}],"wp:attachment":[{"href":"https:\/\/www.europesays.com\/es\/wp-json\/wp\/v2\/media?parent=107139"}],"wp:term":[{"taxonomy":"category","embeddable":true,"href":"https:\/\/www.europesays.com\/es\/wp-json\/wp\/v2\/categories?post=107139"},{"taxonomy":"post_tag","embeddable":true,"href":"https:\/\/www.europesays.com\/es\/wp-json\/wp\/v2\/tags?post=107139"}],"curies":[{"name":"wp","href":"https:\/\/api.w.org\/{rel}","templated":true}]}}