{"id":107169,"date":"2025-09-11T06:13:09","date_gmt":"2025-09-11T06:13:09","guid":{"rendered":"https:\/\/www.europesays.com\/es\/107169\/"},"modified":"2025-09-11T06:13:09","modified_gmt":"2025-09-11T06:13:09","slug":"rafa-nadal-recibira-el-honoris-causa-de-la-universidad-de-salamanca-el-3-de-octubre","status":"publish","type":"post","link":"https:\/\/www.europesays.com\/es\/107169\/","title":{"rendered":"Rafa Nadal recibir\u00e1 el honoris causa de la Universidad de Salamanca el 3 de octubre"},"content":{"rendered":"<p class=\"\"><b>El tenista Rafael Nadal,<\/b> retirado tras 22 a\u00f1os de reputada trayectoria, recibir\u00e1 el pr\u00f3ximo 3 de octubre el <b>doctorado honoris causa de la Universidad de Salamanca<\/b> en una ceremonia solemne que acoger\u00e1 el Paraninfo.<\/p>\n<p class=\"\"><b>El Claustro de Doctores de la Universidad de Salamanca aprob\u00f3 el pasado 20 de enero<\/b> otorgarle este galard\u00f3n en la misma sesi\u00f3n que dio luz verde al reconocimiento a la microbi\u00f3loga, genetista y bioqu\u00edmica francesa Emmanuelle Charpentier, que lo recibir\u00e1 el 24 de octubre, seg\u00fan han informado a EFE fuentes de la instituci\u00f3n acad\u00e9mica.<\/p>\n<p class=\"\">El honoris de Nadal, que caus\u00f3 una expectaci\u00f3n notable entre la comunidad universitaria, fue una propuesta institucional aprobada en Consejo de Gobierno <b>por \u201csu trayectoria personal y sus logros profesionales que han inspirado a millones de personas en todo el mundo,<\/b> demostrando que con esfuerzo, dedicaci\u00f3n y talento se pueden alcanzar metas extraordinarias\u201d.<\/p>\n<p class=\"\"><b>La candidatura de Nadal la defendi\u00f3 el decano de la Facultad de Educaci\u00f3n, Ricardo Canal,<\/b> quien describi\u00f3 al tenista balear como \u201cuno de los mejores deportistas de todos los tiempos\u201d y justific\u00f3 la propuesta, no tanto por sus logros deportivos, sino por ser \u201cun ejemplo en todo el mundo de valores como la disciplina y el trabajo en equipo, la humildad y la sencillez, la perseverancia y el esp\u00edritu de superaci\u00f3n y el compromiso con la excelencia\u201d.<\/p>\n<p>Noticias relacionadas<\/p>\n<p class=\"\"><b>\u201cTodos ellos son valores que cualquiera de nosotros, en la universidad, defendemos y buscamos potenciar en nuestros estudiantes,<\/b> ya sea para lograr que se conviertan en profesionales o en investigadores que trabajen por una sociedad mejor. Nadal es un gran embajador de nuestro pa\u00eds y, por qu\u00e9 no, puede serlo tambi\u00e9n de nuestra universidad\u201d, conclu\u00eda esa argumentaci\u00f3n. <\/p>\n<p class=\"\"><b>\u00a1Tus opiniones importan!<\/b> Comenta en los art\u00edculos y suscr\u00edbete gratis a nuestra <a href=\"https:\/\/asfan.as.com\/newsletters\/\" target=\"_blank\" rel=\"nofollow noopener\" title=\"https:\/\/asfan.as.com\/newsletters\/\">newsletter<\/a> y a las alertas informativas en la <a href=\"https:\/\/as.com\/aplicacion-de-as-n\/\" target=\"_blank\" rel=\"nofollow noopener\" title=\"https:\/\/as.com\/aplicacion-de-as-n\/\">App<\/a> o el canal de <a href=\"https:\/\/www.whatsapp.com\/channel\/0029VaAasdA7j6g745nz9M10\" target=\"_blank\" rel=\"nofollow noopener\" title=\"https:\/\/www.whatsapp.com\/channel\/0029VaAasdA7j6g745nz9M10\">WhatsApp<\/a>. \u00bfBuscas licenciar contenido? Haz clic <a href=\"https:\/\/profesional.elpais.com\/soluciones-sindicacion?utm_medium=interno&amp;utm_source=crosslinking&amp;utm_campaign=sindicacion_as_pie_articulos\" target=\"_blank\" rel=\"nofollow noopener\" title=\"https:\/\/profesional.elpais.com\/soluciones-sindicacion?utm_medium=interno&amp;utm_source=crosslinking&amp;utm_campaign=sindicacion_as_pie_articulos\">aqu\u00ed<\/a><\/p>\n","protected":false},"excerpt":{"rendered":"El tenista Rafael Nadal, retirado tras 22 a\u00f1os de reputada trayectoria, recibir\u00e1 el pr\u00f3ximo 3 de octubre el&hellip;\n","protected":false},"author":2,"featured_media":107170,"comment_status":"","ping_status":"","sticky":false,"template":"","format":"standard","meta":{"footnotes":""},"categories":[274],"tags":[168,25,24,23,167,327,326],"class_list":{"0":"post-107169","1":"post","2":"type-post","3":"status-publish","4":"format-standard","5":"has-post-thumbnail","7":"category-tenis","8":"tag-deportes","9":"tag-es","10":"tag-espana","11":"tag-spain","12":"tag-sports","13":"tag-tenis","14":"tag-tennis"},"share_on_mastodon":{"url":"","error":""},"_links":{"self":[{"href":"https:\/\/www.europesays.com\/es\/wp-json\/wp\/v2\/posts\/107169","targetHints":{"allow":["GET"]}}],"collection":[{"href":"https:\/\/www.europesays.com\/es\/wp-json\/wp\/v2\/posts"}],"about":[{"href":"https:\/\/www.europesays.com\/es\/wp-json\/wp\/v2\/types\/post"}],"author":[{"embeddable":true,"href":"https:\/\/www.europesays.com\/es\/wp-json\/wp\/v2\/users\/2"}],"replies":[{"embeddable":true,"href":"https:\/\/www.europesays.com\/es\/wp-json\/wp\/v2\/comments?post=107169"}],"version-history":[{"count":0,"href":"https:\/\/www.europesays.com\/es\/wp-json\/wp\/v2\/posts\/107169\/revisions"}],"wp:featuredmedia":[{"embeddable":true,"href":"https:\/\/www.europesays.com\/es\/wp-json\/wp\/v2\/media\/107170"}],"wp:attachment":[{"href":"https:\/\/www.europesays.com\/es\/wp-json\/wp\/v2\/media?parent=107169"}],"wp:term":[{"taxonomy":"category","embeddable":true,"href":"https:\/\/www.europesays.com\/es\/wp-json\/wp\/v2\/categories?post=107169"},{"taxonomy":"post_tag","embeddable":true,"href":"https:\/\/www.europesays.com\/es\/wp-json\/wp\/v2\/tags?post=107169"}],"curies":[{"name":"wp","href":"https:\/\/api.w.org\/{rel}","templated":true}]}}