{"id":107171,"date":"2025-09-11T06:14:09","date_gmt":"2025-09-11T06:14:09","guid":{"rendered":"https:\/\/www.europesays.com\/es\/107171\/"},"modified":"2025-09-11T06:14:09","modified_gmt":"2025-09-11T06:14:09","slug":"los-incendios-arrasaron-en-ponferrada","status":"publish","type":"post","link":"https:\/\/www.europesays.com\/es\/107171\/","title":{"rendered":"los incendios arrasaron en Ponferrada"},"content":{"rendered":"<p>Vuelta a Espa\u00f1a<\/p>\n<p>Actualizado:<br \/>\n        10\/09\/2025 19:14 horas<img decoding=\"async\" loading=\"lazy\" id=\"javascript:computeds\" src=\"https:\/\/www.europesays.com\/es\/wp-content\/uploads\/2025\/09\/68c1afca437a6.jpeg\" class=\"gallery-cover-article__multimedia__item\" alt=\"\"\/><a href=\"#\" class=\"gallery-cover-article__nav__link\"><br \/>\n    Ver galer\u00eda<br \/>\n    <\/a><\/p>\n<p class=\"gallery-cover-article__description\">\n\t\t\t\t\t\tOtro viejo conocido de La Vuelta que regresa con un tel\u00f3n de fondo distinto. El Alto de El Morredero, en Ponferrada, fue uno de los jueces finales de la carrera en la \u00faltima semana de competici\u00f3n. Una larga ascensi\u00f3n que este a\u00f1o estuvo marcada por las cicatrices del incendio que afect\u00f3 notablemente al puerto, dejando un paisaje herido y desolador\n\t\t\t\t\t<\/p>\n","protected":false},"excerpt":{"rendered":"Vuelta a Espa\u00f1a Actualizado: 10\/09\/2025 19:14 horas Ver galer\u00eda Otro viejo conocido de La Vuelta que regresa con&hellip;\n","protected":false},"author":2,"featured_media":107172,"comment_status":"","ping_status":"","sticky":false,"template":"","format":"standard","meta":{"footnotes":""},"categories":[273],"tags":[313,312,168,25,24,23,167],"class_list":{"0":"post-107171","1":"post","2":"type-post","3":"status-publish","4":"format-standard","5":"has-post-thumbnail","7":"category-ciclismo","8":"tag-ciclismo","9":"tag-cycling","10":"tag-deportes","11":"tag-es","12":"tag-espana","13":"tag-spain","14":"tag-sports"},"share_on_mastodon":{"url":"","error":""},"_links":{"self":[{"href":"https:\/\/www.europesays.com\/es\/wp-json\/wp\/v2\/posts\/107171","targetHints":{"allow":["GET"]}}],"collection":[{"href":"https:\/\/www.europesays.com\/es\/wp-json\/wp\/v2\/posts"}],"about":[{"href":"https:\/\/www.europesays.com\/es\/wp-json\/wp\/v2\/types\/post"}],"author":[{"embeddable":true,"href":"https:\/\/www.europesays.com\/es\/wp-json\/wp\/v2\/users\/2"}],"replies":[{"embeddable":true,"href":"https:\/\/www.europesays.com\/es\/wp-json\/wp\/v2\/comments?post=107171"}],"version-history":[{"count":0,"href":"https:\/\/www.europesays.com\/es\/wp-json\/wp\/v2\/posts\/107171\/revisions"}],"wp:featuredmedia":[{"embeddable":true,"href":"https:\/\/www.europesays.com\/es\/wp-json\/wp\/v2\/media\/107172"}],"wp:attachment":[{"href":"https:\/\/www.europesays.com\/es\/wp-json\/wp\/v2\/media?parent=107171"}],"wp:term":[{"taxonomy":"category","embeddable":true,"href":"https:\/\/www.europesays.com\/es\/wp-json\/wp\/v2\/categories?post=107171"},{"taxonomy":"post_tag","embeddable":true,"href":"https:\/\/www.europesays.com\/es\/wp-json\/wp\/v2\/tags?post=107171"}],"curies":[{"name":"wp","href":"https:\/\/api.w.org\/{rel}","templated":true}]}}