{"id":107173,"date":"2025-09-11T06:17:45","date_gmt":"2025-09-11T06:17:45","guid":{"rendered":"https:\/\/www.europesays.com\/es\/107173\/"},"modified":"2025-09-11T06:17:45","modified_gmt":"2025-09-11T06:17:45","slug":"estoy-deseando-jugar-en-el-roig-arena-delante-de-nuestra-aficion","status":"publish","type":"post","link":"https:\/\/www.europesays.com\/es\/107173\/","title":{"rendered":"Estoy deseando jugar en el Roig Arena delante de nuestra afici\u00f3n"},"content":{"rendered":"<p class=\"ft-text\"><strong>El <\/strong><a class=\"ft-link ft-link--decoration\" href=\"https:\/\/www.superdeporte.es\/tags\/valencia-basket\/\" rel=\"nofollow noopener\" target=\"_blank\"><strong>Valencia Basket <\/strong><\/a><strong>contin\u00faa presentando las caras nuevas para esta temporada<\/strong>. Este mi\u00e9rcoles 9 de septiembre ha sido el turno de<a class=\"ft-link ft-link--decoration\" href=\"https:\/\/www.superdeporte.es\/valencia-basket\/2025\/08\/15\/lekovic-valencia-basket-cierra-fichaje-120657198.html\" rel=\"nofollow noopener\" target=\"_blank\"> Marija Lekovic, (21 a\u00f1os, Montenegro, 1.66m)<\/a>, una base que, pese a su juventud, atesora una gran experiencia y que llega al club taronja \u00abcon muchas ganas y ambici\u00f3n y con el objetivo de dar lo mejor de m\u00ed cada d\u00eda\u00bb. La puesta de largo de la montenegrina se ha celebrado en la sede de <strong>Caixa Popular <\/strong>en la Calle Cirilo Amor\u00f3s de Val\u00e8ncia.<\/p>\n<p>Bienvenida a Val\u00e8ncia<\/p>\n<p class=\"ft-text\"><strong>El director general del Valencia Basket, <\/strong><a class=\"ft-link ft-link--decoration\" href=\"https:\/\/www.superdeporte.es\/tags\/enric-carbonell\/\" rel=\"nofollow noopener\" target=\"_blank\"><strong>Enric Carbonell,<\/strong><\/a><strong> fue el encargado de dar la bienvenida <\/strong>a la jugadora internacional.\u00a0Carbonell destac\u00f3 sus cualidades: \u00abEs una jugadora que, pese a ser muy joven lleva mucho tiempo jugando al m\u00e1ximo nivel. Puede aportar mucha energ\u00eda y talento en la direcci\u00f3n de juego\u00bb. El director deportivo taronja resalt\u00f3 que \u00abes una jugadora acostumbrada a jugar al m\u00e1ximo nivel que ha sido desde muy joven muy importante en su selecci\u00f3n, algo que le abri\u00f3 las puertas de clubes como el <strong>Fenerbah\u00e7e o el Perfumer\u00edas Avenida\u00bb.<\/strong> Para Carbonell, Lekovic responde muy bien a las cualidades que busca Rub\u00e9n Burgos en sus jugadoras: \u00abQueremos una plantilla formada por jugadoras que sepan trabajar en plurar, no en idividual, apostamos por la coralidad, Marija es un ejemplo de eso\u00bb.<\/p>\n<p>Ilusionada y ambiciosa<\/p>\n<p class=\"ft-text\"><strong>Marija Lekovic se mostr\u00f3 muy ilusionada con iniciar una nueva etapa profesional en el Valencia Basket: <\/strong>\u00abGracias al club por darme esta oportunidad, estoy muy contenta y motivada. Tengo ganas de dar lo mejor de m\u00ed cada d\u00eda. Es un honor formar parte de un club con tanta historia y con una afici\u00f3n tan s\u00f3lida y numerosa. Tengo ganas de empezar la temporada\u00bb.<\/p>\n<p class=\"ft-text\">La exterior montenegrina hace una valoraci\u00f3n muy positiva de estas primeras semanas de trabajo en Val\u00e8ncia: \u00abllevo aqu\u00ed tres semanas y el equipo me parece incre\u00edble. Mi conexi\u00f3n con el entrenador ha sido muy buena, s\u00e9 lo que quiere de m\u00ed, me ha pedido que aporte energ\u00eda sobre la pista\u00bb.<\/p>\n<p class=\"ft-text\">Lekovic se mostr\u00f3 \u00aborgullosa de formar parte de un club tan importante como el Valencia Basket, uno de los mejores de Europa. He estado en clubes como el Fenerbah\u00e7e en el que jugu\u00e9 poco pero ahora en el Valencia Basket tengo una gran oportunidad. Es un salto en mi carrera\u00bb.<\/p>\n<p class=\"ft-text\">Sobre el nuevo pabell\u00f3n taronja, el Roig Arena, Marija destac\u00f3: \u00abes uno de los mejores de Europa, sino el mejor Arena de Europa. He jugado en muchos pabellones pero en ninguno como \u00e9ste. Estoy deseando jugar ah\u00ed delante de todos nuestros seguidores\u00bb.<\/p>\n<p>Once a\u00f1os con Caixa Popular<\/p>\n<p class=\"ft-text\">Paco Al\u00f3s, director responsabilidad social y relaciones p\u00fabllicas de Caixa Popular ejerci\u00f3 de anfitri\u00f3n del acto: \u00abes un honor compartir esta alianza con Valencia Basket que supone ya la und\u00e9cima temporada de colaboraci\u00f3n. Estamos en una \u00e9poca de crecimiento tanto en el Valencia Basket como en Caixa Popular, adem\u00e1s compartimos valores como el esfuerzo, el trabajo en equipo, la superaci\u00f3n y la apuesta por la igualdad\u00bb.<\/p>\n<p><img decoding=\"async\" src=\"https:\/\/www.europesays.com\/es\/wp-content\/uploads\/2025\/09\/48e94f3e-7253-4728-8ecd-8fb53d3cf5b5_alta-libre-aspect-ratio_default_0.jpg\" width=\"1200\" height=\"800\" alt=\"Marija Lekovic se mostr\u00f3 muy ilusionada\" class=\"ft-helper-img-rd\" loading=\"lazy\" hasdataaida=\"true\"\/><\/p>\n<p class=\"ft-helper-fontColor-quaternary ft-helper-fontSize-body-S ft-helper-spacer-t-xxs\">Marija Lekovic se mostr\u00f3 muy ilusionada  \/ M. A. Montesinos<\/p>\n<p>Sobre Marija Lekovic<\/p>\n<p class=\"ft-text ft-helper-align-justify\"><strong>Lekovic naci\u00f3 en 2003 en la ciudad de Bar en Montenegro y con solo 15 a\u00f1os se incorpor\u00f3 al Buducnost Bemax,<\/strong> ubicado en Podgorica, que disputa la competici\u00f3n nacional y la Liga Adri\u00e1tica. En la temporada 21-22, con 18 a\u00f1os, empez\u00f3 a ganar minutos e importancia en la rotaci\u00f3n produciendo una media de 10,9 puntos, 2,6 rebotes, 4,9 asistencias y 2 robos por partido en Liga Adri\u00e1tica. La temporada siguiente se incrementaron sus n\u00fameros hasta promediar 14,3 puntos, 3,8 rebotes, 4 asistencias y 2 robos por encuentro. En este periodo fue campeona de Liga (2019,2021, 2022, 2023) y Copa (2019, 2020, 2021, 2022 y 2023) en Montenegro. En la Liga Adri\u00e1tica en la temporada 2020\/21 fue MVP y Campeona de la Liga Adri\u00e1tica en la 2019\/20.<\/p>\n<p class=\"ft-text ft-helper-align-justify\"><strong>La joven promesa llam\u00f3 la atenci\u00f3n del<\/strong><a class=\"ft-link ft-link--decoration\" href=\"https:\/\/www.superdeporte.es\/tags\/fenerbahce\/\" rel=\"nofollow noopener\" target=\"_blank\"><strong> Fenerbahce<\/strong><\/a><strong> Opet <\/strong>y la incorporaron en el verano de 2023. En la campa\u00f1a 23-24 estuvo jugando principalmente en el equipo filial del transatl\u00e1ntico europeo donde hizo un promedio 13,1 puntos, 5,1 rebotes y 4,5 asistencias por partido. Al mismo tiempo iba disputando minutos con el primer equipo en liga turca y en EuroLeague Women, que acabar\u00eda alzando ambos t\u00edtulos junto con el de Copa nacional y SuperCup Women. La campa\u00f1a 2024-25 arrancaba tanto con la Supercopa turca como la europea, antes de que la montenegrina se desvinculase en febrero de 2025 para buscar nuevos retos. Lekovic aterriz\u00f3 entonces por primera vez en Espa\u00f1a de la mano de Perfumer\u00edas Avenida, donde pudo disputar un total de 12 partidos antes del final de la temporada.<\/p>\n<p class=\"ft-text ft-helper-align-justify\">Lekovic ha tenido presencia desde muy joven en las categor\u00edas de formaci\u00f3n de Montenegro. <strong>La jugadora promedi\u00f3 10.8 puntos, 5.6 rebotes y 4.9 asistencias por partido en el Europeo U16B de 2018 y 13 puntos, 4.9 rebotes y 5.9 asistencias por <\/strong>partido en el en Europeo U16B de 2019. Momento en el que empez\u00f3 a formar parte de la selecci\u00f3n absoluta, a la vez que compaginaba los campeonatos de formaci\u00f3n. En 2022 llev\u00f3 a su equipo a conseguir la medalla de oro en el Europeo U20B con sus 14,6 puntos, 3,3 rebotes, 4,4 asistencias y 16 de valoraci\u00f3n, siendo nombrada MVP e incluida en el quinteto ideal.<\/p>\n<p class=\"ft-text ft-helper-align-justify\"><strong>El verano de 2023 fue clave para la montenegrina, pues comenz\u00f3 disputando el <\/strong><a class=\"ft-link ft-link--decoration\" href=\"https:\/\/www.fiba.basketball\/en\" rel=\"nofollow noopener\" target=\"_blank\"><strong>Eurobasket <\/strong><\/a><strong>con la absoluta<\/strong> donde promedi\u00f3 10,5 puntos y 3,3 por encuentro, con actuaciones destacadas ante Espa\u00f1a e Italia (15 puntos), o Serbia (18 puntos). Poco despu\u00e9s, en el Europeo U20 Lekovic alcanz\u00f3 una media de 19,2 puntos, y 4,2 rebotes por partido, siendo la m\u00e1xima anotadora del campeonato.<\/p>\n<p class=\"ft-text ft-helper-align-justify\">2018\u201323 Buducnost Bemax (Liga Montenegrina y Liga Adri\u00e1tica)<\/p>\n<p class=\"ft-text ft-helper-align-justify\">2023-25 Fenerbahce Opet (Liga Turca y EuroLeague Women)<\/p>\n<p class=\"ft-text ft-helper-align-justify\">2025 Perfumer\u00edas Avenida (Liga Femenina Endesa)<\/p>\n<p class=\"ft-text ft-helper-align-justify\">Mayo 2025. Valencia Basket<\/p>\n","protected":false},"excerpt":{"rendered":"El Valencia Basket contin\u00faa presentando las caras nuevas para esta temporada. Este mi\u00e9rcoles 9 de septiembre ha sido&hellip;\n","protected":false},"author":2,"featured_media":107174,"comment_status":"","ping_status":"","sticky":false,"template":"","format":"standard","meta":{"footnotes":""},"categories":[269],"tags":[3437,299,298,168,2603,13463,37035,25,24,700,7532,2918,21860,21859,37034,7219,22179,3333,23,167,2916],"class_list":{"0":"post-107173","1":"post","2":"type-post","3":"status-publish","4":"format-standard","5":"has-post-thumbnail","7":"category-baloncesto","8":"tag-aficion","9":"tag-baloncesto","10":"tag-basketball","11":"tag-deportes","12":"tag-deseando","13":"tag-el-valencia","14":"tag-enric-carbonell","15":"tag-es","16":"tag-espana","17":"tag-europa","18":"tag-jugar","19":"tag-la-liga","20":"tag-lekovic","21":"tag-marija","22":"tag-marija-lekovic","23":"tag-montenegro","24":"tag-perfumerias-avenida","25":"tag-roig","26":"tag-spain","27":"tag-sports","28":"tag-valencia-basket"},"share_on_mastodon":{"url":"","error":""},"_links":{"self":[{"href":"https:\/\/www.europesays.com\/es\/wp-json\/wp\/v2\/posts\/107173","targetHints":{"allow":["GET"]}}],"collection":[{"href":"https:\/\/www.europesays.com\/es\/wp-json\/wp\/v2\/posts"}],"about":[{"href":"https:\/\/www.europesays.com\/es\/wp-json\/wp\/v2\/types\/post"}],"author":[{"embeddable":true,"href":"https:\/\/www.europesays.com\/es\/wp-json\/wp\/v2\/users\/2"}],"replies":[{"embeddable":true,"href":"https:\/\/www.europesays.com\/es\/wp-json\/wp\/v2\/comments?post=107173"}],"version-history":[{"count":0,"href":"https:\/\/www.europesays.com\/es\/wp-json\/wp\/v2\/posts\/107173\/revisions"}],"wp:featuredmedia":[{"embeddable":true,"href":"https:\/\/www.europesays.com\/es\/wp-json\/wp\/v2\/media\/107174"}],"wp:attachment":[{"href":"https:\/\/www.europesays.com\/es\/wp-json\/wp\/v2\/media?parent=107173"}],"wp:term":[{"taxonomy":"category","embeddable":true,"href":"https:\/\/www.europesays.com\/es\/wp-json\/wp\/v2\/categories?post=107173"},{"taxonomy":"post_tag","embeddable":true,"href":"https:\/\/www.europesays.com\/es\/wp-json\/wp\/v2\/tags?post=107173"}],"curies":[{"name":"wp","href":"https:\/\/api.w.org\/{rel}","templated":true}]}}