{"id":107179,"date":"2025-09-11T06:20:09","date_gmt":"2025-09-11T06:20:09","guid":{"rendered":"https:\/\/www.europesays.com\/es\/107179\/"},"modified":"2025-09-11T06:20:09","modified_gmt":"2025-09-11T06:20:09","slug":"nina-mariani-arquitecta-los-jovenes-estan-recuperando-este-elemento-de-las-viviendas-abandonado-por-la-generacion-anterior","status":"publish","type":"post","link":"https:\/\/www.europesays.com\/es\/107179\/","title":{"rendered":"Nina Mariani, arquitecta: \u00abLos j\u00f3venes est\u00e1n recuperando este elemento de las viviendas abandonado por la generaci\u00f3n anterior\u00bb"},"content":{"rendered":"<p><img fetchpriority=\"high\" class=\"v-a-img\" src=\"https:\/\/www.europesays.com\/es\/wp-content\/uploads\/2025\/09\/arquitectura-kwnF-U2302881234505L6G-1200x840@Diario Vasco.jpg\" loading=\"eager\" decoding=\"async\" alt=\"Nina Mariani, arquitecta: \u00abLos j\u00f3venes est\u00e1n recuperando este elemento de las viviendas abandonado por la generaci\u00f3n anterior\u00bb\"  width=\"1200\" height=\"840\"\/><\/p>\n<p>Durante a\u00f1os los propiterarios apostaron por contar con m\u00e1s metros cuadrados en sus casas en detrimento de estos espacios<\/p>\n<p class=\"v-mdl-ath__p v-mdl-ath__p--6\">\nJueves, 11 de septiembre 2025, 06:50<\/p>\n<p class=\"v-p\">La arquitecta italiana Nina Mariani, especialista en dise\u00f1o de interiores y espacios habitables, ha desgranado en una entrevista reciente uno de los elementos que los j\u00f3venes han optado por recuperar en sus viviendas despu\u00e9s de ser abandonado por la anterior generaci\u00f3n a cambio de conseguir m\u00e1s metros cuadrados de superficie para sus casas.<\/p>\n<p class=\"v-p\">\u00abDurante a\u00f1os, muchos propietarios en Espa\u00f1a optaron por cerrar los <a href=\"https:\/\/www.diariovasco.com\/san-sebastian\/balcon-famoso-decoracion-egia-san-sebastian-20250813083547-ga.html\" target=\"_blank\" title=\"www.diariovasco.com\" data-voc-vtm-id=\"in-text-traffic\" data-mrf-link=\"www.diariovasco.com\" rel=\"nofollow noopener\">balcones<\/a> de sus viviendas con el objetivo de ganar metros \u00fatiles en el interior. Sin embargo, esa tendencia parece estar cambiando y las nuevas generaciones han decidido reabrir estos espacios exteriores y devolverles el protagonismo que tuvieron en la arquitectura tradicional\u00ab, se\u00f1ala la especialista.<\/p>\n<p><a href=\"http:\/\/www.diariovasco.com\/sociedad\/carlos-lamela-arquitecto-ascensor-invento-cambia-ciudades-20250819135602-nt.html#vtm_modulosEngag=mod-rel:sociedad:noticia:1:cmp:1-not\" class=\"v-a-link\" aria-label=\"Imagen\" rel=\"nofollow noopener\" target=\"_blank\"><\/p>\n<p><img decoding=\"async\" loading=\"lazy\" src=\"https:\/\/www.europesays.com\/es\/wp-content\/uploads\/2025\/09\/arqui-kw0G--366x256@Diario Vasco.jpg\" class=\"v-a-img\" width=\"258\" height=\"180\" alt=\"\" data-voc-vtm-id=\"in-text-traffic\"\/><\/p>\n<p><\/a><\/p>\n<p class=\"v-p\">El cambio no es casual. Seg\u00fan Mariani, los millennials y la generaci\u00f3n Z han empezado a deshacer reformas que prescindieron de una estancia que hoy consideran imprescindible. La pandemia y el auge del teletrabajo aceleraron esa transformaci\u00f3n y cada vez m\u00e1s hogares buscan disponer de zonas abiertas que conecten con el exterior, no solo en verano, sino durante todo el a\u00f1o.<\/p>\n<p class=\"v-p\">\u00abEn Italia existe un gran v\u00ednculo con el balc\u00f3n. All\u00ed se aprovecha siempre, incluso en los meses fr\u00edos\u00bb, explica la arquitecta, convencida de que Espa\u00f1a tiene mucho que aprender de ese modelo. Lo parad\u00f3jico, apunta, es que en un pa\u00eds con buen clima y tradici\u00f3n de vida al aire libre, muchos inmuebles construidos en las \u00faltimas d\u00e9cadas prescindieron de esa relaci\u00f3n con la calle y el entorno.<\/p>\n<p class=\"v-p\">Lejos de darse por vencida, Mariani celebra que exista \u00abun gran inter\u00e9s por recuperarlos, por convertirlos en estancias agradables, aunque no haya mucho espacio\u00bb. Una apuesta que refleja no solo una nueva sensibilidad arquitect\u00f3nica, sino tambi\u00e9n una forma distinta de entender el hogar como un espacio abierto, luminoso y conectado con el exterior.<\/p>\n<p>Comenta<\/p>\n<p>Reporta un error<\/p>\n","protected":false},"excerpt":{"rendered":"Durante a\u00f1os los propiterarios apostaron por contar con m\u00e1s metros cuadrados en sus casas en detrimento de estos&hellip;\n","protected":false},"author":2,"featured_media":107180,"comment_status":"","ping_status":"","sticky":false,"template":"","format":"standard","meta":{"footnotes":""},"categories":[173],"tags":[17420,801,229,233,231,230,13383,3738,232,234,146,147,25,24,37036,23,3633],"class_list":{"0":"post-107179","1":"post","2":"type-post","3":"status-publish","4":"format-standard","5":"has-post-thumbnail","7":"category-arte-y-diseno","8":"tag-arquitecta","9":"tag-arquitectura","10":"tag-arte","11":"tag-arte-y-diseno","12":"tag-arts","13":"tag-arts-and-design","14":"tag-balcones","15":"tag-casas","16":"tag-design","17":"tag-diseno","18":"tag-entertainment","19":"tag-entretenimiento","20":"tag-es","21":"tag-espana","22":"tag-nina-mariani","23":"tag-spain","24":"tag-vivienda"},"share_on_mastodon":{"url":"","error":""},"_links":{"self":[{"href":"https:\/\/www.europesays.com\/es\/wp-json\/wp\/v2\/posts\/107179","targetHints":{"allow":["GET"]}}],"collection":[{"href":"https:\/\/www.europesays.com\/es\/wp-json\/wp\/v2\/posts"}],"about":[{"href":"https:\/\/www.europesays.com\/es\/wp-json\/wp\/v2\/types\/post"}],"author":[{"embeddable":true,"href":"https:\/\/www.europesays.com\/es\/wp-json\/wp\/v2\/users\/2"}],"replies":[{"embeddable":true,"href":"https:\/\/www.europesays.com\/es\/wp-json\/wp\/v2\/comments?post=107179"}],"version-history":[{"count":0,"href":"https:\/\/www.europesays.com\/es\/wp-json\/wp\/v2\/posts\/107179\/revisions"}],"wp:featuredmedia":[{"embeddable":true,"href":"https:\/\/www.europesays.com\/es\/wp-json\/wp\/v2\/media\/107180"}],"wp:attachment":[{"href":"https:\/\/www.europesays.com\/es\/wp-json\/wp\/v2\/media?parent=107179"}],"wp:term":[{"taxonomy":"category","embeddable":true,"href":"https:\/\/www.europesays.com\/es\/wp-json\/wp\/v2\/categories?post=107179"},{"taxonomy":"post_tag","embeddable":true,"href":"https:\/\/www.europesays.com\/es\/wp-json\/wp\/v2\/tags?post=107179"}],"curies":[{"name":"wp","href":"https:\/\/api.w.org\/{rel}","templated":true}]}}