{"id":107195,"date":"2025-09-11T06:30:09","date_gmt":"2025-09-11T06:30:09","guid":{"rendered":"https:\/\/www.europesays.com\/es\/107195\/"},"modified":"2025-09-11T06:30:09","modified_gmt":"2025-09-11T06:30:09","slug":"kamala-harris-revela-en-su-nuevo-libro-que-fue-un-error-dejar-que-biden-decidiera-solo-sobre-la-reeleccion","status":"publish","type":"post","link":"https:\/\/www.europesays.com\/es\/107195\/","title":{"rendered":"Kamala Harris revela en su nuevo libro que fue un error dejar que Biden decidiera solo sobre la reelecci\u00f3n"},"content":{"rendered":"<p>      CNN<br \/>\n        \u00a0\u2014\u00a0<\/p>\n<p class=\"paragraph inline-placeholder vossi-paragraph\" data-uri=\"es.cms.cnn.com\/_components\/paragraph\/instances\/cmfe9vfnf001q27qj2urt2hw4@published\" data-editable=\"text\" data-component-name=\"paragraph\" data-article-gutter=\"true\">\n            \u201cEn retrospectiva\u201d, escribe Kamala Harris sobre haber permitido que Joe y Jill Biden decidieran por su cuenta si el entonces presidente deb\u00eda intentar postularse a la reelecci\u00f3n, \u201ccreo que fue una imprudencia\u201d.\n    <\/p>\n<p class=\"paragraph inline-placeholder vossi-paragraph\" data-uri=\"es.cms.cnn.com\/_components\/paragraph\/instances\/cmfeb56x10005356nafgr28tr@published\" data-editable=\"text\" data-component-name=\"paragraph\" data-article-gutter=\"true\">\n            Esa es la evaluaci\u00f3n que hace la exvicepresidenta en sus pr\u00f3ximas memorias sobre su abreviada campa\u00f1a de 2024, en una ruptura significativa con la postura de lealtad que mantuvo hacia su antiguo jefe durante el tiempo en la Casa Blanca y desde entonces.\n    <\/p>\n<p class=\"paragraph inline-placeholder vossi-paragraph\" data-uri=\"es.cms.cnn.com\/_components\/paragraph\/instances\/cmfeb56x10006356ncf18vew2@published\" data-editable=\"text\" data-component-name=\"paragraph\" data-article-gutter=\"true\">\n            \u201c\u2018Es decisi\u00f3n de Joe y Jill\u2019. Todos lo dec\u00edamos, como un mantra, como si estuvi\u00e9ramos hipnotizados\u201d, escribe Harris en el primer extracto de \u201c107 D\u00edas\u201d, publicado este mi\u00e9rcoles por The Atlantic. \u201cLo que estaba en juego era simplemente demasiado alto. Esta no era una decisi\u00f3n que deb\u00eda dejarse al ego o la ambici\u00f3n de una persona. Ten\u00eda que ser m\u00e1s que una decisi\u00f3n personal\u201d.\n    <\/p>\n<p class=\"paragraph inline-placeholder vossi-paragraph\" data-uri=\"es.cms.cnn.com\/_components\/paragraph\/instances\/cmfeb56x10007356nyuxlyjf6@published\" data-editable=\"text\" data-component-name=\"paragraph\" data-article-gutter=\"true\">\n            Parte del problema, escribe Harris, era un equipo de Biden tan comprometido con no ayudarla que, seg\u00fan ella, al final result\u00f3 en perjuicio propio y del pa\u00eds.\n    <\/p>\n<p class=\"paragraph inline-placeholder vossi-paragraph\" data-uri=\"es.cms.cnn.com\/_components\/paragraph\/instances\/cmfeb56x10008356nfgxdkeo9@published\" data-editable=\"text\" data-component-name=\"paragraph\" data-article-gutter=\"true\">\n            \u201cCuando las encuestas indicaban que yo me volv\u00eda m\u00e1s popular, a la gente que lo rodeaba no le gustaba el contraste que surg\u00eda\u201d, se\u00f1ala Harris. \u201cNinguno entend\u00eda que si a m\u00ed me iba bien, a \u00e9l tambi\u00e9n. Que dadas las preocupaciones por su edad, mi \u00e9xito visible como su vicepresidenta era vital. Servir\u00eda como testimonio de su buen juicio al elegirme y como garant\u00eda de que, si algo pasaba, el pa\u00eds estaba en buenas manos. Mi \u00e9xito era importante para \u00e9l\u201d.\n    <\/p>\n<p class=\"paragraph inline-placeholder vossi-paragraph\" data-uri=\"es.cms.cnn.com\/_components\/paragraph\/instances\/cmfeb56x10009356nlxqx8zxz@published\" data-editable=\"text\" data-component-name=\"paragraph\" data-article-gutter=\"true\">\n            \u201cSu equipo\u201d, concluye Harris en el cap\u00edtulo, \u201cno lo entendi\u00f3\u201d.\n    <\/p>\n<p>       <img decoding=\"async\" src=\"https:\/\/www.europesays.com\/es\/wp-content\/uploads\/2025\/09\/joe-biden-y-harris-agosto.jpg\" alt=\"Joe Biden, a la izquierda, y Kamala Harris durante un evento en Upper Marlboro, Maryland, el jueves 15 de agosto de 2024. Biden regres\u00f3 a la campa\u00f1a electoral un mes despu\u00e9s de finalizar su intento de reelecci\u00f3n y respaldar a Harris.\" class=\"image__dam-img image__dam-img--loading\" onload=\"this.classList.remove('image__dam-img--loading')\" onerror=\"imageLoadError(this)\" height=\"641\" width=\"950\" loading=\"lazy\"\/><\/p>\n<p class=\"paragraph inline-placeholder vossi-paragraph\" data-uri=\"es.cms.cnn.com\/_components\/paragraph\/instances\/cmfe9vtfz0000356n9r6djseq@published\" data-editable=\"text\" data-component-name=\"paragraph\" data-article-gutter=\"true\">\n            Harris apunta en el cap\u00edtulo que es una persona leal. Esa lealtad, al punto de la timidez frente a la idea de cuestionar a Biden y su historial, se convirti\u00f3 en un lastre para su campa\u00f1a presidencial, de forma m\u00e1s devastadora durante su aparici\u00f3n en \u201cThe View\u201d el pasado octubre, cuando le preguntaron: \u201c\u00bfQu\u00e9, si acaso, habr\u00eda hecho usted diferente al presidente Biden durante los \u00faltimos cuatro a\u00f1os?\u201d\n    <\/p>\n<p class=\"paragraph inline-placeholder vossi-paragraph\" data-uri=\"es.cms.cnn.com\/_components\/paragraph\/instances\/cmfeb6uv8000h356ncimosb5o@published\" data-editable=\"text\" data-component-name=\"paragraph\" data-article-gutter=\"true\">\n            A pesar de la preparaci\u00f3n y las recomendaciones de sus principales asesores para marcar distancia, respondi\u00f3: \u201cNo se me ocurre nada\u201d.\n    <\/p>\n<p class=\"paragraph inline-placeholder vossi-paragraph\" data-uri=\"es.cms.cnn.com\/_components\/paragraph\/instances\/cmfeb6uv8000i356n2n1m6g7j@published\" data-editable=\"text\" data-component-name=\"paragraph\" data-article-gutter=\"true\">\n            Ese comentario la persigui\u00f3 en las \u00faltimas semanas de cobertura y en la publicidad de la campa\u00f1a de Donald Trump, hasta llegar a su ajustada derrota.\n    <\/p>\n<p class=\"paragraph inline-placeholder vossi-paragraph\" data-uri=\"es.cms.cnn.com\/_components\/paragraph\/instances\/cmfeb6uv8000j356nx4f5qpjp@published\" data-editable=\"text\" data-component-name=\"paragraph\" data-article-gutter=\"true\">\n            Tambi\u00e9n aborda uno de los temas m\u00e1s delicados al armar sus memorias: c\u00f3mo la edad de Biden le pas\u00f3 factura en p\u00fablico y en privado.\n    <\/p>\n<p class=\"paragraph inline-placeholder vossi-paragraph\" data-uri=\"es.cms.cnn.com\/_components\/paragraph\/instances\/cmfeb6uv8000k356npu2e4ke7@published\" data-editable=\"text\" data-component-name=\"paragraph\" data-article-gutter=\"true\">\n            Harris rechaza que hubiera un problema serio.\n    <\/p>\n<p class=\"paragraph inline-placeholder vossi-paragraph\" data-uri=\"es.cms.cnn.com\/_components\/paragraph\/instances\/cmfeb6uv8000l356n1jqnbdx2@published\" data-editable=\"text\" data-component-name=\"paragraph\" data-article-gutter=\"true\">\n            \u201cEn su peor d\u00eda, era m\u00e1s profundamente conocedor, m\u00e1s capaz de ejercer juicio y mucho m\u00e1s compasivo que Donald Trump en su mejor d\u00eda. Pero a los 81, Joe se cansaba\u201d, escribe Harris. \u201cAh\u00ed es cuando su edad se notaba en tropiezos f\u00edsicos y verbales. No creo que sea sorpresa que el desastre del debate ocurriera justo despu\u00e9s de dos viajes consecutivos a Europa y un vuelo a la costa oeste para una recaudaci\u00f3n de fondos en Hollywood. No creo que fuera incapacidad. Si lo creyera, lo habr\u00eda dicho. Por leal que soy al presidente Biden, soy m\u00e1s leal a mi pa\u00eds\u201d.\n    <\/p>\n<p class=\"paragraph inline-placeholder vossi-paragraph\" data-uri=\"es.cms.cnn.com\/_components\/paragraph\/instances\/cmfeb6uv8000m356nc5gvrkk7@published\" data-editable=\"text\" data-component-name=\"paragraph\" data-article-gutter=\"true\">\n            Harris anunci\u00f3 en el verano que no competir\u00eda, como muchos esperaban, por la gobernaci\u00f3n de California el pr\u00f3ximo a\u00f1o, aunque dej\u00f3 la puerta abierta a otra candidatura presidencial. Varias personas cercanas le dijeron a CNN que esperan que su carrera electoral haya llegado a su fin.\n    <\/p>\n<p class=\"paragraph inline-placeholder vossi-paragraph\" data-uri=\"es.cms.cnn.com\/_components\/paragraph\/instances\/cmfeb6uv8000n356nicbjnnlx@published\" data-editable=\"text\" data-component-name=\"paragraph\" data-article-gutter=\"true\">\n            Mientras tanto, su libro, que saldr\u00e1 a la venta en dos semanas, es otro cap\u00edtulo en una relaci\u00f3n interconectada, aunque a veces conflictiva, entre ella y Biden, que se remonta a su amistad con el fallecido hijo del presidente, Beau, hasta el momento del primer debate de primarias en junio de 2019 cuando atac\u00f3 a Biden por su postura de los a\u00f1os setenta sobre la integraci\u00f3n escolar, y luego pas\u00f3 por los altibajos de trabajar juntos en la Casa Blanca.\n    <\/p>\n<p class=\"paragraph inline-placeholder vossi-paragraph\" data-uri=\"es.cms.cnn.com\/_components\/paragraph\/instances\/cmfeb6uv8000o356nwfvtifop@published\" data-editable=\"text\" data-component-name=\"paragraph\" data-article-gutter=\"true\">\n            Harris escribe sobre c\u00f3mo fue socavada por Biden y su personal, acus\u00e1ndolos de no defenderla ni destacarla e incluso de \u201calimentar narrativas negativas que surg\u00edan en torno a m\u00ed\u201d.\n    <\/p>\n<p class=\"paragraph inline-placeholder vossi-paragraph\" data-uri=\"es.cms.cnn.com\/_components\/paragraph\/instances\/cmfeb6uv8000p356ndefxlhrc@published\" data-editable=\"text\" data-component-name=\"paragraph\" data-article-gutter=\"true\">\n            Su encargo de Biden de ser la responsable de los temas migratorios relacionados con Centroam\u00e9rica, escribe Harris, fue un ejemplo perfecto.\n    <\/p>\n<p class=\"paragraph inline-placeholder vossi-paragraph\" data-uri=\"es.cms.cnn.com\/_components\/paragraph\/instances\/cmfeb6uv8000q356no45eisfg@published\" data-editable=\"text\" data-component-name=\"paragraph\" data-article-gutter=\"true\">\n            \u201cCuando los republicanos tergiversaron mi papel como \u2018zar de la frontera\u2019, nadie en el equipo de comunicaciones de la Casa Blanca me ayud\u00f3 a responder eficazmente y explicar lo que realmente se me hab\u00eda encomendado, ni a resaltar los avances que hab\u00eda logrado\u201d, agrega varios p\u00e1rrafos despu\u00e9s. \u201cEn cambio, cargu\u00e9 con la culpa por la frontera porosa, un problema que hab\u00eda resultado intratable tanto para gobiernos dem\u00f3cratas como republicanos\u201d.\n    <\/p>\n<p class=\"paragraph inline-placeholder vossi-paragraph\" data-uri=\"es.cms.cnn.com\/_components\/paragraph\/instances\/cmfeb6uv8000r356nd944cf52@published\" data-editable=\"text\" data-component-name=\"paragraph\" data-article-gutter=\"true\">\n            Un portavoz de Biden no hizo comentarios de inmediato.\n    <\/p>\n<p class=\"paragraph inline-placeholder vossi-paragraph\" data-uri=\"es.cms.cnn.com\/_components\/paragraph\/instances\/cmfeb6uv8000s356ngapbznke@published\" data-editable=\"text\" data-component-name=\"paragraph\" data-article-gutter=\"true\">\n            El cap\u00edtulo del extracto est\u00e1 fechado el 24 de julio de 2024, unos d\u00edas despu\u00e9s de que Harris asumiera como candidata tras casi un mes de trauma dem\u00f3crata y cuando Biden finalmente ofreci\u00f3 un discurso desde la Oficina Oval para hablar de su salida.\n    <\/p>\n<p class=\"paragraph inline-placeholder vossi-paragraph\" data-uri=\"es.cms.cnn.com\/_components\/paragraph\/instances\/cmfeb6uv8000t356nfcxvvuf1@published\" data-editable=\"text\" data-component-name=\"paragraph\" data-article-gutter=\"true\">\n            Incluso eso lleg\u00f3 con un mal sabor, escribe Harris.\n    <\/p>\n<p class=\"paragraph inline-placeholder vossi-paragraph\" data-uri=\"es.cms.cnn.com\/_components\/paragraph\/instances\/cmfeb6uv8000u356nikvoydv7@published\" data-editable=\"text\" data-component-name=\"paragraph\" data-article-gutter=\"true\">\n            \u201cPasaron casi nueve minutos de los 11 que dur\u00f3 el discurso\u201d, recuerda, \u201cantes de que me mencionara\u201d.\n    <\/p>\n","protected":false},"excerpt":{"rendered":"CNN \u00a0\u2014\u00a0 \u201cEn retrospectiva\u201d, escribe Kamala Harris sobre haber permitido que Joe y Jill Biden decidieran por su&hellip;\n","protected":false},"author":2,"featured_media":107196,"comment_status":"","ping_status":"","sticky":false,"template":"","format":"standard","meta":{"footnotes":""},"categories":[42],"tags":[17,18,13,14,11,61,62,63,64,5662,19,20,37037,9,10,15,16,12,21,22,65,66,67],"class_list":{"0":"post-107195","1":"post","2":"type-post","3":"status-publish","4":"format-standard","5":"has-post-thumbnail","7":"category-internacional","8":"tag-breaking-news","9":"tag-breakingnews","10":"tag-featured-news","11":"tag-featurednews","12":"tag-headlines","13":"tag-internacional","14":"tag-international","15":"tag-international-news","16":"tag-internationalnews","17":"tag-joe-biden","18":"tag-latest-news","19":"tag-latestnews","20":"tag-libro-kamala-harris","21":"tag-news","22":"tag-noticias","23":"tag-noticias-destacadas","24":"tag-noticiasdestacadas","25":"tag-titulares","26":"tag-ultimas-noticias","27":"tag-ultimasnoticias","28":"tag-world","29":"tag-world-news","30":"tag-worldnews"},"share_on_mastodon":{"url":"","error":""},"_links":{"self":[{"href":"https:\/\/www.europesays.com\/es\/wp-json\/wp\/v2\/posts\/107195","targetHints":{"allow":["GET"]}}],"collection":[{"href":"https:\/\/www.europesays.com\/es\/wp-json\/wp\/v2\/posts"}],"about":[{"href":"https:\/\/www.europesays.com\/es\/wp-json\/wp\/v2\/types\/post"}],"author":[{"embeddable":true,"href":"https:\/\/www.europesays.com\/es\/wp-json\/wp\/v2\/users\/2"}],"replies":[{"embeddable":true,"href":"https:\/\/www.europesays.com\/es\/wp-json\/wp\/v2\/comments?post=107195"}],"version-history":[{"count":0,"href":"https:\/\/www.europesays.com\/es\/wp-json\/wp\/v2\/posts\/107195\/revisions"}],"wp:featuredmedia":[{"embeddable":true,"href":"https:\/\/www.europesays.com\/es\/wp-json\/wp\/v2\/media\/107196"}],"wp:attachment":[{"href":"https:\/\/www.europesays.com\/es\/wp-json\/wp\/v2\/media?parent=107195"}],"wp:term":[{"taxonomy":"category","embeddable":true,"href":"https:\/\/www.europesays.com\/es\/wp-json\/wp\/v2\/categories?post=107195"},{"taxonomy":"post_tag","embeddable":true,"href":"https:\/\/www.europesays.com\/es\/wp-json\/wp\/v2\/tags?post=107195"}],"curies":[{"name":"wp","href":"https:\/\/api.w.org\/{rel}","templated":true}]}}