{"id":107205,"date":"2025-09-11T06:36:22","date_gmt":"2025-09-11T06:36:22","guid":{"rendered":"https:\/\/www.europesays.com\/es\/107205\/"},"modified":"2025-09-11T06:36:22","modified_gmt":"2025-09-11T06:36:22","slug":"la-fiesta-del-golf-vuelve-a-alicante-con-la-ii-forty-golf-cup","status":"publish","type":"post","link":"https:\/\/www.europesays.com\/es\/107205\/","title":{"rendered":"La Fiesta del Golf vuelve a Alicante con la II Forty Golf Cup"},"content":{"rendered":"<p><a class=\"v-mdl-ath__fig-a\" href=\"https:\/\/www.todoalicante.es\/autor\/suplementos-6686.html\" title=\"Suplementos\" rel=\"nofollow noopener\" target=\"_blank\"><br \/>\n<img decoding=\"async\" class=\"v-mdl-ath__img\" src=\"https:\/\/s3.ppllstatics.com\/comun\/img\/2014\/autor\/autor-6686-foto-1.jpeg\" alt=\"Suplementos\"\/><br \/>\n<\/a><\/p>\n<p class=\"v-mdl-ath__p v-mdl-ath__p--6\">\nMi\u00e9rcoles, 10 de septiembre 2025, 07:27<\/p>\n<p class=\"v-p\">Alicante ya respira golf. <strong>Arranca la II edici\u00f3n de la FORTY Golf Cup (FGC) en Bonalba Golf Resort (Muchamiel, Alicante), con una propuesta que va mucho m\u00e1s all\u00e1 de la competici\u00f3n: 4 d\u00edas de experiencias, ponencias, networking, fiesta y deporte <\/strong>en uno de los eventos amateurs m\u00e1s ambiciosos del calendario nacional. <\/p>\n<p class=\"v-p\">La cita, que se extiende <strong>hasta el 13 de septiembre<\/strong>, consolida un modelo \u00fanico, inclusivo, abierto a nuevos p\u00fablicos y con una capacidad de convocatoria que en <strong>su primera edici\u00f3n ya super\u00f3 los 1.200 asistentes<\/strong>. Este a\u00f1o, la FGC redobla su apuesta con una agenda ampliada, dos jornadas de torneo oficial y una jornada de torneo femenino por equipos, un nuevo enfoque experiencial y actividades para todos los perfiles. <\/p>\n<p><img decoding=\"async\" loading=\"lazy\" src=\"https:\/\/www.europesays.com\/es\/wp-content\/uploads\/2025\/09\/GOLF (1)-kxj--650x455@TodoAlicante.jpg\" class=\"v-a-img\" width=\"650\" height=\"455\" alt=\"De izquierda a dcha Yolanda Jarne, Emilio Del Barrio y Patricia Smyth\" data-voc-vtm-id=\"in-text-traffic\"\/><\/p>\n<p>De izquierda a dcha Yolanda Jarne, Emilio Del Barrio y Patricia Smyth<\/p>\n<p><img loading=\"lazy\" decoding=\"async\" src=\"https:\/\/www.europesays.com\/es\/wp-content\/uploads\/2025\/09\/GOLF (1)-kxj--650x455@TodoAlicante.jpg\" class=\"v-mdl__img-z\" width=\"650\" height=\"455\" alt=\"\"\/><\/p>\n<p class=\"v-p\">\u00abLa FORTY Golf Cup es una celebraci\u00f3n del golf en todos sus valores. Es un deporte saludable, accesible, divertido y con una enorme capacidad para generar v\u00ednculos personales y profesionales. Ha sido un trabajo de meses, pensado al detalle para que cada jornada sea una experiencia \u00fanica\u00bb, afirma Emilio Del Barrio, presidente de FORTY Group y promotor del evento. <\/p>\n<p>Golf femenino y Forty Lab: deporte, reflexi\u00f3n e inspiraci\u00f3n<\/p>\n<p class=\"v-p\">Entre las novedades para este a\u00f1o destaca el Ladies International Team Trophy, <strong>un torneo femenino por equipos con car\u00e1cter internacional que pone el foco en la visibilidad y el liderazgo de la mujer en el golf amateur<\/strong>. El enfrentamiento entre el combinado espa\u00f1ol y el equipo europeo representa un paso firme hacia la igualdad en el deporte y busca consolidarse como cita imprescindible del calendario. <\/p>\n<p><img decoding=\"async\" loading=\"lazy\" src=\"https:\/\/s3.ppllstatics.com\/todoalicante\/www\/multimedia\/2025\/09\/09\/GOLF%20(2)-kxj--650x455@TodoAlicante.jpg\" class=\"v-a-img\" width=\"650\" height=\"455\" alt=\"Clinics de golf FGC 2024\" data-voc-vtm-id=\"in-text-traffic\"\/><\/p>\n<p>Clinics de golf FGC 2024<\/p>\n<p><img loading=\"lazy\" decoding=\"async\" src=\"https:\/\/s3.ppllstatics.com\/todoalicante\/www\/multimedia\/2025\/09\/09\/GOLF%20(2)-kxj--650x455@TodoAlicante.jpg\" class=\"v-mdl__img-z\" width=\"650\" height=\"455\" alt=\"\"\/><\/p>\n<p class=\"v-p\">Junto a la competici\u00f3n, <strong>e<\/strong><strong>l programa incorpora FORTY Lab, un espacio de di\u00e1logo y crecimiento personal y profesional que conecta el golf con la actitud vital, la toma de decisiones y la construcci\u00f3n de relaciones<\/strong>. <\/p>\n<p class=\"v-p\">El 10 de septiembre se celebrar\u00e1n varias ponencias como la que correr\u00e1 a cargo de Fabi\u00e1n Villena y Fernando Vega de Seoane, \u00abActitud positiva inteligente en el golf\u00bb, centrada en c\u00f3mo actuar en un campo de golf, y en la vida, sin miedo a errar y con actitud positiva. <\/p>\n<p class=\"v-p\">El 11 de septiembre a las 12:00 h, tendr\u00e1 lugar FORTYLAB Business, bajo el t\u00edtulo \u00abEl golf antes, durante y despu\u00e9s del \u00e9xito\u00bb, una conversaci\u00f3n moderada por Jorge Armenteros (director de Ryder COPE y voz habitual de Tiempo de Juego), en la que participar\u00e1n Mar Ruiz de la Torre (vicepresidenta de la Federaci\u00f3n Espa\u00f1ola de Golf), Elena Jim\u00e9nez (periodista y presentadora de TVE) y Emilio Del Barrio, presidente de FORTY Group. Una mesa abierta que explorar\u00e1 c\u00f3mo el golf influye en la vida personal y profesional desde distintos sectores de \u00e9xito. <\/p>\n<p><img decoding=\"async\" loading=\"lazy\" src=\"https:\/\/www.europesays.com\/es\/wp-content\/uploads\/2025\/09\/GOLF (4)-kxj--650x455@TodoAlicante.jpg\" class=\"v-a-img\" width=\"650\" height=\"455\" alt=\"Directiva de la FGC y la Escuela de golf de Bonalba\" data-voc-vtm-id=\"in-text-traffic\"\/><\/p>\n<p>Directiva de la FGC y la Escuela de golf de Bonalba<\/p>\n<p><img loading=\"lazy\" decoding=\"async\" src=\"https:\/\/www.europesays.com\/es\/wp-content\/uploads\/2025\/09\/GOLF (4)-kxj--650x455@TodoAlicante.jpg\" class=\"v-mdl__img-z\" width=\"650\" height=\"455\" alt=\"\"\/><\/p>\n<p>12 y 13 de septiembre: torneo oficial<\/p>\n<p class=\"v-p\">El viernes 12 y s\u00e1bado 13 de septiembre se celebran las dos jornadas de competici\u00f3n oficial de la II FORTY Golf Cup. Bajo formato fourball por equipos, el torneo refuerza su ambici\u00f3n por consolidarse como uno de los torneos amateur de referencia, tanto por nivel deportivo como por su experiencia global. <\/p>\n<p>Doble Open Day: el golf, en formato fiesta abierta<\/p>\n<p class=\"v-p\">Si en 2024 el Open Day fue una de las claves del \u00e9xito, este a\u00f1o se ampl\u00eda a dos d\u00edas: viernes y s\u00e1bado. El objetivo: superar los m\u00e1s de 1000 asistentes de la pasada edici\u00f3n y abrir el golf a nuevos p\u00fablicos. <\/p>\n<p class=\"v-p\">Durante toda la jornada (de 10:00 a 19:00 h), el acceso ser\u00e1 libre para el p\u00fablico general con actividades gratuitas como cursos de iniciaci\u00f3n, zona de pr\u00e1cticas, charlas, stands de asociaciones, gastronom\u00eda y mucho m\u00e1s. <\/p>\n<p class=\"v-p\">Uno de los puntos fuertes ser\u00e1 la pool party en la piscina de Bonalba, con DJs, gastronom\u00eda, c\u00f3cteles, zonas chill out y una experiencia festiva dise\u00f1ada para todos los p\u00fablicos. <\/p>\n<p><img decoding=\"async\" loading=\"lazy\" src=\"https:\/\/www.europesays.com\/es\/wp-content\/uploads\/2025\/09\/GOLF (3)-kxj--650x975@TodoAlicante.jpg\" class=\"v-a-img\" width=\"650\" height=\"975\" alt=\"\" data-voc-vtm-id=\"in-text-traffic\"\/><\/p>\n<p>Golf, salud y econom\u00eda local<\/p>\n<p class=\"v-p\">M\u00e1s all\u00e1 del ocio, la FORTY Golf Cup sigue impulsando el mensaje del golf como motor de bienestar y riqueza local. La Comunidad Valenciana es ya una de las regiones con mayor <\/p>\n<p class=\"v-p\">crecimiento en la pr\u00e1ctica del golf, y Alicante se perfila como destino estrat\u00e9gico para este segmento tur\u00edstico, especialmente fuera de temporada alta. <\/p>\n<p class=\"v-p\">La FGC re\u00fane a jugadores, familias, curiosos, empresarios, medios y marcas. Su crecimiento es evidente: de una jornada en 2024 a una Golf Week en 2025 que conecta deporte, salud, formaci\u00f3n y ocio. Y todo con un objetivo claro: acercar el golf a la ciudadan\u00eda y convertirlo en un deporte accesible. <\/p>\n<p class=\"v-p\">El s\u00e1bado 13 a las 21:00 h, PUNTAPIEDRA acoger\u00e1 la entrega de premios y la gran fiesta final, clausurando una semana que posiciona a la FGC como cita clave del golf amateur en Levante y escaparate para acercar este deporte a todos los p\u00fablicos. <\/p>\n<p>Reporta un error<\/p>\n","protected":false},"excerpt":{"rendered":"Mi\u00e9rcoles, 10 de septiembre 2025, 07:27 Alicante ya respira golf. Arranca la II edici\u00f3n de la FORTY Golf&hellip;\n","protected":false},"author":2,"featured_media":107206,"comment_status":"","ping_status":"","sticky":false,"template":"","format":"standard","meta":{"footnotes":""},"categories":[275],"tags":[2206,5393,168,25,24,2328,37039,329,23,167,739],"class_list":{"0":"post-107205","1":"post","2":"type-post","3":"status-publish","4":"format-standard","5":"has-post-thumbnail","7":"category-golf","8":"tag-alicante","9":"tag-cup","10":"tag-deportes","11":"tag-es","12":"tag-espana","13":"tag-fiesta","14":"tag-forty","15":"tag-golf","16":"tag-spain","17":"tag-sports","18":"tag-vuelve"},"share_on_mastodon":{"url":"","error":""},"_links":{"self":[{"href":"https:\/\/www.europesays.com\/es\/wp-json\/wp\/v2\/posts\/107205","targetHints":{"allow":["GET"]}}],"collection":[{"href":"https:\/\/www.europesays.com\/es\/wp-json\/wp\/v2\/posts"}],"about":[{"href":"https:\/\/www.europesays.com\/es\/wp-json\/wp\/v2\/types\/post"}],"author":[{"embeddable":true,"href":"https:\/\/www.europesays.com\/es\/wp-json\/wp\/v2\/users\/2"}],"replies":[{"embeddable":true,"href":"https:\/\/www.europesays.com\/es\/wp-json\/wp\/v2\/comments?post=107205"}],"version-history":[{"count":0,"href":"https:\/\/www.europesays.com\/es\/wp-json\/wp\/v2\/posts\/107205\/revisions"}],"wp:featuredmedia":[{"embeddable":true,"href":"https:\/\/www.europesays.com\/es\/wp-json\/wp\/v2\/media\/107206"}],"wp:attachment":[{"href":"https:\/\/www.europesays.com\/es\/wp-json\/wp\/v2\/media?parent=107205"}],"wp:term":[{"taxonomy":"category","embeddable":true,"href":"https:\/\/www.europesays.com\/es\/wp-json\/wp\/v2\/categories?post=107205"},{"taxonomy":"post_tag","embeddable":true,"href":"https:\/\/www.europesays.com\/es\/wp-json\/wp\/v2\/tags?post=107205"}],"curies":[{"name":"wp","href":"https:\/\/api.w.org\/{rel}","templated":true}]}}