{"id":107227,"date":"2025-09-11T06:51:06","date_gmt":"2025-09-11T06:51:06","guid":{"rendered":"https:\/\/www.europesays.com\/es\/107227\/"},"modified":"2025-09-11T06:51:06","modified_gmt":"2025-09-11T06:51:06","slug":"nicki-nicole-confirma-estar-enamorada-de-lamine-yamal-y-de-barcelona-tudn-la-liga","status":"publish","type":"post","link":"https:\/\/www.europesays.com\/es\/107227\/","title":{"rendered":"Nicki Nicole confirma estar enamorada de Lamine Yamal y de Barcelona | TUDN La Liga"},"content":{"rendered":"<p>A ambos personajes se les vio juntos en M\u00f3naco en agosto pasado y ahora fue la cantante argentina la que dio de qu\u00e9 hablar tras dar unas declaraciones este mi\u00e9rcoles luego de su asistencia a una presentaci\u00f3n de una l\u00ednea de ropa en Barcelona.<\/p>\n<p>\u201cEstoy muy feliz, muy feliz en Barcelona. La verdad que con mucho cari\u00f1o de la gente y quiero agradecer a todos. Muy feliz. Muy enamorada y muy feliz\u201d, respondi\u00f3 Nicky Nicole a los cuestionamientos de la prensa, que insistente, le pregunt\u00f3 de forma directa sobre Lamine Yamal.<\/p>\n<p>\u201cObvio, es la ciudad del amor, hay muchas palabras en catal\u00e1n que me encantan. Tengo que aprender. S\u00e9, por Rosal\u00eda, aprend\u00ed la palabra t\u2019estimo (te quiero), si no me equivoco, as\u00ed que nada, estar\u00e9 viendo algunas clases.<\/p>\n<p>\u201cT\u2019estimo, tambi\u00e9n, me ense\u00f1\u00f3 (Lamine Yamal)\u201d, adem\u00e1s de que respondi\u00f3 afirmativamente sobre si el jugador le da esa sinceridad y disfrute que otorga el amor, por lo que todo indica la relaci\u00f3n va viento en popa. <\/p>\n","protected":false},"excerpt":{"rendered":"A ambos personajes se les vio juntos en M\u00f3naco en agosto pasado y ahora fue la cantante argentina&hellip;\n","protected":false},"author":2,"featured_media":107228,"comment_status":"","ping_status":"","sticky":false,"template":"","format":"standard","meta":{"footnotes":""},"categories":[91],"tags":[210,146,147,25,24,288,8138,26142,23],"class_list":{"0":"post-107227","1":"post","2":"type-post","3":"status-publish","4":"format-standard","5":"has-post-thumbnail","7":"category-entretenimiento","8":"tag-barcelona","9":"tag-entertainment","10":"tag-entretenimiento","11":"tag-es","12":"tag-espana","13":"tag-laliga","14":"tag-lamine-yamal","15":"tag-nicki-nicole","16":"tag-spain"},"share_on_mastodon":{"url":"","error":""},"_links":{"self":[{"href":"https:\/\/www.europesays.com\/es\/wp-json\/wp\/v2\/posts\/107227","targetHints":{"allow":["GET"]}}],"collection":[{"href":"https:\/\/www.europesays.com\/es\/wp-json\/wp\/v2\/posts"}],"about":[{"href":"https:\/\/www.europesays.com\/es\/wp-json\/wp\/v2\/types\/post"}],"author":[{"embeddable":true,"href":"https:\/\/www.europesays.com\/es\/wp-json\/wp\/v2\/users\/2"}],"replies":[{"embeddable":true,"href":"https:\/\/www.europesays.com\/es\/wp-json\/wp\/v2\/comments?post=107227"}],"version-history":[{"count":0,"href":"https:\/\/www.europesays.com\/es\/wp-json\/wp\/v2\/posts\/107227\/revisions"}],"wp:featuredmedia":[{"embeddable":true,"href":"https:\/\/www.europesays.com\/es\/wp-json\/wp\/v2\/media\/107228"}],"wp:attachment":[{"href":"https:\/\/www.europesays.com\/es\/wp-json\/wp\/v2\/media?parent=107227"}],"wp:term":[{"taxonomy":"category","embeddable":true,"href":"https:\/\/www.europesays.com\/es\/wp-json\/wp\/v2\/categories?post=107227"},{"taxonomy":"post_tag","embeddable":true,"href":"https:\/\/www.europesays.com\/es\/wp-json\/wp\/v2\/tags?post=107227"}],"curies":[{"name":"wp","href":"https:\/\/api.w.org\/{rel}","templated":true}]}}