{"id":107235,"date":"2025-09-11T06:56:17","date_gmt":"2025-09-11T06:56:17","guid":{"rendered":"https:\/\/www.europesays.com\/es\/107235\/"},"modified":"2025-09-11T06:56:17","modified_gmt":"2025-09-11T06:56:17","slug":"malaga-se-une-en-el-dia-mundial-para-la-prevencion-del-suicidio","status":"publish","type":"post","link":"https:\/\/www.europesays.com\/es\/107235\/","title":{"rendered":"M\u00e1laga se une en el D\u00eda Mundial para la Prevenci\u00f3n del Suicidio"},"content":{"rendered":"<p style=\"text-align: justify;\"><strong>UMA, Diputaci\u00f3n, Ayuntamiento, Junta de Andaluc\u00eda y otras entidades celebran una jornada informativa\u00a0<\/strong><\/p>\n<p>M\u00e1laga se une para prevenir la conducta suicida. Con motivo del D\u00eda Mundial para la Prevenci\u00f3n del Suicidio, que se celebra hoy 10 de septiembre, representantes de todas las instituciones locales se han dado cita en la Plaza de la Constituci\u00f3n de la ciudad, donde se ha instalado una mesa informativa para mostrar a la ciudadan\u00eda los recursos existentes para la detecci\u00f3n de conductas suicidas, as\u00ed como dar visibilidad a esta problem\u00e1tica \u201cpara que deje de ser un tab\u00fa\u201d.\u00a0<\/p>\n<p>\u00a0<\/p>\n<p>La UMA se ha sumado a la efem\u00e9ride, junto con la Diputaci\u00f3n de M\u00e1laga, el Ayuntamiento de la ciudad y la Delegaci\u00f3n de Salud de la Junta de Andaluc\u00eda, as\u00ed como el resto de las entidades que integran la Agrupaci\u00f3n de Desarrollo de Prevenci\u00f3n de Suicidios: Tel\u00e9fono de la Esperanza, Asociaci\u00f3n Alhel\u00ed, Parcemasa, Colegio Oficial de Psicolog\u00eda de Andaluc\u00eda Oriental, Asociaci\u00f3n Afenes y Universidad de M\u00e1laga.<\/p>\n<p>\u00a0<\/p>\n<p>El encuentro, en el que ha tenido lugar la lectura de un manifiesto, ha contado con la participaci\u00f3n de la vicerrectora de Igualdad, Pol\u00edtica Social y Bienestar Universitario, Mar\u00eda Jos\u00e9 Berlanga; la vicepresidenta de la Diputaci\u00f3n de M\u00e1laga, Antonia Ledesma; el concejal delegado del \u00c1rea de Derechos Sociales, Francisco Cantos, o el delegado territorial de Salud y Consumo de la Junta de Andaluc\u00eda, Carlos Bautista, entre otros representantes institucionales.<\/p>\n<p>\u00a0<\/p>\n<p>En el marco de esta jornada, la Agrupaci\u00f3n y las administraciones presentes han lanzado una campa\u00f1a informativa que ya se est\u00e1 difundiendo en mupis municipales y en la pantalla de El Corte Ingl\u00e9s. Tambi\u00e9n, como en otras ediciones, la fachada del Ayuntamiento se iluminar\u00e1 la noche del mi\u00e9rcoles de color naranja.<\/p>\n<p>\u00a0<\/p>\n<p><img decoding=\"async\" alt=\"\" src=\"https:\/\/www.europesays.com\/es\/wp-content\/uploads\/2025\/09\/diamundprevsuicidio2m.jpg\" width=\"35%\"\/> <img decoding=\"async\" alt=\"\" src=\"https:\/\/www.europesays.com\/es\/wp-content\/uploads\/2025\/09\/diamundprevsuicidio5m.jpg\" width=\"35%\"\/><\/p>\n<p>\u00a0<\/p>\n<p><strong>La UMA ante la conducta suicida<\/strong><\/p>\n<p>\u00a0<\/p>\n<p>La Universidad de M\u00e1laga fue la primera instituci\u00f3n acad\u00e9mica en poner en marcha un <a href=\"https:\/\/www.uma.es\/UDA-Psicologia\/info\/132636\/plan-de-prevencion-de-la-conducta-suicida-en-la-universidad-de-malaga\/\" rel=\"nofollow noopener\" target=\"_blank\">Plan de Prevenci\u00f3n de la Conducta Suicida<\/a>, en el a\u00f1o 2021. Dicho plan, fruto de una iniciativa surgida de la Facultad de Psicolog\u00eda y Logopedia, est\u00e1 coordinado por la catedr\u00e1tica del Departamento de Personalidad, Evaluaci\u00f3n y Tratamiento Psicol\u00f3gico Berta Moreno K\u00fcstner, y su misi\u00f3n principal es implementar estrategias y acciones con el objetivo de reducir la prevalencia de la conducta suicida en el \u00e1mbito universitario.<\/p>\n<p>\u00a0<\/p>\n<p>Reforzar la formaci\u00f3n sobre el suicidio en los programas docentes y dar a conocer de forma activa las pautas de actuaci\u00f3n ante el riesgo de conducta suicida en el colectivo universitario son otros objetivos marcados para los siguientes cursos de vigencia del Plan de Prevenci\u00f3n.\u00a0<\/p>\n<p>\u00a0<\/p>\n<p>Este a\u00f1o, la UMA refuerza su compromiso con la salud mental mediante el lanzamiento del II Plan de Prevenci\u00f3n de la Conducta Suicida, impulsado por el Vicerrectorado de Igualdad, Pol\u00edtica Social y Bienestar Universitario. Contin\u00faa consolidando as\u00ed una trayectoria marcada por la atenci\u00f3n a esta problem\u00e1tica en el \u00e1mbito acad\u00e9mico. La Universidad de M\u00e1laga subraya que la prevenci\u00f3n del suicidio no puede limitarse al plano cl\u00ednico, sino que debe abordarse desde una perspectiva social y comunitaria.\u00a0<\/p>\n<p>\u00a0<\/p>\n<p>Este nuevo plan, que se presentar\u00e1 el pr\u00f3ximo 29 de septiembre, pone el foco en la construcci\u00f3n de entornos protectores y en la reducci\u00f3n de factores de riesgo mediante la promoci\u00f3n de lazos sociales y actividades que fortalezcan la vida comunitaria. Adem\u00e1s de atender a quienes se encuentran en situaciones de vulnerabilidad, se busca prevenir el aislamiento y generar redes de apoyo s\u00f3lidas, fomentando la cohesi\u00f3n y el sentido de pertenencia. La estrategia tambi\u00e9n incluye acciones para sensibilizar, combatir el estigma y garantizar la igualdad, con el objetivo de crear un espacio seguro, diverso y humano. Con esta iniciativa, la Universidad de M\u00e1laga reafirma su papel pionero en la promoci\u00f3n del bienestar emocional y la prevenci\u00f3n del suicidio en el entorno universitario.<\/p>\n<p>\u00a0<\/p>\n<p>Lejos de considerarse una enfermedad, el suicidio es entendido como una manifestaci\u00f3n de sufrimiento emocional que puede surgir en diferentes contextos, incluso sin se\u00f1ales previas. Ante una sociedad cada vez m\u00e1s competitiva y fragmentada, la UMA apuesta por ser una universidad inclusiva y solidaria, donde cada persona encuentre espacios de escucha, respeto y acompa\u00f1amiento.<\/p>\n<p>\u00a0<\/p>\n<p><strong>La importancia de la sensibilizaci\u00f3n<\/strong><\/p>\n<p>\u00a0<\/p>\n<p>En este contexto, cobra vital importancia dar visibilidad y sensibilizar a la ciudadan\u00eda sobre esta realidad, as\u00ed como dar difusi\u00f3n de los recursos asociativos con los que cuenta la ciudad para ayudar tanto a las personas con conductas suicidas o autol\u00edticas como a las personas de su entorno. Adem\u00e1s de la l\u00ednea telef\u00f3nica 024 de atenci\u00f3n a la conducta suicida impulsada por el Ministerio de Sanidad (gratuita, confidencial y disponible las 24 horas del d\u00eda durante los 365 d\u00edas del a\u00f1o), a trav\u00e9s de las entidades que conforman la Agrupaci\u00f3n de Desarrollo, M\u00e1laga cuenta con otros muchos <a href=\"https:\/\/www.uma.es\/media\/files\/Recursos_Diputaci%C3%B3n_.pdf\" rel=\"nofollow noopener\" target=\"_blank\">recursos<\/a>.<\/p>\n<p>\u00a0<\/p>\n","protected":false},"excerpt":{"rendered":"UMA, Diputaci\u00f3n, Ayuntamiento, Junta de Andaluc\u00eda y otras entidades celebran una jornada informativa\u00a0 M\u00e1laga se une para prevenir&hellip;\n","protected":false},"author":2,"featured_media":107236,"comment_status":"","ping_status":"","sticky":false,"template":"","format":"standard","meta":{"footnotes":""},"categories":[5],"tags":[17,18,25,24,13,14,11,19,20,9,10,15,16,23,12,21,22,32496,35012],"class_list":{"0":"post-107235","1":"post","2":"type-post","3":"status-publish","4":"format-standard","5":"has-post-thumbnail","7":"category-titulares","8":"tag-breaking-news","9":"tag-breakingnews","10":"tag-es","11":"tag-espana","12":"tag-featured-news","13":"tag-featurednews","14":"tag-headlines","15":"tag-latest-news","16":"tag-latestnews","17":"tag-news","18":"tag-noticias","19":"tag-noticias-destacadas","20":"tag-noticiasdestacadas","21":"tag-spain","22":"tag-titulares","23":"tag-ultimas-noticias","24":"tag-ultimasnoticias","25":"tag-uma","26":"tag-universidad-de-malaga"},"share_on_mastodon":{"url":"","error":""},"_links":{"self":[{"href":"https:\/\/www.europesays.com\/es\/wp-json\/wp\/v2\/posts\/107235","targetHints":{"allow":["GET"]}}],"collection":[{"href":"https:\/\/www.europesays.com\/es\/wp-json\/wp\/v2\/posts"}],"about":[{"href":"https:\/\/www.europesays.com\/es\/wp-json\/wp\/v2\/types\/post"}],"author":[{"embeddable":true,"href":"https:\/\/www.europesays.com\/es\/wp-json\/wp\/v2\/users\/2"}],"replies":[{"embeddable":true,"href":"https:\/\/www.europesays.com\/es\/wp-json\/wp\/v2\/comments?post=107235"}],"version-history":[{"count":0,"href":"https:\/\/www.europesays.com\/es\/wp-json\/wp\/v2\/posts\/107235\/revisions"}],"wp:featuredmedia":[{"embeddable":true,"href":"https:\/\/www.europesays.com\/es\/wp-json\/wp\/v2\/media\/107236"}],"wp:attachment":[{"href":"https:\/\/www.europesays.com\/es\/wp-json\/wp\/v2\/media?parent=107235"}],"wp:term":[{"taxonomy":"category","embeddable":true,"href":"https:\/\/www.europesays.com\/es\/wp-json\/wp\/v2\/categories?post=107235"},{"taxonomy":"post_tag","embeddable":true,"href":"https:\/\/www.europesays.com\/es\/wp-json\/wp\/v2\/tags?post=107235"}],"curies":[{"name":"wp","href":"https:\/\/api.w.org\/{rel}","templated":true}]}}