{"id":107241,"date":"2025-09-11T07:02:09","date_gmt":"2025-09-11T07:02:09","guid":{"rendered":"https:\/\/www.europesays.com\/es\/107241\/"},"modified":"2025-09-11T07:02:09","modified_gmt":"2025-09-11T07:02:09","slug":"que-ha-costado-que-la-vuelta-ciclista-pase-por-valladolid","status":"publish","type":"post","link":"https:\/\/www.europesays.com\/es\/107241\/","title":{"rendered":"\u00bfQu\u00e9 ha costado que la Vuelta Ciclista pase por Valladolid?"},"content":{"rendered":"<p>Los corredores de la Vuelta Ciclista a Espa\u00f1a volver\u00e1n a competir en las calles de Valladolid tras el par\u00f3n de 2024, en un contrarreloj de  &#8230; 27,2 kil\u00f3metros de distancia que se llevar\u00e1 a cabo en un tramo urbano muy similar al de hace dos ediciones, <a href=\"https:\/\/www.elnortedecastilla.es\/deportes\/ciclismo\/vuelta-espana\/contrarreloj-vuelta-espana-valladolid-partira-san-pablo-20250521183938-nt.html\" data-voc-vtm-id=\"in-text-traffic\" title=\"con la salida desde la plaza de San Pablo como novedad m\u00e1s significativa\" data-mrf-link=\"www.elnortedecastilla.es\" rel=\"nofollow noopener\" target=\"_blank\">con la salida desde la plaza de San Pablo como novedad m\u00e1s significativa<\/a>, en el 475 aniversario de la c\u00e9lebre Controversia. Una etapa decisiva, antesala de la gran final en Madrid, en un evento de gran impacto deportivo, pero tambi\u00e9n econ\u00f3mico, tanto en t\u00e9rminos de inversi\u00f3n como de retorno. <\/p>\n<p class=\"v-p\">La concejala de Turismo, Eventos y Marcas, <a href=\"https:\/\/www.elnortedecastilla.es\/valladolid\/vuelta-dejara-300000-euros-hoteles-impacto-mediatico-20250910070703-nt.html\" data-voc-vtm-id=\"in-text-traffic\" title=\"Blanca Jim\u00e9nez, estimaba que la crono dejar\u00e1 cerca de 300.000 euros en hoteles y un impacto econ\u00f3mico \u00abmillonario\u00bb\" data-mrf-link=\"www.elnortedecastilla.es\" rel=\"nofollow noopener\" target=\"_blank\">Blanca Jim\u00e9nez, estimaba que la crono dejar\u00e1 cerca de 300.000 euros en hoteles y un impacto econ\u00f3mico \u00abmillonario\u00bb<\/a>. En cifras fijas, la ciudad recibir\u00e1 a unas 3.575 personas, entre miembros de la organizaci\u00f3n y de los distintos equipos que acompa\u00f1ar\u00e1n a los ciclistas, seg\u00fan los datos que manejan. A estas se sumar\u00e1n turistas y amantes de este deporte en plenas fiestas de la Virgen de San Lorenzo. Otro de los puntos fuertes ser\u00e1 la promoci\u00f3n de Valladolid como destino tur\u00edstico gracias a la cobertura medi\u00e1tica internacional de una retransmisi\u00f3n que se estima que dure m\u00e1s de dos horas y que seguir\u00e1n en torno a un mill\u00f3n de espectadores <\/p>\n<p class=\"v-p\">No todo son ventajas, ya que el hecho de que Valladolid acoja esta contrareloj tambi\u00e9n tiene un coste para las arcas p\u00fablicas, puesto la Vuelta no va gratis a ning\u00fan territorio. As\u00ed lo confirm\u00f3 en 2019 el director de la empresa Unipublic -organizadora del evento desde 1979 y recientemente adquirida por Atresmedia- en declaraciones a El Confidencial. La necesidad de financiarse y el agravio comparativo que supondr\u00eda para las sedes que s\u00ed pagan los patrocinios fueron los motivos esgrimidos. <\/p>\n<p><a href=\"http:\/\/www.elnortedecastilla.es\/valladolid\/mapa-contrarreloj-vuelta-valladolid-cortes-trafico-recorrido-20250910184717-nt.html#vtm_modulosEngag=mod-rel:valladolid:noticia:1:cmp:2-not\" class=\"v-a-link\" title=\"El mapa de la contrarreloj de La Vuelta en Valladolid: cortes de tr\u00e1fico, recorrido y toda la informaci\u00f3n\" rel=\"nofollow noopener\" target=\"_blank\"><br \/>\n<img decoding=\"async\" loading=\"lazy\" class=\"v-a-img\" src=\"https:\/\/www.europesays.com\/es\/wp-content\/uploads\/2025\/09\/1200x840mapavuelta--170x170.gif\" alt=\"El mapa de la contrarreloj de La Vuelta en Valladolid: cortes de tr\u00e1fico, recorrido y toda la informaci\u00f3n\"\/><br \/>\n<\/a><\/p>\n<p><a href=\"http:\/\/www.elnortedecastilla.es\/el_norte\/noticias\/202509\/09\/local\/valladolid\/comosobrevivir-vuelta.xml#vtm_modulosEngag=mod-rel:valladolid:noticia:2:cmp:2-not\" class=\"v-a-link\" title=\"Gu\u00eda para sobrevivir este jueves a los cortes de tr\u00e1fico por la Vuelta en Valladolid\" rel=\"nofollow noopener\" target=\"_blank\"><br \/>\n<img decoding=\"async\" loading=\"lazy\" class=\"v-a-img\" src=\"https:\/\/www.europesays.com\/es\/wp-content\/uploads\/2025\/09\/calle-kE6F--366x256@El Norte.jpg\" alt=\"Gu\u00eda para sobrevivir este jueves a los cortes de tr\u00e1fico por la Vuelta en Valladolid\"\/><br \/>\n<\/a><\/p>\n<p class=\"v-p\">La configuraci\u00f3n de las distintas carreras depende en gran parte de los patrocinios conseguidos, en su mayor\u00eda de diputaciones y comunidades aut\u00f3nomas, aunque tambi\u00e9n de empresas privadas y de ayuntamientos, como es el caso de Valladolid. La concejal\u00eda de Jim\u00e9nez adjudicaba por la v\u00eda de urgencia el pasado mes de mayo un contrato de patrocinio tur\u00edstico a Unipublic, por valor de 150.000 euros -iva incluido-, seg\u00fan los datos disponibles en la plataforma de contrataci\u00f3n del Estado. La inversi\u00f3n, algo menor que en la edici\u00f3n de 2023 -160.000 euros-, est\u00e1 enmarcada en el Plan de Sostenibilidad Tur\u00edstica en Destino &#8216;Valladolid Ciudad Creativa\u00bb&#8217;, financiado con 3.784.742 euros de fondos europeos. <\/p>\n<p class=\"v-p\">La acci\u00f3n publicitar\u00eda, seg\u00fan la memoria justificativa de la licitaci\u00f3n, se respalda en un estudio de la Universidad de Murcia sobre el retorno que obtuvieron otras sedes en 2020 y 2021. En t\u00e9rminos de impacto publicitario, la difusi\u00f3n en redes sociales equivaldr\u00eda a pagar m\u00e1s de 63.000 euros por publicaciones promocionadas, teniendo en cuenta algunas cuestiones como el n\u00famero de seguidores de los perfiles que le dar\u00e1n difusi\u00f3n, entre ellos los de varios medios de comunicaci\u00f3n como RTVE o Eurosport. En televisi\u00f3n, la retransmisi\u00f3n de los distintos planos de Valladolid durante la carrera equivald\u00eda a \u00ab90 spots de 20 segundos\u00bb, por valor de 234.900 euros, calculan. A mayores, se prevee que la celebraci\u00f3n del evento contibuya a la promoci\u00f3n de la ciudad como destino de eventos deportivos, de las rutas cicloturistas y del uso de la red bicicletas p\u00fablicas entre los turistas, entre otros objetivos.<\/p>\n<p class=\"v-p\">Adem\u00e1s del patrocinio, la realizaci\u00f3n de la prueba supone un coste derivado de las labores de adecuaci\u00f3n de la calzada por la que transitar\u00e1n los corredores, as\u00ed como la prestaci\u00f3n de otros servicios como la limpieza o la seguridad. En esta edici\u00f3n, marcada por las protestas propalestinas en contra de la presencia del equipo israel\u00ed en la competici\u00f3n, <a href=\"https:\/\/www.elnortedecastilla.es\/valladolid\/cien-policias-refuerzan-dispositivo-vuelta-ante-prevision-20250910143100-nt.html\" data-voc-vtm-id=\"in-text-traffic\" title=\"se ha reforzado la presencia policial\" data-mrf-link=\"www.elnortedecastilla.es\" rel=\"nofollow noopener\" target=\"_blank\">se ha reforzado la presencia policial<\/a>. A mayores un centenar de efectivos para un dispositivo que estar\u00e1 compuesto por 400 agentes locales y otros 400 nacionales, adicionales el dispositivo itinerante de la carrera ciclista, que cuenta con 80 efectivos de Guardia Civil y Nacional.<\/p>\n<p>Salida en Rueda<\/p>\n<p class=\"v-p\">Volviendo a las licitaciones, el Ayuntamiento de Valladolid es uno de los que m\u00e1s invierte en esta edici\u00f3n para acoger la \u00fanica contrareloj individual de la prueba ciclista, con l\u00ednea de salida y meta, solo superado por Madrid, que pagar\u00e1 por la final de la vuelta 350.000 euros. En otros territorios la mayor parte de la inversi\u00f3n recae en diputaciones y comunidades aut\u00f3nomas. En Castilla y Le\u00f3n, la consejer\u00eda de Presidencia ha destinado para el patrocinio de su imagen institucional 40.000 euros a trav\u00e9s de la de consejer\u00eda de Presidencia. <\/p>\n<p class=\"v-p\">En el caso de la antepen\u00faltima etapa, que partir\u00e1 desde Rueda y pasar\u00e1 por La Seca, Medina del Campo, Nava del Rey, Villaverde y Alaejos, ha sido sufragada por la Diputaci\u00f3n, con una inversi\u00f3n de 40.000 euros. Aunque en este caso, la l\u00ednea de meta estar\u00e1 en Guijuelo, Salamanca, cuyo Ayuntamiento ha destinado 100.000 euros para acoger la llegada de los ciclistas. <\/p>\n","protected":false},"excerpt":{"rendered":"Los corredores de la Vuelta Ciclista a Espa\u00f1a volver\u00e1n a competir en las calles de Valladolid tras el&hellip;\n","protected":false},"author":2,"featured_media":107242,"comment_status":"","ping_status":"","sticky":false,"template":"","format":"standard","meta":{"footnotes":""},"categories":[273],"tags":[24728,313,4897,312,168,25,24,1301,10694,23,167,1607,1357],"class_list":{"0":"post-107241","1":"post","2":"type-post","3":"status-publish","4":"format-standard","5":"has-post-thumbnail","7":"category-ciclismo","8":"tag-arcas","9":"tag-ciclismo","10":"tag-coste","11":"tag-cycling","12":"tag-deportes","13":"tag-es","14":"tag-espana","15":"tag-pase","16":"tag-publicas","17":"tag-spain","18":"tag-sports","19":"tag-valladolid","20":"tag-vuelta"},"share_on_mastodon":{"url":"","error":""},"_links":{"self":[{"href":"https:\/\/www.europesays.com\/es\/wp-json\/wp\/v2\/posts\/107241","targetHints":{"allow":["GET"]}}],"collection":[{"href":"https:\/\/www.europesays.com\/es\/wp-json\/wp\/v2\/posts"}],"about":[{"href":"https:\/\/www.europesays.com\/es\/wp-json\/wp\/v2\/types\/post"}],"author":[{"embeddable":true,"href":"https:\/\/www.europesays.com\/es\/wp-json\/wp\/v2\/users\/2"}],"replies":[{"embeddable":true,"href":"https:\/\/www.europesays.com\/es\/wp-json\/wp\/v2\/comments?post=107241"}],"version-history":[{"count":0,"href":"https:\/\/www.europesays.com\/es\/wp-json\/wp\/v2\/posts\/107241\/revisions"}],"wp:featuredmedia":[{"embeddable":true,"href":"https:\/\/www.europesays.com\/es\/wp-json\/wp\/v2\/media\/107242"}],"wp:attachment":[{"href":"https:\/\/www.europesays.com\/es\/wp-json\/wp\/v2\/media?parent=107241"}],"wp:term":[{"taxonomy":"category","embeddable":true,"href":"https:\/\/www.europesays.com\/es\/wp-json\/wp\/v2\/categories?post=107241"},{"taxonomy":"post_tag","embeddable":true,"href":"https:\/\/www.europesays.com\/es\/wp-json\/wp\/v2\/tags?post=107241"}],"curies":[{"name":"wp","href":"https:\/\/api.w.org\/{rel}","templated":true}]}}