{"id":107251,"date":"2025-09-11T07:08:10","date_gmt":"2025-09-11T07:08:10","guid":{"rendered":"https:\/\/www.europesays.com\/es\/107251\/"},"modified":"2025-09-11T07:08:10","modified_gmt":"2025-09-11T07:08:10","slug":"no-el-nuevo-millennial-grey-no-es-el-verde-es-este-otro-color-que-estas-poniendo-por-toda-tu-casa","status":"publish","type":"post","link":"https:\/\/www.europesays.com\/es\/107251\/","title":{"rendered":"No, el nuevo \u2018millennial grey\u2019 no es el verde, es este otro color que est\u00e1s poniendo por toda tu casa"},"content":{"rendered":"<p><strong>\u00bfCu\u00e1l es el nuevo \u2018millennial grey\u2019? Este es el color que todos estamos poniendo en nuestra casa hasta el hartazgo<\/strong><\/p>\n<p>Todo empez\u00f3 <strong>hace poco m\u00e1s de una d\u00e9cada.<\/strong> La <a href=\"https:\/\/www.revistaad.es\/decoracion\/articulos\/tendencias-decoracion-millennial-buenas-y-malas\" rel=\"nofollow noopener\" target=\"_blank\">generaci\u00f3n millennial<\/a> entraba en la veintena y, seg\u00fan iba abandonando el nido materno, se enfrentaba a las primeras decisiones decorativas de su vida.<\/p>\n<p>Muchos dicen que la tendencia imperante en aquellos a\u00f1os de <strong>decorar buena parte de la casa <a href=\"https:\/\/www.revistaad.es\/articulos\/guerra-del-color-en-las-redes-por-que-los-millennials-usan-tonos-grises-para-decorar-la-casa\" rel=\"nofollow noopener\" target=\"_blank\">en color gris<\/a><\/strong> fue un efecto rebote propiciado por una generaci\u00f3n que hab\u00eda crecido en los hogares sobresaturados de los <a href=\"https:\/\/www.revistaad.es\/articulos\/baby-boomers-millenials-centennials-asi-vive-y-decora-cada-generacion\" rel=\"nofollow noopener\" target=\"_blank\">boomers<\/a>. Que no era tanto el color en s\u00ed el que conquist\u00f3, sino <strong>el descanso visual<\/strong> de pasar de los \u00f3leos de paisajes, las figuritas y las paredes de color amarillo a una paleta neutra con referencias industriales. Sea como fuera, el hecho es que <strong>el gris se apoder\u00f3 de todo<\/strong>: sof\u00e1s, suelos laminados, mobiliario pintado a la tiza e incluso las l\u00e1minas con las que se adornaron las paredes parec\u00edan estar siendo miradas a trav\u00e9s de una lente en blanco y negro.<\/p>\n<p>La tendencia fue tan espec\u00edfica y tan fuerte que se le dio el nombre de la generaci\u00f3n que la hab\u00eda promovido: <strong>\u2018millennial grey\u2019, o gris millennial.<\/strong> Y, durante a\u00f1os, vimos c\u00f3mo el color se apoderaba de los interiores de casas que un d\u00eda fueron el ep\u00edtome de lo moderno, aunque <strong>ahora solo nos recuerden a un Airbnb desfasado.<\/strong><\/p>\n<p>Este piso de Londres est\u00e1 completamente pintado en este gris oscuro. M\u00e1s fotos <a href=\"https:\/\/www.revistaad.es\/decoracion\/galerias\/por-que-el-color-gris-es-siempre-una-buena-idea\" rel=\"nofollow noopener\" target=\"_blank\">aqu\u00ed<\/a>.<\/p>\n<p>James McDonaldQu\u00e9 ha pasado con el verde en las casas de los millennial<\/p>\n<p>Pasaron los a\u00f1os y, como sucede con todo aquello que se consume hasta la saciedad, <strong>el color gris hart\u00f3.<\/strong> Poco a poco, aquellos que un d\u00eda renegaron de los Pantone para abrazar la sencillez se dirigieron a un color de acento espec\u00edfico: <a href=\"https:\/\/www.revistaad.es\/decoracion\/articulos\/la-historia-de-los-colores-verde\/26496\" rel=\"nofollow noopener\" target=\"_blank\"><strong>el verde.<\/strong><\/a><\/p>\n<p>Nuestros feed de redes sociales se llenaron de <strong>referencias que incorporaban el color verde<\/strong> \u2013en su faceta m\u00e1s oscura, eso s\u00ed\u2013 para aportar algo de calidez y, por qu\u00e9 no decirlo, vida a los interiores. Recordemos <strong>el gran auge de la <a href=\"https:\/\/www.revistaad.es\/decoracion\/articulos\/lo-que-hemos-aprendido-casa-dakota-johnson\/27438\" rel=\"nofollow noopener\" target=\"_blank\">cocina verde de Dakota Johnson<\/a>,<\/strong> el boom de los sof\u00e1s verdes y, de nuevo, el gran \u00e9xito que tuvieron los muebles pintados de color verde.<\/p>\n","protected":false},"excerpt":{"rendered":"\u00bfCu\u00e1l es el nuevo \u2018millennial grey\u2019? Este es el color que todos estamos poniendo en nuestra casa hasta&hellip;\n","protected":false},"author":2,"featured_media":107252,"comment_status":"","ping_status":"","sticky":false,"template":"","format":"standard","meta":{"footnotes":""},"categories":[173],"tags":[229,233,231,230,232,234,146,147,25,24,23,37055],"class_list":{"0":"post-107251","1":"post","2":"type-post","3":"status-publish","4":"format-standard","5":"has-post-thumbnail","7":"category-arte-y-diseno","8":"tag-arte","9":"tag-arte-y-diseno","10":"tag-arts","11":"tag-arts-and-design","12":"tag-design","13":"tag-diseno","14":"tag-entertainment","15":"tag-entretenimiento","16":"tag-es","17":"tag-espana","18":"tag-spain","19":"tag-tendencias-2025"},"share_on_mastodon":{"url":"","error":""},"_links":{"self":[{"href":"https:\/\/www.europesays.com\/es\/wp-json\/wp\/v2\/posts\/107251","targetHints":{"allow":["GET"]}}],"collection":[{"href":"https:\/\/www.europesays.com\/es\/wp-json\/wp\/v2\/posts"}],"about":[{"href":"https:\/\/www.europesays.com\/es\/wp-json\/wp\/v2\/types\/post"}],"author":[{"embeddable":true,"href":"https:\/\/www.europesays.com\/es\/wp-json\/wp\/v2\/users\/2"}],"replies":[{"embeddable":true,"href":"https:\/\/www.europesays.com\/es\/wp-json\/wp\/v2\/comments?post=107251"}],"version-history":[{"count":0,"href":"https:\/\/www.europesays.com\/es\/wp-json\/wp\/v2\/posts\/107251\/revisions"}],"wp:featuredmedia":[{"embeddable":true,"href":"https:\/\/www.europesays.com\/es\/wp-json\/wp\/v2\/media\/107252"}],"wp:attachment":[{"href":"https:\/\/www.europesays.com\/es\/wp-json\/wp\/v2\/media?parent=107251"}],"wp:term":[{"taxonomy":"category","embeddable":true,"href":"https:\/\/www.europesays.com\/es\/wp-json\/wp\/v2\/categories?post=107251"},{"taxonomy":"post_tag","embeddable":true,"href":"https:\/\/www.europesays.com\/es\/wp-json\/wp\/v2\/tags?post=107251"}],"curies":[{"name":"wp","href":"https:\/\/api.w.org\/{rel}","templated":true}]}}