{"id":107257,"date":"2025-09-11T07:12:08","date_gmt":"2025-09-11T07:12:08","guid":{"rendered":"https:\/\/www.europesays.com\/es\/107257\/"},"modified":"2025-09-11T07:12:08","modified_gmt":"2025-09-11T07:12:08","slug":"han-tenido-que-pasar-5-anos-pero-por-fin-se-ha-estrenado-la-pelicula-definitiva-sobre-el-covid-19","status":"publish","type":"post","link":"https:\/\/www.europesays.com\/es\/107257\/","title":{"rendered":"Han tenido que pasar 5 a\u00f1os, pero por fin se ha estrenado la pel\u00edcula definitiva sobre el COVID-19"},"content":{"rendered":"<p class=\"c-paragraph\"><b>Ari Aster<\/b> es uno de los grandes directores de\u00a0<b>cine de terror<\/b> de los \u00faltimos a\u00f1os, un estatus que ha alcanzado gracias, sobre todo, a sus dos primeras pel\u00edculas, Hereditary (2018) y Midsommar (2018). Ahora, el director de Beau tiene miedo (2023) vuelve a trabajar con <b>Joaquin Phoenix <\/b>en su <b>nueva cinta, <a href=\"https:\/\/www.20minutos.es\/cinemania\/noticias\/joaquin-phoenix-pedro-pascal-batalla-eddington-trailer-5720855\/\" rel=\"nofollow noopener\" target=\"_blank\">Eddington<\/a><\/b><a href=\"\"> <\/a>(2025), que tambi\u00e9n cuenta con <b>Pedro Pascal<\/b> <b>y Emma Stone<\/b> en el reparto y que <b>llega este 12 de septiembre a Espa\u00f1a.<\/b><\/p>\n<p class=\"c-paragraph\">El director nacido en Nueva York se adentra en el mundo del\u00a0<b>western contempor\u00e1neo<\/b> con este largometraje que ya se pudo ver en el pasado Festival de Cannes y que se ambienta en la <b>pandemia del COVID-19<\/b> que asol\u00f3 el mundo hace un lustro. Adem\u00e1s,\u00a0Eddington es probablemente la cinta del realizador con mayor n\u00famero de estrellas, ya que tambi\u00e9n forman parte del elenco<b>\u00a0<a href=\"https:\/\/www.20minutos.es\/cinemania\/noticias\/austin-butler-aronofsky-bala-perdida-rodaje-parte-costilla-cabeza_6237564_0.html\" rel=\"nofollow noopener\" target=\"_blank\">Austin Butler<\/a> y Luke Grimes,<\/b> entre otros.<\/p>\n<p>\u00bfDe qu\u00e9 trata &#8216;Eddington&#8217;, la nueva pel\u00edcula de Ari Aster?<\/p>\n<p class=\"c-paragraph\">Eddington est\u00e1 ambientada en <b>mayo del a\u00f1o 2020,<\/b> apenas dos meses despu\u00e9s de que arrancase la pandemia del COVID-19 que asol\u00f3 el planeta. Ari Aster <a href=\"https:\/\/www.20minutos.es\/cinemania\/noticias\/trailer-eddington-western-ari-aster-enigmatico-poster-5700933\/\" rel=\"nofollow noopener\" target=\"_blank\">pone la mirada<\/a> lejos de las grandes metr\u00f3polis, donde las grandes avenidas permanecen vac\u00edas, y se traslada al <b>ficticio pueblo <\/b>que da nombre a la pel\u00edcula, en Nuevo M\u00e9xico, y en el que la <b>epidemia ha tra\u00eddo consigo tensiones<\/b> entre los propios miembros de la comunidad.<\/p>\n<p class=\"c-paragraph\"><b>El alcalde Ted Garc\u00eda<\/b> <a href=\"https:\/\/www.20minutos.es\/cinemania\/noticias\/pedro-pascal-weapons-empezar-cero_6234587_0.html\" rel=\"nofollow noopener\" target=\"_blank\">(Pedro Pascal)<\/a> ha impuesto una <b>serie de normas excepcionales<\/b> para controlar la pandemia, como el confinamiento o el uso de mascarillas, algo a lo que el <b>sheriff del pueblo, Joe Cross<\/b> (Joaquin Phoenix) se opone vehemente. El enfrentamiento ideol\u00f3gico entre ambos desatar\u00e1 <b>una ola de protestas y violencia<\/b> entre los propios habitantes de la localidad, con dos <b>bandos tan extremadamente polarizados<\/b> que pondr\u00e1n en peligro la vida en la comunidad.<\/p>\n<p class=\"c-paragraph\">A trav\u00e9s de la <b>s\u00e1tira y el humor negro,<\/b> Ari Aster hace una cr\u00edtica a la sociedad estadounidense durante el COVID-19, aunque sin dejar de lado los <b>toques de terror<\/b> que le dieron a conocer <a href=\"https:\/\/www.20minutos.es\/cinemania\/noticias\/a24-apuesta-representacion-lgtbiq-sigue-disminuyendo-glaad-hollywood-5721558\/\" rel=\"nofollow noopener\" target=\"_blank\">de la mano de A24<\/a> (a Espa\u00f1a llega de la mano de Universal Pictures). Eddington deja atr\u00e1s la l\u00ednea de Hereditary o Midsommar, adentr\u00e1ndose m\u00e1s en el <b>terror m\u00e1s terrenal<\/b> y dejando un tanto lo sobrenatural.<\/p>\n<p class=\"c-paragraph\"><a href=\"https:\/\/www.20minutos.es\/cinemania\/noticias\/pedro-pascal-romance-gay-joaquin-phoenix-abandono-sorpresa_6239912_0.html\" rel=\"nofollow noopener\" target=\"_blank\"><b>Joaquin Phoenix y Pedro Pascal<\/b><\/a> (que este a\u00f1o ha protagonizado tambi\u00e9n Los cuatro fant\u00e1sticos: primeros pasos, Materialistas y la temporada 2 de The Last of Us en HBO Max) son los <b>dos grandes protagonistas<\/b> de una cinta en la que tambi\u00e9n juegan un papel importante <b>Emma Stone, Austin Butler, Luke Grimes, <\/b>Deirdre O&#8217;Connell y Clifton Collins Jr., entre otros.<\/p>\n<p class=\"c-paragraph\">Eddington se puede ver en los <b>cines de Espa\u00f1a a partir del viernes 12 de septiembre,<\/b> unos dos meses despu\u00e9s de su llegada a las salas de Estados Unidos. Sin duda se trata de una de las <b>pel\u00edculas m\u00e1s especiales<\/b> de Ari Aster, as\u00ed como uno de los <a href=\"https:\/\/www.20minutos.es\/cinemania\/noticias\/mejores-estrenos-terror-llegaran-2025-5697416\/\" rel=\"nofollow noopener\" target=\"_blank\">estrenos del cine de terror<\/a> m\u00e1s importantes de la segunda mitad de 2025.<\/p>\n","protected":false},"excerpt":{"rendered":"Ari Aster es uno de los grandes directores de\u00a0cine de terror de los \u00faltimos a\u00f1os, un estatus que&hellip;\n","protected":false},"author":2,"featured_media":107258,"comment_status":"","ping_status":"","sticky":false,"template":"","format":"standard","meta":{"footnotes":""},"categories":[169],"tags":[18795,177,2272,37056,37058,146,147,25,24,176,37057,175,2280,267,23],"class_list":{"0":"post-107257","1":"post","2":"type-post","3":"status-publish","4":"format-standard","5":"has-post-thumbnail","7":"category-cine","8":"tag-ari-aster","9":"tag-cine","10":"tag-covid-19","11":"tag-eddington","12":"tag-emma-stone","13":"tag-entertainment","14":"tag-entretenimiento","15":"tag-es","16":"tag-espana","17":"tag-film","18":"tag-joaquin-phoenix","19":"tag-movies","20":"tag-pedro-pascal","21":"tag-planseo","22":"tag-spain"},"share_on_mastodon":{"url":"","error":""},"_links":{"self":[{"href":"https:\/\/www.europesays.com\/es\/wp-json\/wp\/v2\/posts\/107257","targetHints":{"allow":["GET"]}}],"collection":[{"href":"https:\/\/www.europesays.com\/es\/wp-json\/wp\/v2\/posts"}],"about":[{"href":"https:\/\/www.europesays.com\/es\/wp-json\/wp\/v2\/types\/post"}],"author":[{"embeddable":true,"href":"https:\/\/www.europesays.com\/es\/wp-json\/wp\/v2\/users\/2"}],"replies":[{"embeddable":true,"href":"https:\/\/www.europesays.com\/es\/wp-json\/wp\/v2\/comments?post=107257"}],"version-history":[{"count":0,"href":"https:\/\/www.europesays.com\/es\/wp-json\/wp\/v2\/posts\/107257\/revisions"}],"wp:featuredmedia":[{"embeddable":true,"href":"https:\/\/www.europesays.com\/es\/wp-json\/wp\/v2\/media\/107258"}],"wp:attachment":[{"href":"https:\/\/www.europesays.com\/es\/wp-json\/wp\/v2\/media?parent=107257"}],"wp:term":[{"taxonomy":"category","embeddable":true,"href":"https:\/\/www.europesays.com\/es\/wp-json\/wp\/v2\/categories?post=107257"},{"taxonomy":"post_tag","embeddable":true,"href":"https:\/\/www.europesays.com\/es\/wp-json\/wp\/v2\/tags?post=107257"}],"curies":[{"name":"wp","href":"https:\/\/api.w.org\/{rel}","templated":true}]}}