{"id":107264,"date":"2025-09-11T07:17:09","date_gmt":"2025-09-11T07:17:09","guid":{"rendered":"https:\/\/www.europesays.com\/es\/107264\/"},"modified":"2025-09-11T07:17:09","modified_gmt":"2025-09-11T07:17:09","slug":"este-es-el-electrodomestico-que-tienes-en-casa-enchufado-todo-el-dia-y-que-gasta-como-65-neveras-funcionando-a-la-vez","status":"publish","type":"post","link":"https:\/\/www.europesays.com\/es\/107264\/","title":{"rendered":"Este es el electrodom\u00e9stico que tienes en casa enchufado todo el d\u00eda y que gasta como 65 neveras funcionando a la vez"},"content":{"rendered":"<p>Con el fin del verano, la vuelta al cole y a la rutina, y el gran gasto que supone el verano est\u00e9s donde est\u00e9s, las familias ahora en septiembre buscan ahorrar en cada rinc\u00f3n que puedan.<\/p>\n<p>Sin duda el gasto en casa es siempre uno de los mayores, y dentro de nuestro hogar, el consumo de electricidad suele ser uno de los m\u00e1s altos en la factura de final de mes.<\/p>\n<p>Si bien es cierto que el precio de la luz se ha regulado algo m\u00e1s si lo comparamos a\u00f1os anteriores, y tenemos en cuenta que cada vez m\u00e1s dispositivos y aparatos electr\u00f3nicos disponen<b> de modos o simplemente est\u00e1n dise\u00f1ados para ser m\u00e1s eficientes y consumen menos,<\/b> el gasto sigue existiendo y la electricidad hay que pagarla.<\/p>\n<p>Una pr\u00e1ctica muy com\u00fan es la de desenchufar aquellos electrodom\u00e9sticos que no usamos tanto, para que no consuman lo m\u00e1s m\u00ednimo, pero hay un viejo olvidado que muchos hogares tienen y aunque no los usen todos los d\u00edas, <b>siempre est\u00e1 conectado a nuestra red el\u00e9ctrica.<\/b><\/p>\n<p>Como se\u00f1alan desde el Instituto para la Diversificaci\u00f3n y ahorro de la Energ\u00eda (IDAE), <b>nuestro \u00abenemigo\u00bb en la factura de la luz, es el horno el\u00e9ctrico, <\/b>ya que junto a la nevera (que obviamente no podemos desenchufar) es<b> el electrodom\u00e9stico que m\u00e1s consume de los hogares.<\/b><\/p>\n<p>Un horno el\u00e9ctrico puede <b>consumir entre 2.000 y 3.000 vatios<\/b> lo que hace que sea el que m\u00e1s consume entre microondas, olla a presi\u00f3n, y en muchos casos (dependiendo del tama\u00f1o) tambi\u00e9n la vitrocer\u00e1mica o la inducci\u00f3n.<\/p>\n<p>Por eso, <b>cada vez m\u00e1s personas optan por sustituir estos hornos el\u00e9ctricos con las freidoras de aire o AirFryers, <\/b>ya que no solo sirven para cocinar m\u00e1s sano, sino que tambi\u00e9n ayuda a reducir el consumo en casa, ya que de media est\u00e1s pueden consumir entre 800 y 1.500 vatios.<\/p>\n<p>WhatsApp<a href=\"https:\/\/api.whatsapp.com\/send?text=https:\/\/www.eleconomista.es\/tecnologia\/noticias\/13538950\/09\/25\/este-es-el-electrodomestico-que-tienes-en-casa-enchufado-todo-el-dia-y-gasta-como-65-neveras-funcionando-a-la-vez.html?utm_source%3Dwhatsapp%26utm_medium%3Dshare_button&amp;id=1648118629957_whatsapp\" target=\"_blank\" data-action=\"share\/whatsapp\/share\" aria-label=\"Compartir en Whatsapp\" rel=\"nofollow noopener\"><\/a>Facebook<a id=\"fb-share\" href=\"#\" target=\"_blank\" rel=\"noopener noreferrer\" aria-label=\"Compartir en Facebook\"><\/a>Twitter<a href=\"https:\/\/twitter.com\/share?text=Este+es+el+electrodom%C3%A9stico+que+tienes+en+casa+enchufado+todo+el+d%C3%ADa+y+gasta+todav%C3%ADa+m%C3%A1s+que+tu+nevera&amp;url=https:\/\/www.eleconomista.es\/tecnologia\/noticias\/13538950\/09\/25\/este-es-el-electrodomestico-que-tienes-en-casa-enchufado-todo-el-dia-y-gasta-como-65-neveras-funcionando-a-la-vez.html&amp;via=elEconomistaes&amp;id=1648118839245_twitter\" target=\"_blank\" aria-label=\"Compartir en Twitter\" rel=\"nofollow noopener\"><\/a>Linkedin<a href=\"https:\/\/linkedin.com\/share?text=https:\/\/www.eleconomista.es\/tecnologia\/noticias\/13538950\/09\/25\/este-es-el-electrodomestico-que-tienes-en-casa-enchufado-todo-el-dia-y-gasta-como-65-neveras-funcionando-a-la-vez.html&amp;via=elEconomistaes\" target=\"_blank\" aria-label=\"Compartir en linkedin\" rel=\"nofollow noopener\"><\/a>Beloud<a href=\"https:\/\/beloud.com\/share?text=Este+es+el+electrodom%C3%A9stico+que+tienes+en+casa+enchufado+todo+el+d%C3%ADa+y+gasta+todav%C3%ADa+m%C3%A1s+que+tu+nevera&amp;url=https:\/\/www.eleconomista.es\/tecnologia\/noticias\/13538950\/09\/25\/este-es-el-electrodomestico-que-tienes-en-casa-enchufado-todo-el-dia-y-gasta-como-65-neveras-funcionando-a-la-vez.html&amp;via=elEconomistaes&amp;id=1648118839245_beloud\" target=\"_blank\" aria-label=\"Compartir en beloud\" rel=\"nofollow noopener\"><\/a>Bluesky<a href=\"https:\/\/bsky.app\/intent\/compose?text=https:\/\/bsky.app\/intent\/compose?text=https:\/\/www.eleconomista.es\/tecnologia\/noticias\/13538950\/09\/25\/este-es-el-electrodomestico-que-tienes-en-casa-enchufado-todo-el-dia-y-gasta-como-65-neveras-funcionando-a-la-vez.html&amp;url=https:\/\/www.eleconomista.es\/tecnologia\/noticias\/13538950\/09\/25\/este-es-el-electrodomestico-que-tienes-en-casa-enchufado-todo-el-dia-y-gasta-como-65-neveras-funcionando-a-la-vez.html&amp;via=elEconomistaes&amp;id=1648118839245_bluesky\" target=\"_blank\" aria-label=\"Compartir en bluesky\" rel=\"nofollow noopener\"><\/a><\/p>\n<p><script async src=\"https:\/\/platform.twitter.com\/widgets.js\" charset=\"utf-8\"><\/script><\/p>\n","protected":false},"excerpt":{"rendered":"Con el fin del verano, la vuelta al cole y a la rutina, y el gran gasto que&hellip;\n","protected":false},"author":2,"featured_media":107265,"comment_status":"","ping_status":"","sticky":false,"template":"","format":"standard","meta":{"footnotes":""},"categories":[80],"tags":[82,95,94,25,24,23,3723],"class_list":{"0":"post-107264","1":"post","2":"type-post","3":"status-publish","4":"format-standard","5":"has-post-thumbnail","7":"category-economia","8":"tag-business","9":"tag-economia","10":"tag-economy","11":"tag-es","12":"tag-espana","13":"tag-spain","14":"tag-tecnologaa"},"share_on_mastodon":{"url":"","error":""},"_links":{"self":[{"href":"https:\/\/www.europesays.com\/es\/wp-json\/wp\/v2\/posts\/107264","targetHints":{"allow":["GET"]}}],"collection":[{"href":"https:\/\/www.europesays.com\/es\/wp-json\/wp\/v2\/posts"}],"about":[{"href":"https:\/\/www.europesays.com\/es\/wp-json\/wp\/v2\/types\/post"}],"author":[{"embeddable":true,"href":"https:\/\/www.europesays.com\/es\/wp-json\/wp\/v2\/users\/2"}],"replies":[{"embeddable":true,"href":"https:\/\/www.europesays.com\/es\/wp-json\/wp\/v2\/comments?post=107264"}],"version-history":[{"count":0,"href":"https:\/\/www.europesays.com\/es\/wp-json\/wp\/v2\/posts\/107264\/revisions"}],"wp:featuredmedia":[{"embeddable":true,"href":"https:\/\/www.europesays.com\/es\/wp-json\/wp\/v2\/media\/107265"}],"wp:attachment":[{"href":"https:\/\/www.europesays.com\/es\/wp-json\/wp\/v2\/media?parent=107264"}],"wp:term":[{"taxonomy":"category","embeddable":true,"href":"https:\/\/www.europesays.com\/es\/wp-json\/wp\/v2\/categories?post=107264"},{"taxonomy":"post_tag","embeddable":true,"href":"https:\/\/www.europesays.com\/es\/wp-json\/wp\/v2\/tags?post=107264"}],"curies":[{"name":"wp","href":"https:\/\/api.w.org\/{rel}","templated":true}]}}