{"id":107272,"date":"2025-09-11T07:22:09","date_gmt":"2025-09-11T07:22:09","guid":{"rendered":"https:\/\/www.europesays.com\/es\/107272\/"},"modified":"2025-09-11T07:22:09","modified_gmt":"2025-09-11T07:22:09","slug":"roca-rey-se-estrena-como-pregonero-de-la-feria-taurina-de-murcia-con-sentimiento-y-verdad","status":"publish","type":"post","link":"https:\/\/www.europesays.com\/es\/107272\/","title":{"rendered":"Roca Rey se estrena como pregonero de la Feria Taurina de Murcia con sentimiento y verdad"},"content":{"rendered":"<p>En un Sala Miguel \u00c1ngel Clares del Auditorio V\u00edctor Villegas poblada de aficionados se celebr\u00f3 anoche el Preg\u00f3n Taurino de Murcia, organizado por el Real  &#8230; Club Taurino de Murcia, y que supone el primer acto cultural de la Feria de septiembre que comenzar\u00e1 el domingo 14. <\/p>\n<p class=\"v-p\">El acto se englob\u00f3 dentro de los fastos del Ayuntamiento de Murcia para celebrar los 1.200 a\u00f1os de existencia de la ciudad. El pregonero, para esta ocasi\u00f3n, era de campanillas. La m\u00e1xima figura del momento, el diestro peruano Andr\u00e9s Roca Rey. A primera vista, resulta llamativo que un torero en plena temporada acuda a protagonizar un acto de este tipo, pero qued\u00f3 explicado durante el preg\u00f3n, cuando Roca comparti\u00f3 con los presentes la importancia de Murcia en su carrera. Confes\u00f3 que la \u00fanica cabeza de toro que tiene en su despacho es de un toro de Murcia, al que cort\u00f3 el rabo. El toro que le devolvi\u00f3 \u00abla ilusi\u00f3n\u00bb en 2023 en un momento en que se debat\u00eda entre cortar temporada o seguir despu\u00e9s de varios percances. La siguiente corrida que ten\u00eda era Murcia. Lleg\u00f3 con mucho miedo para torear con El Juli y Paco Ure\u00f1a. Roca estaba roto por dentro, el cielo estaba nublado y pens\u00f3 \u00ab\u00a1ojal\u00e1 se suspenda!\u00bb, pero un gran toro de Victoriano del R\u00edo embisti\u00f3 y le corto un rabo. Cuando tiene dudas se sienta delante de ese toro que le recuerda que siempre se puede \u00abvolver a empezar\u00bb. <\/p>\n<p class=\"v-p\">Para Roca Rey, torear no solo es el triunfo, tambi\u00e9n es el sufrimiento, las dudas, los miedos, el dolor, las cicatrices y los sustos de otros compa\u00f1eros. Torear en sufrir para volver a renacer y eso le paso en Murcia. Aqu\u00ed renaci\u00f3 y por eso le tiene ese especial cari\u00f1o a esta tierra. <\/p>\n<p class=\"v-p\">Valor\u00f3 la labor de \u00c1ngel Bernal al frente de esta plaza y tuvo palabras de cari\u00f1o con la familia de Nazario Ib\u00e1\u00f1ez, \u00fanica ganader\u00eda de a Regi\u00f3n, y a una seguidora de Murcia llamada Encarna. Puso en valor a los toreros murcianos, de quienes destac\u00f3 su \u00abentrega\u00bb.<\/p>\n<p>\u00abSiempre sale el sol\u00bb<\/p>\n<p class=\"v-p\">Habl\u00f3 de silencios, y no hay mayor silencio que el que se siente delante de un toros. Confes\u00f3 que el preg\u00f3n le sirvi\u00f3 para conocer Murcia, y al conocerla qued\u00f3 impresionado, estableciendo una conexi\u00f3n transoce\u00e1nica con su tierra, Lima y su bicentenaria plaza de Acho, a la que siente hermanada con Murcia por su pasi\u00f3n. <\/p>\n<p class=\"v-p\">Este a\u00f1o cumplir\u00e1 diez de alternativa. Dijo que no es hombre de n\u00fameros asegurando que lo importante para \u00e9l es sentir, y en la Regi\u00f3n de Murcia ha podido sentir, lo que agradeci\u00f3 para cerrar su preg\u00f3n con la frase: \u00abAqu\u00ed aprend\u00ed que incluso en la oscuridad vuelve a salir el sol\u00bb.<\/p>\n<p class=\"v-p\">Al finalizar el preg\u00f3n, el presidente de la Comunidad Aut\u00f3noma, Fernando L\u00f3pez Miras, entreg\u00f3 un cuadro de recuerdo al diestro peruano, acompa\u00f1ado por Alfonso Avil\u00e9s, presidente del Real Club Taurino. Tambi\u00e9n asistieron al acto el consejero Marcos Ortu\u00f1o y el director general de Administraci\u00f3n Local, Francisco Abril; el concejal de Cultura e Identidad, Diego Avil\u00e9s, junto a otros representantes del Ayuntamiento de Murcia y de distintos partidos pol\u00edticos, adem\u00e1s de una amplia representaci\u00f3n del tejido social de Murcia. <\/p>\n<p class=\"v-p\">La presentaci\u00f3n del pregonero corri\u00f3 a cargo del periodista Jos\u00e9 Francisco Bayona, y el evento cont\u00f3 con la apertura y cierre musical de Sine Tempore Ensemble, que deleit\u00f3 a los presentes con su maestr\u00eda en los instrumentos de cuerda. Alfonso Avil\u00e9s tom\u00f3 la palabra para agradecer a Roca Rey que fuera Murcia la elegida para dar su primer preg\u00f3n. Cerr\u00f3 el acto el presidente auton\u00f3mico, Fernando L\u00f3pez Miras.<\/p>\n","protected":false},"excerpt":{"rendered":"En un Sala Miguel \u00c1ngel Clares del Auditorio V\u00edctor Villegas poblada de aficionados se celebr\u00f3 anoche el Preg\u00f3n&hellip;\n","protected":false},"author":2,"featured_media":107273,"comment_status":"","ping_status":"","sticky":false,"template":"","format":"standard","meta":{"footnotes":""},"categories":[277],"tags":[373,168,25,24,1719,599,1478,14981,5330,1048,34397,23,167,600,374,24195],"class_list":{"0":"post-107272","1":"post","2":"type-post","3":"status-publish","4":"format-standard","5":"has-post-thumbnail","7":"category-toreo","8":"tag-bullfighting","9":"tag-deportes","10":"tag-es","11":"tag-espana","12":"tag-estrena","13":"tag-feria","14":"tag-murcia","15":"tag-pregonero","16":"tag-rey","17":"tag-roca","18":"tag-sentimiento","19":"tag-spain","20":"tag-sports","21":"tag-taurina","22":"tag-toreo","23":"tag-verdad"},"share_on_mastodon":{"url":"","error":""},"_links":{"self":[{"href":"https:\/\/www.europesays.com\/es\/wp-json\/wp\/v2\/posts\/107272","targetHints":{"allow":["GET"]}}],"collection":[{"href":"https:\/\/www.europesays.com\/es\/wp-json\/wp\/v2\/posts"}],"about":[{"href":"https:\/\/www.europesays.com\/es\/wp-json\/wp\/v2\/types\/post"}],"author":[{"embeddable":true,"href":"https:\/\/www.europesays.com\/es\/wp-json\/wp\/v2\/users\/2"}],"replies":[{"embeddable":true,"href":"https:\/\/www.europesays.com\/es\/wp-json\/wp\/v2\/comments?post=107272"}],"version-history":[{"count":0,"href":"https:\/\/www.europesays.com\/es\/wp-json\/wp\/v2\/posts\/107272\/revisions"}],"wp:featuredmedia":[{"embeddable":true,"href":"https:\/\/www.europesays.com\/es\/wp-json\/wp\/v2\/media\/107273"}],"wp:attachment":[{"href":"https:\/\/www.europesays.com\/es\/wp-json\/wp\/v2\/media?parent=107272"}],"wp:term":[{"taxonomy":"category","embeddable":true,"href":"https:\/\/www.europesays.com\/es\/wp-json\/wp\/v2\/categories?post=107272"},{"taxonomy":"post_tag","embeddable":true,"href":"https:\/\/www.europesays.com\/es\/wp-json\/wp\/v2\/tags?post=107272"}],"curies":[{"name":"wp","href":"https:\/\/api.w.org\/{rel}","templated":true}]}}