{"id":107276,"date":"2025-09-11T07:26:19","date_gmt":"2025-09-11T07:26:19","guid":{"rendered":"https:\/\/www.europesays.com\/es\/107276\/"},"modified":"2025-09-11T07:26:19","modified_gmt":"2025-09-11T07:26:19","slug":"la-va-20-abre-a-tiempo-para-funcionar-como-alternativa-al-trafico-con-la-vuelta-ciclista","status":"publish","type":"post","link":"https:\/\/www.europesays.com\/es\/107276\/","title":{"rendered":"La VA-20 abre a tiempo para funcionar como alternativa al tr\u00e1fico con la vuelta ciclista"},"content":{"rendered":"<p>A tiempo para la Vuelta a Espa\u00f1a y, m\u00e1s importante, para funcionar como alternativa y para desahogar el tr\u00e1fico, que se prev\u00e9 intenso en Valladolid  &#8230; durante las horas en las que se desarrolle la contrarreloj. La VA-20 abre de nuevo al tr\u00e1fico despu\u00e9s de encadenar varias semanas de cierres continuos por el asfaltado de la carretera, que ha cortado por tramos la ronda interior en direcci\u00f3n norte desde la avenida de Zamora y hasta la salida a la A-62. La apertura fue sucesiva y la semana pasada ya se abri\u00f3 el trecho entre la avenida de Santander y la carretera de Renedo, que se ha completado este mi\u00e9rcoles con el final de las restricciones en todo el sentido, a excepci\u00f3n de un carril que ha permanecido cerrado con la previsi\u00f3n de una apertura total antes del inicio de la etapa ciclista. En sentido contrario, permanecer\u00e1 clausurado el tramo entre la carretera de Renedo y el camino de Hornillos (entrada a Las Flores).<\/p>\n<p class=\"v-p\">Los cierres corresponden con las obras de humanizaci\u00f3n de la ronda interior, que deja varias estampas a lo largo de los diez kil\u00f3metros de carretera. Fotograf\u00edas que definen el avance de unas obras que afectan a la v\u00eda desde <a href=\"https:\/\/www.elnortedecastilla.es\/valladolid\/semana-proxima-comenzaran-obras-va20-20240917200731-nt.html\" data-voc-vtm-id=\"in-text-traffic\" title=\"septiembre de 2024\" data-mrf-link=\"www.elnortedecastilla.es\" rel=\"nofollow noopener\" target=\"_blank\">septiembre de 2024<\/a>. Instant\u00e1neas de puntos donde los operarios ya se han retirado de la calzada para pintar de color verde el carril bici y otros donde ni siquiera se intuye el recorrido de la senda ciclista. Las obras, al menos para los trabajos de asfaltado, <a href=\"https:\/\/www.elnortedecastilla.es\/valladolid\/trafico\/obras-asfaltado-mantienen-cerrados-sentido-dos-extremos-20250725192306-nt.html\" data-voc-vtm-id=\"in-text-traffic\" title=\"han avanzado desde julio\" data-mrf-link=\"www.elnortedecastilla.es\" rel=\"nofollow noopener\" target=\"_blank\">han avanzado desde julio<\/a> en sentido A-62 (y ya lo hacen en la direcci\u00f3n contraria), lo que se traduce en que las zonas que est\u00e1n en el otro extremo, en el cruce entre la carretera Segovia y la avenida de Zamora, son las que m\u00e1s progreso muestran. Hay dos aspectos clave para hacer esta valoraci\u00f3n, la actuaci\u00f3n sobre la calzada y la que prosigue en el exterior, en la acera y en el carril bici.<\/p>\n<p class=\"v-p\">La <a href=\"https:\/\/www.elnortedecastilla.es\/valladolid\/gran-cambio-va20-meses-obras-trafico-kmh-20231220000152-nt.html#vtm_modulosEngag=mod-rel:valladolid:noticia:2:cmp:2-not\" data-voc-vtm-id=\"in-text-traffic\" title=\"ronda interior de Valladolid\" data-mrf-link=\"www.elnortedecastilla.es\" rel=\"nofollow noopener\" target=\"_blank\">ronda interior de Valladolid<\/a> se puede dividir en varios tramos que se suceden entre las glorietas, que desv\u00edan el tr\u00e1fico hac\u00eda dentro y fuera de la capital. El primero se desarrolla entre la carretera de Segovia y la calle Pirita, ambos accesos al pol\u00edgono de San Crist\u00f3bal desde la VA-20. Es aqu\u00ed donde las obras est\u00e1n m\u00e1s avanzadas, a pesar de que todav\u00eda se pierde un carril en direcci\u00f3n A-62, como en el resto de la ronda interior, que se abre a la altura de las rotondas para permitir las diferentes salidas a lo largo de la carretera. Pero a pesar de la clausura, la circulaci\u00f3n avanza sin grandes congestiones. Y si no hay tajo en la calzada, es que est\u00e1 fuera.<\/p>\n<p><img decoding=\"async\" loading=\"lazy\" src=\"https:\/\/www.europesays.com\/es\/wp-content\/uploads\/2025\/09\/1500406453-krTB-U2302828322728B0-650x455@El Norte.JPG\" class=\"v-a-img\" width=\"650\" height=\"455\" alt=\"Un trabajador pinta el carril bici de la VA-20 a la altura de la carretera de Segovia.\" data-voc-vtm-id=\"in-text-traffic\"\/><\/p>\n<p>Un trabajador pinta el carril bici de la VA-20 a la altura de la carretera de Segovia.<\/p>\n<p>Rodrigo Jim\u00e9nez<\/p>\n<p><img loading=\"lazy\" decoding=\"async\" src=\"https:\/\/www.europesays.com\/es\/wp-content\/uploads\/2025\/09\/1500406453-krTB-U23028283227286jH-1920x1344@El Norte.JPG\" class=\"v-mdl__img-z\" width=\"1920\" height=\"1344\" alt=\"\"\/><\/p>\n<p class=\"v-p\">En este primer tramo, los operarios trabajan a un ritmo de brocha que les permite pintar unos mil metros cuadrados de carril bici por d\u00eda, donde deben abonar cuatro capas de pintura. La labor de pincel arranc\u00f3 la semana pasada y, al menos hasta este mi\u00e9rcoles, los trabajadores hab\u00edan avanzado ya en kil\u00f3metro y medio, a falta de pintar la propia se\u00f1alizaci\u00f3n horizontal en color blanco. Desde la avenida de Zamora (acceso a la altura de la UEMC) y hasta la de Soria. El primer tambi\u00e9n cuenta con nueva iluminaci\u00f3n que se concreta en la presencia de una farola cada treinta metros. Adem\u00e1s, se ha despejado la vegetaci\u00f3n junto al paseo peatonal y se han preparado las conexiones en bici con el pol\u00edgono de San Crist\u00f3bal y el lado contrario de la acera, donde ya existe un vial para las dos ruedas.<\/p>\n<p class=\"v-p\">El primer kil\u00f3metro es el m\u00e1s avanzado de toda la ronda y a partir de aqu\u00ed el aspecto es diferente en cada uno de los tramos. El siguiente, en direcci\u00f3n norte, alcanza hasta la salida de La Cist\u00e9rniga. La mayor diferencia con su predecesor es que aqu\u00ed los operarios todav\u00eda trabajan en los l\u00edmites de algunos metros del futuro carril bici, que al final del tramo pierde los bordillos laterales a pesar de que la senda ya est\u00e1 asfaltada. A falta de estos \u00faltimos detalles, a lo largo del tramo tambi\u00e9n se ha instalado la nueva iluminaci\u00f3n y ya se ha pintado la mitad del camino ciclista. Desde la glorieta, el carril bici conecta en la avenida de Soria con otro ya existente desde hace a\u00f1os y donde se suma a otro reci\u00e9n estrenado, pero sin conexi\u00f3n directa, <a href=\"https:\/\/www.elnortedecastilla.es\/valladolid\/kilometro-medio-carril-bici-une-valladolid-cisterniga-20250711144934-nt.html\" data-voc-vtm-id=\"in-text-traffic\" title=\"inaugurado el pasado mes de julio\" data-mrf-link=\"www.elnortedecastilla.es\" rel=\"nofollow noopener\" target=\"_blank\">inaugurado el pasado mes de julio<\/a> y que alcanza hasta La Cist\u00e9rniga. Es decir, que en el segundo kil\u00f3metro de la humanizaci\u00f3n todav\u00eda queda por delimitar alg\u00fan tramo puntual del camino ciclista y tambi\u00e9n despejar la vegetaci\u00f3n, que ha crecido invadiendo la acera.<\/p>\n<p>Cerrado a los peatones<\/p>\n<p class=\"v-p\">A simple vista, el tramo menos avanzado es el siguiente, entre la salida a La Cist\u00e9rniga y la entrada a Las Flores. El kil\u00f3metro arranca con una se\u00f1al que impide el paso a los peatones y donde el carril bici est\u00e1 delimitado en sus primeros metros, pero sin asfaltar, solo con el alquitr\u00e1n por encima. Seg\u00fan se desprende del proyecto, la senda ciclista deber\u00eda discurrir a lo largo del Camino de Hornillos, pero sobre el terreno todav\u00eda no se ha limitado el recorrido y su trazado se pierde antes de llegar al camino de tierra, que se abre paso junto a unas viviendas. Tampoco se aprecian avances en la zona peatonal, convertida en los \u00faltimos metros en monta\u00f1as de tierra donde se han abierto agujeros para instalar las canalizaciones. El esqueleto de esta parte se completa con las bases de las farolas, que tambi\u00e9n se han instalado en el suelo, marcando su futura ubicaci\u00f3n. S\u00ed hay unos pocos metros de senda ciclista ya asfaltados, pero con conexi\u00f3n a ninguna parte y que acaban de manera abrupta desde el camino de Hornillos en un bordillo. Aqu\u00ed, una se\u00f1al alerta del desnivel para los ciclistas.<\/p>\n<p><img decoding=\"async\" loading=\"lazy\" src=\"https:\/\/www.europesays.com\/es\/wp-content\/uploads\/2025\/09\/1500406466-krTB-U2302828322728ZPC-650x455@El Norte.JPG\" class=\"v-a-img\" width=\"650\" height=\"455\" alt=\"Un ciclista se baja de la bici para salvar el desnivel en el \u00fanico tramo de carril bici que alcanza el camino de Hornillos.\" data-voc-vtm-id=\"in-text-traffic\"\/><\/p>\n<p>Un ciclista se baja de la bici para salvar el desnivel en el \u00fanico tramo de carril bici que alcanza el camino de Hornillos.<\/p>\n<p>Rodrigo Jim\u00e9nez<\/p>\n<p><img loading=\"lazy\" decoding=\"async\" src=\"https:\/\/www.europesays.com\/es\/wp-content\/uploads\/2025\/09\/1500406466-krTB-U2302828322728H7-1920x1344@El Norte.JPG\" class=\"v-mdl__img-z\" width=\"1920\" height=\"1344\" alt=\"\"\/><\/p>\n<p class=\"v-p\">A pesar de los resultados m\u00e1s lentos en este kil\u00f3metro, el siguiente no contin\u00faa con la norma de, a mayor cercan\u00eda con la A-62, menos avances. El cuarto tramo, que alcanza hasta Villab\u00e1\u00f1ez, es transitable para los viandantes y cuenta con parte de carril bici ya asfaltado, con el resto de la senda ya delimitada, que discurre de forma paralela a la acera y hasta un paso elevado que rodea por un lateral para despu\u00e9s volver junto al tramo para peatones, donde a priori parece que caminantes y bicis tendr\u00e1n que convivir en un peque\u00f1o tramo. A pesar del progreso, que aqu\u00ed tampoco evita que el carril acabe por el momento de forma abrupta, todav\u00eda falta por concretar el \u00faltimo tramo de la senda. Seg\u00fan el proyecto, los ciclistas compartir\u00e1n un peque\u00f1o espacio con los veh\u00edculos junto a la calle Azalea, de forma similar a como lo hacen en la avenida de Salamanca o como lo hac\u00edan en el antiguo carril de Isabel la Cat\u00f3lica, hasta que la senda cruce Villab\u00e1\u00f1ez, donde volver\u00e1 a su tramado habitual en el lado derecho de la acera.<\/p>\n<p><img decoding=\"async\" loading=\"lazy\" src=\"https:\/\/www.europesays.com\/es\/wp-content\/uploads\/2025\/09\/1500406487-krTB-U2302828322728DeG-650x455@El Norte.JPG\" class=\"v-a-img\" width=\"650\" height=\"455\" alt=\"El tramo entre la salida a Las Flores y Villab\u00e1\u00f1ez, asfaltado en su totalidad en direcci\u00f3n A-62.\" data-voc-vtm-id=\"in-text-traffic\"\/><\/p>\n<p>El tramo entre la salida a Las Flores y Villab\u00e1\u00f1ez, asfaltado en su totalidad en direcci\u00f3n A-62.<\/p>\n<p>Rodrigo Jim\u00e9nez<\/p>\n<p><img loading=\"lazy\" decoding=\"async\" src=\"https:\/\/www.europesays.com\/es\/wp-content\/uploads\/2025\/09\/1500406487-krTB-U23028283227283yB-1920x1344@El Norte.JPG\" class=\"v-mdl__img-z\" width=\"1920\" height=\"1344\" alt=\"\"\/><\/p>\n<p class=\"v-p\">Pero la actuaci\u00f3n no es solo carril bici m\u00e1s asfalto. Las glorietas que se suceden a lo largo de los diez kil\u00f3metros tambi\u00e9n juegan un papel importante en la obra. Aqu\u00ed tambi\u00e9n entra el proyecto del <a href=\"https:\/\/www.elnortedecastilla.es\/valladolid\/luz-verde-plantacion-42000-arboles-arbustos-renaturalizar-20250317150202-nt.html\" data-voc-vtm-id=\"in-text-traffic\" title=\"corredor ecol\u00f3gico del Ayuntamiento de Valladolid\" data-mrf-link=\"www.elnortedecastilla.es\" rel=\"nofollow noopener\" target=\"_blank\">corredor ecol\u00f3gico del Ayuntamiento de Valladolid<\/a>, que plantea reverdecer toda la ronda interior. En las rotondas, que suman una superficie de 2,31 hect\u00e1reas, se seguir\u00e1 un patr\u00f3n de renaturalizaci\u00f3n con t\u00e9cnicas basadas en la naturaleza. Es decir, que cambiar\u00e1n su aspecto, que hasta ahora se defin\u00eda en que la vegetaci\u00f3n crec\u00eda y desaparec\u00eda con los cambios de estaci\u00f3n, para adquirir una imagen homog\u00e9nea a lo largo de la carretera, con <a href=\"https:\/\/www.elnortedecastilla.es\/valladolid\/va20-reverdecera-40000-arboles-arbustos-kilometros-20241021153007-nt.html\" data-voc-vtm-id=\"in-text-traffic\" title=\"arbolado y especies aut\u00f3ctonas\" data-mrf-link=\"www.elnortedecastilla.es\" rel=\"nofollow noopener\" target=\"_blank\">arbolado y especies aut\u00f3ctonas<\/a>. Por ejemplo, en la de la carretera de Renedo se contempla la plantaci\u00f3n de cipreses y encinas, o de arces y pinos pi\u00f1oneros en Villab\u00e1\u00f1ez. Pero eso ya es otro proyecto a mayores de la humanizaci\u00f3n.<\/p>\n<p><a href=\"http:\/\/www.elnortedecastilla.es\/el_norte\/noticias\/202509\/03\/local\/valladolid\/trafico\/atascos-va20.xml#vtm_modulosEngag=mod-rel:valladolid:noticia:1:cmp:2-not\" class=\"v-a-link\" title=\"El cierre en ambos sentidos de la VA-20 atasca la ronda a la altura de la carretera Renedo\" rel=\"nofollow noopener\" target=\"_blank\"><br \/>\n<img decoding=\"async\" loading=\"lazy\" class=\"v-a-img\" src=\"https:\/\/www.europesays.com\/es\/wp-content\/uploads\/2025\/09\/1500378807-U2201823311296H6B--366x256@El Norte.JPG\" alt=\"El cierre en ambos sentidos de la VA-20 atasca la ronda a la altura de la carretera Renedo\"\/><br \/>\n<\/a><\/p>\n<p><a href=\"http:\/\/www.elnortedecastilla.es\/el_norte\/noticias\/202509\/04\/local\/valladolid\/bici-simancas-uno.xml#vtm_modulosEngag=mod-rel:valladolid:noticia:2:cmp:2-not\" class=\"v-a-link\" title=\"El Camino Viejo de Simancas estar\u00e1 en obras en 2026 para renovar el asfalto y en 2027 para rematar el carril bici\" rel=\"nofollow noopener\" target=\"_blank\"><br \/>\n<img decoding=\"async\" loading=\"lazy\" class=\"v-a-img\" src=\"https:\/\/www.europesays.com\/es\/wp-content\/uploads\/2025\/09\/1757575576_337_nistal1-kSsH--366x256@El Norte.jpg\" alt=\"El Camino Viejo de Simancas estar\u00e1 en obras en 2026 para renovar el asfalto y en 2027 para rematar el carril bici\"\/><br \/>\n<\/a><\/p>\n<p class=\"v-p\">Siguiendo con este \u00faltimo y con la ruta en direcci\u00f3n a la A-62, el avance de la actuaci\u00f3n en los m\u00e1rgenes se comienza a estabilizar desde Villab\u00e1\u00f1ez. El resumen es que en todo lo que resta de carretera, el carril bici est\u00e1 delimitado, con sus bordillos, a la espera del asfalto. Durante las \u00faltimas semanas las labores se han centrado en los entornos m\u00e1s invasivos, como es la propia carretera, que ha cortado por tramos desde la avenida de Segovia y hasta la salida a la autov\u00eda para fresar y asfaltar la calzada. En cualquier caso, como ya sucede en los tramos abiertos que pierden un carril, finalizado el asfaltado los operarios se trasladar\u00e1n al carril bici para rematar y pintar.<\/p>\n<p><img decoding=\"async\" id=\"g-vaveinte-XS-img\" class=\"g-aiImg\" alt=\"\" src=\"https:\/\/www.europesays.com\/es\/wp-content\/uploads\/2025\/09\/vaveinte-XS.jpg\"\/><\/p>\n<p class=\"g-pstyle0\">Intervenci\u00f3n en la VA-20<\/p>\n<p class=\"g-pstyle1\">As\u00ed ser\u00e1 la actuaci\u00f3n en la ronda interior de Valladolid.<\/p>\n<p class=\"g-pstyle2\">Tramo intervenido<\/p>\n<p class=\"g-pstyle2\">Tramo actual<\/p>\n<p class=\"g-pstyle2\">Carril bici nuevo<\/p>\n<p class=\"g-pstyle2\">Carril bici actual<\/p>\n<p class=\"g-pstyle1\">A continuaci\u00f3n troceamos, de norte a sur, la intervenci\u00f3n en la VA-20.<\/p>\n<p class=\"g-pstyle8\">Fuente: Ministerio de Transportes, Movilidad y Agenda Urbana<\/p>\n<p><img decoding=\"async\" id=\"g-vaveinte-S-img\" class=\"g-aiImg\" alt=\"\" src=\"https:\/\/www.europesays.com\/es\/wp-content\/uploads\/2025\/09\/vaveinte-S.jpg\"\/><\/p>\n<p class=\"g-pstyle0\">Intervenci\u00f3n en la VA-20<\/p>\n<p class=\"g-pstyle1\">As\u00ed ser\u00e1 la actuaci\u00f3n en la ronda interior de Valladolid.<\/p>\n<p class=\"g-pstyle2\">Tramo intervenido<\/p>\n<p class=\"g-pstyle2\">Tramo actual<\/p>\n<p class=\"g-pstyle2\">Carril bici nuevo<\/p>\n<p class=\"g-pstyle2\">Carril bici actual<\/p>\n<p class=\"g-pstyle1\">A continuaci\u00f3n troceamos, de norte a sur, la intervenci\u00f3n en la VA-20.<\/p>\n<p class=\"g-pstyle8\">Fuente: Ministerio de Transportes, Movilidad y Agenda Urbana<\/p>\n<p><img decoding=\"async\" id=\"g-vaveinte-M-img\" class=\"g-aiImg\" alt=\"\" src=\"https:\/\/www.europesays.com\/es\/wp-content\/uploads\/2025\/09\/vaveinte-M.jpg\"\/><\/p>\n<p class=\"g-pstyle0\">Intervenci\u00f3n en la VA-20<\/p>\n<p class=\"g-pstyle1\">As\u00ed ser\u00e1 la actuaci\u00f3n en la ronda interior de Valladolid.<\/p>\n<p class=\"g-pstyle2\">Tramo intervenido<\/p>\n<p class=\"g-pstyle2\">Tramo actual<\/p>\n<p class=\"g-pstyle2\">Carril bici nuevo<\/p>\n<p class=\"g-pstyle2\">Carril bici actual<\/p>\n<p class=\"g-pstyle1\">A continuaci\u00f3n troceamos, de norte a sur, la intervenci\u00f3n en la VA-20.<\/p>\n<p class=\"g-pstyle8\">Fuente: Ministerio de Transportes, Movilidad y Agenda Urbana<\/p>\n<p class=\"v-p\">La homogeneidad contin\u00faa hasta el pen\u00faltimo kil\u00f3metro, desde la rotonda de Michelin, donde ya existe un carril bici que conectar\u00e1 con el nuevo y un aparcamiento de Biki. Fuera de la calzada es el tramo m\u00e1s desarrollado, si bien ya estaba rematado antes del inicio de la actuaci\u00f3n. Poco antes, en la avenida de Santander, la nueva senda ciclista est\u00e1 a la espera de rematar para conectarse con la que alcanza hasta Santovenia de Pisuerga.<\/p>\n<p class=\"v-p\">Tambi\u00e9n hay algunos detalles importantes a la altura del r\u00edo, donde el carril bici se reserva la totalidad del lateral derecho de la ronda en direcci\u00f3n A-62, lo que obliga a los peatones a cambiar de acera. En resumen, los trabajadores priorizan las zonas m\u00e1s invasivas para el tr\u00e1fico, lo que hace que en los tramos cerrados a la circulaci\u00f3n el carril bici sea m\u00e1s primigenio, mientras que el avance es mayor en las fases ya asfaltadas. Algo similar a lo que ocurre en las medianas, donde se ha remozado el terreno para echar tierra adecuada y se han instalado sistemas de riego. Es decir, primero rematar las actuaciones que m\u00e1s afecten la circulaci\u00f3n y, despu\u00e9s, a por el carril bici.<\/p>\n","protected":false},"excerpt":{"rendered":"A tiempo para la Vuelta a Espa\u00f1a y, m\u00e1s importante, para funcionar como alternativa y para desahogar el&hellip;\n","protected":false},"author":2,"featured_media":107277,"comment_status":"","ping_status":"","sticky":false,"template":"","format":"standard","meta":{"footnotes":""},"categories":[273],"tags":[8866,313,312,168,25,24,37061,23,167,37040],"class_list":{"0":"post-107276","1":"post","2":"type-post","3":"status-publish","4":"format-standard","5":"has-post-thumbnail","7":"category-ciclismo","8":"tag-avanza","9":"tag-ciclismo","10":"tag-cycling","11":"tag-deportes","12":"tag-es","13":"tag-espana","14":"tag-humanizacion","15":"tag-spain","16":"tag-sports","17":"tag-va20"},"share_on_mastodon":{"url":"","error":""},"_links":{"self":[{"href":"https:\/\/www.europesays.com\/es\/wp-json\/wp\/v2\/posts\/107276","targetHints":{"allow":["GET"]}}],"collection":[{"href":"https:\/\/www.europesays.com\/es\/wp-json\/wp\/v2\/posts"}],"about":[{"href":"https:\/\/www.europesays.com\/es\/wp-json\/wp\/v2\/types\/post"}],"author":[{"embeddable":true,"href":"https:\/\/www.europesays.com\/es\/wp-json\/wp\/v2\/users\/2"}],"replies":[{"embeddable":true,"href":"https:\/\/www.europesays.com\/es\/wp-json\/wp\/v2\/comments?post=107276"}],"version-history":[{"count":0,"href":"https:\/\/www.europesays.com\/es\/wp-json\/wp\/v2\/posts\/107276\/revisions"}],"wp:featuredmedia":[{"embeddable":true,"href":"https:\/\/www.europesays.com\/es\/wp-json\/wp\/v2\/media\/107277"}],"wp:attachment":[{"href":"https:\/\/www.europesays.com\/es\/wp-json\/wp\/v2\/media?parent=107276"}],"wp:term":[{"taxonomy":"category","embeddable":true,"href":"https:\/\/www.europesays.com\/es\/wp-json\/wp\/v2\/categories?post=107276"},{"taxonomy":"post_tag","embeddable":true,"href":"https:\/\/www.europesays.com\/es\/wp-json\/wp\/v2\/tags?post=107276"}],"curies":[{"name":"wp","href":"https:\/\/api.w.org\/{rel}","templated":true}]}}