{"id":107278,"date":"2025-09-11T07:29:45","date_gmt":"2025-09-11T07:29:45","guid":{"rendered":"https:\/\/www.europesays.com\/es\/107278\/"},"modified":"2025-09-11T07:29:45","modified_gmt":"2025-09-11T07:29:45","slug":"el-lobe-huesca-espera-completar-el-grupo-en-los-proximos-dias","status":"publish","type":"post","link":"https:\/\/www.europesays.com\/es\/107278\/","title":{"rendered":"El Lobe Huesca espera completar el grupo en los pr\u00f3ximos d\u00edas"},"content":{"rendered":"<p class=\"paragraph\"><b>El Pe\u00f1as trata de cerrar la plantilla del Lobe Huesca estos d\u00edas y que a la mayor brevedad Rafa Sanz pueda contar con todos sus jugadores<\/b> para entrenar al completo de cara a la liga y tambi\u00e9n para disputar los encuentros coperos, que arrancan este mismo s\u00e1bado contra el CBZ.<\/p>\n<p class=\"paragraph\"><b>El trabajo tiene que adaptarse a las ausencias y al goteo de llegadas durante las primeras semanas<\/b>, pese a que el club hizo un esfuerzo por completar la plantilla para trabajar con ella desde un inicio. Pero el problema de Ali Atiki, que no llegar\u00e1, y el retraso en la incorporaci\u00f3n de los estadounidenses lo ha hecho imposible.<\/p>\n<p class=\"paragraph\">Tras la llegada de Ademide Badmus el lunes, <b>se espera que el otro estadounidense de la plantilla, el escolta Jaden Wells. pueda viajar esta misma semana a Huesca. <\/b>Estos d\u00edas estaba pendiente de los tr\u00e1mites del visado, aparejados al permiso de trabajo. En cuanto los cumpla, podr\u00e1 viajar. Incluso podr\u00eda llegar para estar en el encuentro contra el CBZ, aunque otra cosa ser\u00eda que fuera oportuno hacerlo jugar.<\/p>\n<p class=\"paragraph\"><b>El club sigue, por otro parte, tratando de conseguir un relevo para Ali Atiki en el puesto de p\u00edvot. Se est\u00e1 peinando el mercado y hay opciones abiertas<\/b>, pero se quieren evitar las prisas. Por ese lado, el presidente Fernando Lascorz prima acertar por encima de hacer las cosas r\u00e1pidamente. El puesto de 5 es una pieza clave en la estructura del equipo y es importante contar con un jugador de garant\u00edas.<\/p>\n<p class=\"paragraph\">Lascorz comenta que hay mercado, aunque siempre el de p\u00edvot es un puesto m\u00e1s complejo y caro. Pero siempre hay jugadores, algunos que a\u00fan esperan tras no haber encontrado acomodo en ligas superiores o que est\u00e1n a prueba en otras categor\u00edas y que tienen la posibilidad de salir.<\/p>\n<p class=\"paragraph\">Desde el club esperan, en todo caso, poder cerrar pronto un fichaje y que se una al trabajo.<\/p>\n<p class=\"paragraph\">De momento, el equipo trabajo con los diez jugadores de la primera plantilla disponibles, incluido Iker Terreros. Y tambi\u00e9n est\u00e1 entrenando con el equipo el oscense Pablo G\u00e1llego y algunos jugadores del equipo j\u00fanior.<\/p>\n<p>\u00c1lex Lanuza, ayudante<\/p>\n<p class=\"paragraph\">Al cuerpo t\u00e9cnico se una el oscense \u00c1lex Lanuza, que va a ejercer de ayudante del t\u00e9cnico y encargarse de labores de coordinaci\u00f3n y organizaci\u00f3n del equipo en aspectos como los viajes. Se une as\u00ed al cuerpo t\u00e9cnico, al que echar\u00e1 una mano de forma m\u00e1s puntual Nacho Biota, que el a\u00f1o pasado ejerci\u00f3 de segundo.<\/p>\n","protected":false},"excerpt":{"rendered":"El Pe\u00f1as trata de cerrar la plantilla del Lobe Huesca estos d\u00edas y que a la mayor brevedad&hellip;\n","protected":false},"author":2,"featured_media":107279,"comment_status":"","ping_status":"","sticky":false,"template":"","format":"standard","meta":{"footnotes":""},"categories":[269],"tags":[299,298,23476,168,25,24,4351,100,1265,26719,23,167],"class_list":{"0":"post-107278","1":"post","2":"type-post","3":"status-publish","4":"format-standard","5":"has-post-thumbnail","7":"category-baloncesto","8":"tag-baloncesto","9":"tag-basketball","10":"tag-completar","11":"tag-deportes","12":"tag-es","13":"tag-espana","14":"tag-espera","15":"tag-grupo","16":"tag-huesca","17":"tag-proximos","18":"tag-spain","19":"tag-sports"},"share_on_mastodon":{"url":"","error":""},"_links":{"self":[{"href":"https:\/\/www.europesays.com\/es\/wp-json\/wp\/v2\/posts\/107278","targetHints":{"allow":["GET"]}}],"collection":[{"href":"https:\/\/www.europesays.com\/es\/wp-json\/wp\/v2\/posts"}],"about":[{"href":"https:\/\/www.europesays.com\/es\/wp-json\/wp\/v2\/types\/post"}],"author":[{"embeddable":true,"href":"https:\/\/www.europesays.com\/es\/wp-json\/wp\/v2\/users\/2"}],"replies":[{"embeddable":true,"href":"https:\/\/www.europesays.com\/es\/wp-json\/wp\/v2\/comments?post=107278"}],"version-history":[{"count":0,"href":"https:\/\/www.europesays.com\/es\/wp-json\/wp\/v2\/posts\/107278\/revisions"}],"wp:featuredmedia":[{"embeddable":true,"href":"https:\/\/www.europesays.com\/es\/wp-json\/wp\/v2\/media\/107279"}],"wp:attachment":[{"href":"https:\/\/www.europesays.com\/es\/wp-json\/wp\/v2\/media?parent=107278"}],"wp:term":[{"taxonomy":"category","embeddable":true,"href":"https:\/\/www.europesays.com\/es\/wp-json\/wp\/v2\/categories?post=107278"},{"taxonomy":"post_tag","embeddable":true,"href":"https:\/\/www.europesays.com\/es\/wp-json\/wp\/v2\/tags?post=107278"}],"curies":[{"name":"wp","href":"https:\/\/api.w.org\/{rel}","templated":true}]}}