{"id":107298,"date":"2025-09-11T07:42:12","date_gmt":"2025-09-11T07:42:12","guid":{"rendered":"https:\/\/www.europesays.com\/es\/107298\/"},"modified":"2025-09-11T07:42:12","modified_gmt":"2025-09-11T07:42:12","slug":"inesperado-voto-en-contra-de-condenar-a-bolsonaro-sorprende-a-brasil-y-deja-abierta-la-intriga-sobre-el-veredicto","status":"publish","type":"post","link":"https:\/\/www.europesays.com\/es\/107298\/","title":{"rendered":"Inesperado voto en contra de condenar a Bolsonaro sorprende a Brasil y deja abierta la intriga sobre el veredicto"},"content":{"rendered":"<p>      CNN Espa\u00f1ol<br \/>\n        \u00a0\u2014\u00a0<\/p>\n<p class=\"paragraph inline-placeholder vossi-paragraph\" data-uri=\"es.cms.cnn.com\/_components\/paragraph\/instances\/cmfdznoqy003m2cqhb3a52y23@published\" data-editable=\"text\" data-component-name=\"paragraph\" data-article-gutter=\"true\">\n            El juez del Supremo Tribunal de Brasil Luiz Fux vot\u00f3 este mi\u00e9rcoles en contra de los cargos presentados contra el exmandatraio Jair Bolsonaro, acusado de presunto intento de golpe de Estado, un pronunciamiento que pod\u00eda ser decisivo para confirmar una mayor\u00eda condenatoria en el panel de cinco magistrados y en cambio alarg\u00f3 la incertidumbre sobre el futuro del expresidente.\n    <\/p>\n<p class=\"paragraph inline-placeholder vossi-paragraph\" data-uri=\"es.cms.cnn.com\/_components\/paragraph\/instances\/cmfe1azqq000e356nqoxn9tm4@published\" data-editable=\"text\" data-component-name=\"paragraph\" data-article-gutter=\"true\">\n            En una presentaci\u00f3n de varias horas, Fux se pronunci\u00f3 en contra de los cinco cargos que present\u00f3 la Fiscal\u00eda (tentativa de golpe, abolici\u00f3n violenta del Estado democr\u00e1tico de derecho, organizaci\u00f3n criminal, da\u00f1o al patrimonio p\u00fablico y deterioro de bienes protegidos) y que ya hab\u00edan recibido dos votos a favor en el panel de cinco miembros, por lo que hab\u00eda expectativa de que el magistrado diera el voto que sellara el destino de Bolsonaro.\n    <\/p>\n<p class=\"paragraph inline-placeholder vossi-paragraph\" data-uri=\"es.cms.cnn.com\/_components\/paragraph\/instances\/cmfeqtujj0000356ny6etprb5@published\" data-editable=\"text\" data-component-name=\"paragraph\" data-article-gutter=\"true\">\n            Al rechazar los cinco cargo, Fux dijo que \u201cno hubo actos ejecutorios, ni conducta dolosa (de Bolsonaro)\u201d, y que \u201cno hay ninguna prueba\u201d que vincule a Bolsonaro al asalto a Brasilia del 8 de enero de 2023.\n    <\/p>\n<p>       <img decoding=\"async\" src=\"https:\/\/www.europesays.com\/es\/wp-content\/uploads\/2025\/09\/25e4adabd4de30c88fb0a5d6462bf92a1b5dbad3w.jpg\" alt=\"El juez de la Primera Sala de la Corte Suprema de Brasil Luiz Fux participa en el juicio por intento de golpe de Estado del expresidente de Brasil Jair Bolsonaro.\" class=\"image__dam-img image__dam-img--loading\" onload=\"this.classList.remove('image__dam-img--loading')\" onerror=\"imageLoadError(this)\" height=\"1279\" width=\"1920\" loading=\"lazy\"\/><\/p>\n<p class=\"paragraph inline-placeholder vossi-paragraph\" data-uri=\"es.cms.cnn.com\/_components\/paragraph\/instances\/cmfe91dmh000y356ncmobueb5@published\" data-editable=\"text\" data-component-name=\"paragraph\" data-article-gutter=\"true\">\n            Pero adem\u00e1s, el magistrado, que fue nominado al cargo por la exmandataria Dilma Rousseff, dijo que el tribunal no tiene competencia para juzgar al expresidente y pidi\u00f3 la \u201canulaci\u00f3n de todo el proceso\u201d por golpismo contra el l\u00edder ultraderechista.\n    <\/p>\n<p class=\"paragraph inline-placeholder vossi-paragraph\" data-uri=\"es.cms.cnn.com\/_components\/paragraph\/instances\/cmfe1ezbo000k356nbajen8xo@published\" data-editable=\"text\" data-component-name=\"paragraph\" data-article-gutter=\"true\">\n            Seg\u00fan Fux, la m\u00e1xima corte de Brasil solo puede juzgar a un expresidente por delitos cometidos durante su mandato, por lo que lo ocurrido el 8 de enero de 2023, cuando Bolsonaro ya no estaba en el poder y sus seguidores asaltaron las sedes de los tres poderes en Brasilia, quedar\u00eda al margen de la jurisdicci\u00f3n de ese tribunal. Por ello, argument\u00f3 que el juicio deber\u00eda ser realizado desde la primera instancia y no pasar directamente en el Supremo Tribunal Federal.\n    <\/p>\n<p class=\"paragraph inline-placeholder vossi-paragraph\" data-uri=\"es.cms.cnn.com\/_components\/paragraph\/instances\/cmfe983yi0013356n5dxkz97g@published\" data-editable=\"text\" data-component-name=\"paragraph\" data-article-gutter=\"true\">\n            En cambio, la Fiscal\u00eda sostiene que la presunta trama golpista comenz\u00f3 en 2021, y que los sucesos de enero de 2023 fueron el corolario de los planes.\n    <\/p>\n<p class=\"paragraph inline-placeholder vossi-paragraph\" data-uri=\"es.cms.cnn.com\/_components\/paragraph\/instances\/cmfe93orh0010356nowsf8qoa@published\" data-editable=\"text\" data-component-name=\"paragraph\" data-article-gutter=\"true\">\n            A\u00fan queda por conocer la opini\u00f3n de C\u00e1rmen L\u00facia Antunes y de Cristiano Zanin, quienes fueron nominados para la corte por el presidente Lula da Silva.\n    <\/p>\n<p class=\"paragraph inline-placeholder vossi-paragraph\" data-uri=\"es.cms.cnn.com\/_components\/paragraph\/instances\/cmfe1azqq000f356n0ucw10zx@published\" data-editable=\"text\" data-component-name=\"paragraph\" data-article-gutter=\"true\">\n            El martes, los jueces Fl\u00e1vio Dino y Alexandre de Moraes, relator del caso, hab\u00edan votado a favor de los cinco cargos, por lo que alcanza con un pronunciamiento m\u00e1s a favor de la condena para terminar de inclinar la balanza.\n    <\/p>\n<p class=\"paragraph inline-placeholder vossi-paragraph\" data-uri=\"es.cms.cnn.com\/_components\/paragraph\/instances\/cmfe1azqq000g356n3v38bizb@published\" data-editable=\"text\" data-component-name=\"paragraph\" data-article-gutter=\"true\">\n            El exmandatario de 70 a\u00f1os, que se declar\u00f3 inocente durante el proceso y podr\u00eda apelar una eventual condena ante el pleno de la corte, <a href=\"https:\/\/cnnespanol.cnn.com\/2025\/09\/05\/latinoamerica\/escenarios-legales-bolsonaro-prision-comun-orix\" rel=\"nofollow noopener\" target=\"_blank\">podr\u00eda enfrentar hasta 40 a\u00f1os de c\u00e1rcel<\/a> por los cargos m\u00e1s graves, seg\u00fan estima la Fiscal\u00eda.\n    <\/p>\n<p class=\"paragraph inline-placeholder vossi-paragraph\" data-uri=\"es.cms.cnn.com\/_components\/paragraph\/instances\/cmfdznui00000356nb2d7l3zf@published\" data-editable=\"text\" data-component-name=\"paragraph\" data-article-gutter=\"true\">\n            Junto a Bolsonaro, que cumple arresto domiciliario por desafiar las restricciones impuestas por el tribunal, est\u00e1n siendo juzgados siete altos asesores y exministros que, seg\u00fan los fiscales, actuaron como el \u201ccentro neur\u00e1lgico\u201d de una organizaci\u00f3n criminal decidida a desmantelar el r\u00e9gimen democr\u00e1tico y que culmin\u00f3 en el asalto en Brasilia de 2023.\n    <\/p>\n<p class=\"paragraph inline-placeholder vossi-paragraph\" data-uri=\"es.cms.cnn.com\/_components\/paragraph\/instances\/cmfe1f0sw000m356n8hp9mgav@published\" data-editable=\"text\" data-component-name=\"paragraph\" data-article-gutter=\"true\">\n            Bolsonaro, de 70 a\u00f1os, fue condenado en 2023 por otra causa y qued\u00f3 impedido de ejercer cargos p\u00fablicos por ocho a\u00f1os, al ser hallado culpable de abuso de poder por difundir informaci\u00f3n falsa sobre la seguridad del sistema electoral brasile\u00f1o ante gobiernos extranjeros.\n    <\/p>\n<p class=\"paragraph inline-placeholder vossi-paragraph\" data-uri=\"es.cms.cnn.com\/_components\/paragraph\/instances\/cmfe1f0sw000o356ntuo1lxdw@published\" data-editable=\"text\" data-component-name=\"paragraph\" data-article-gutter=\"true\">\n            El caso, que ha generado conmoci\u00f3n pol\u00edtica en Brasil, tambi\u00e9n es seguido de cerca en Estados Unidos. El presidente Donald Trump calific\u00f3 el juicio como una \u201ccacer\u00eda de brujas\u201d, y ha respondido con un arancel del 50\u202f% a productos brasile\u00f1os, as\u00ed como restricciones de visados y sanciones financieras a funcionarios involucrados en el proceso judicial. El Gobierno de Brasil, ha rechazado los se\u00f1alamientos y considera que es una injerencia en asuntos internos del pa\u00eds.\n    <\/p>\n<p class=\"paragraph inline-placeholder vossi-paragraph\" data-uri=\"es.cms.cnn.com\/_components\/paragraph\/instances\/cmfe1f0sw000p356noklzn35q@published\" data-editable=\"text\" data-component-name=\"paragraph\" data-article-gutter=\"true\">\n            SI Bolsonaro apela, el pleno de 11 miembros del Supremo Tribunal no volver\u00eda a juzgar todo el caso, sino que revisar\u00eda puntos espec\u00edficos como posibles contradicciones en la sentencia, duraci\u00f3n de la pena o interpretaciones legales.\n    <\/p>\n","protected":false},"excerpt":{"rendered":"CNN Espa\u00f1ol \u00a0\u2014\u00a0 El juez del Supremo Tribunal de Brasil Luiz Fux vot\u00f3 este mi\u00e9rcoles en contra de&hellip;\n","protected":false},"author":2,"featured_media":107299,"comment_status":"","ping_status":"","sticky":false,"template":"","format":"standard","meta":{"footnotes":""},"categories":[42],"tags":[3216,17,18,13,14,11,61,62,63,64,3218,19,20,9,10,15,16,12,21,22,65,66,67],"class_list":{"0":"post-107298","1":"post","2":"type-post","3":"status-publish","4":"format-standard","5":"has-post-thumbnail","7":"category-internacional","8":"tag-brasil","9":"tag-breaking-news","10":"tag-breakingnews","11":"tag-featured-news","12":"tag-featurednews","13":"tag-headlines","14":"tag-internacional","15":"tag-international","16":"tag-international-news","17":"tag-internationalnews","18":"tag-jair-bolsonaro","19":"tag-latest-news","20":"tag-latestnews","21":"tag-news","22":"tag-noticias","23":"tag-noticias-destacadas","24":"tag-noticiasdestacadas","25":"tag-titulares","26":"tag-ultimas-noticias","27":"tag-ultimasnoticias","28":"tag-world","29":"tag-world-news","30":"tag-worldnews"},"share_on_mastodon":{"url":"","error":""},"_links":{"self":[{"href":"https:\/\/www.europesays.com\/es\/wp-json\/wp\/v2\/posts\/107298","targetHints":{"allow":["GET"]}}],"collection":[{"href":"https:\/\/www.europesays.com\/es\/wp-json\/wp\/v2\/posts"}],"about":[{"href":"https:\/\/www.europesays.com\/es\/wp-json\/wp\/v2\/types\/post"}],"author":[{"embeddable":true,"href":"https:\/\/www.europesays.com\/es\/wp-json\/wp\/v2\/users\/2"}],"replies":[{"embeddable":true,"href":"https:\/\/www.europesays.com\/es\/wp-json\/wp\/v2\/comments?post=107298"}],"version-history":[{"count":0,"href":"https:\/\/www.europesays.com\/es\/wp-json\/wp\/v2\/posts\/107298\/revisions"}],"wp:featuredmedia":[{"embeddable":true,"href":"https:\/\/www.europesays.com\/es\/wp-json\/wp\/v2\/media\/107299"}],"wp:attachment":[{"href":"https:\/\/www.europesays.com\/es\/wp-json\/wp\/v2\/media?parent=107298"}],"wp:term":[{"taxonomy":"category","embeddable":true,"href":"https:\/\/www.europesays.com\/es\/wp-json\/wp\/v2\/categories?post=107298"},{"taxonomy":"post_tag","embeddable":true,"href":"https:\/\/www.europesays.com\/es\/wp-json\/wp\/v2\/tags?post=107298"}],"curies":[{"name":"wp","href":"https:\/\/api.w.org\/{rel}","templated":true}]}}