{"id":107300,"date":"2025-09-11T07:43:07","date_gmt":"2025-09-11T07:43:07","guid":{"rendered":"https:\/\/www.europesays.com\/es\/107300\/"},"modified":"2025-09-11T07:43:07","modified_gmt":"2025-09-11T07:43:07","slug":"moncloa-traslada-a-sumar-la-responsabilidad-del-rechazo-de-junts-a-la-jornada-laboral-y-lo-desliga-de-los-presupuestos","status":"publish","type":"post","link":"https:\/\/www.europesays.com\/es\/107300\/","title":{"rendered":"Moncloa traslada a Sumar la responsabilidad del rechazo de Junts a la jornada laboral y lo desliga de los Presupuestos"},"content":{"rendered":"<p class=\"c-paragraph\">Desde Moncloa restan importancia a la primera\u00a0<b>derrota parlamentaria<\/b> del curso parlamentario y sostienen que apenas tendr\u00e1 coste para los socialistas. Fuentes del Gobierno subrayan, por un lado, que el rechazo de Junts a la reducci\u00f3n de la jornada laboral no guarda relaci\u00f3n con la negociaci\u00f3n de los <a href=\"https:\/\/www.20minutos.es\/tags\/temas\/presupuestos-generales-del-estado.html\" title=\"Presupuestos Generales del Estado\" rel=\"nofollow noopener\" target=\"_blank\">Presupuestos Generales del Estado<\/a> (PGE) y, por otro, que <b>no les corresponde asumir la responsabilidad <\/b>de un nuevo tropiezo en el Congreso. Insisten en que las cuentas p\u00fablicas avanzan por un \u00abcarril\u00bb distinto y que la decisi\u00f3n de Junts no altera ese proceso. En cuanto al desgaste pol\u00edtico de acumular derrotas parlamentarias por falta de apoyo de sus socios, se\u00f1alan a Sumar por haber <b>forzado la votaci\u00f3n <\/b>sin garant\u00edas de \u00e9xito.<\/p>\n<p class=\"c-paragraph\">Se trata de una idea que se repite en la bancada socialista. Algunas voces sostienen que ya <b>advirtieron a Sumar <\/b>de que adelantar esta votaci\u00f3n en el Congreso pod\u00eda jugar en su contra. En cualquier caso, subrayan que ha sido una negociaci\u00f3n pilotada por D\u00edaz, <b>deslind\u00e1ndose as\u00ed del desgaste pol\u00edtico<\/b> de una derrota que daban por descontada. De hecho, restan importancia al encontronazo entre D\u00edaz y Nogueras que se produjo este mi\u00e9rcoles en el Congreso y creen que tampoco les afectar\u00e1 en lo que respecta a los Presupuestos y otras cuestiones.<\/p>\n<p class=\"c-paragraph\">El reproche a su socio de coalici\u00f3n por esta derrota parlamentaria est\u00e1 cuidadosamente calculado: <b>no buscan infligir un da\u00f1o excesivo<\/b> a un espacio que consideran necesario mantener con vida. Su objetivo es, m\u00e1s bien, esquivar el titular de que el PSOE inicia el curso con un nuevo fracaso, evitando al mismo tiempo que ello suponga un golpe letal para Yolanda D\u00edaz.<\/p>\n<p class=\"c-paragraph\">En esta l\u00ednea, la estrategia respecto al socio de coalici\u00f3n es coincidente: la derrota puede <b>servir para \u00abretratar\u00bb a la oposici\u00f3n\u00a0<\/b>frente a una medida con un fuerte componente social. Desde Moncloa recalcan que la reducci\u00f3n de la jornada laboral es una bandera que tambi\u00e9n permite marcar distancia con los populares. Es m\u00e1s, sostienen que el verdadero objetivo era lograr el voto favorable del PP, no el de Junts, cuya negativa atribuyen no a un intento de poner trabas al Gobierno, sino a un posicionamiento ideol\u00f3gico al que tienen derecho.<\/p>\n<p class=\"c-paragraph\">Es el mismo argumento que emplean para desligar su rechazo de la negociaci\u00f3n de los Presupuestos. Sobre este asunto, fuentes gubernamentales admiten que <b>ya existen \u00abcontactos\u00bb<\/b>, aunque todav\u00eda no pueden hablarse de negociaciones de calado. En cualquier caso, el calendario pol\u00edtico empieza a apremiar, ya que la responsable de articular estas cuentas es la ministra de Hacienda, <a href=\"https:\/\/www.20minutos.es\/tags\/personas\/maria-jesus-montero.html\" title=\"Mar\u00eda Jes\u00fas Montero\" rel=\"nofollow noopener\" target=\"_blank\">Mar\u00eda Jes\u00fas Montero<\/a>, quien adem\u00e1s ser\u00e1 la candidata del PSOE en las elecciones andaluzas previstas para 2026.<\/p>\n<p>La senda de d\u00e9ficit llegar\u00e1 \u00abcuanto antes\u00bb<\/p>\n<p class=\"c-paragraph\">Fuentes gubernamentales aseguran que la senda de d\u00e9ficit -el paso previo a los presupuestos-<b> se presentar\u00e1 en breve <\/b>y, aunque la intenci\u00f3n es hacerlo una vez alcanzado un acuerdo, avanzan que se llevar\u00e1 a cabo<b> incluso si este no llega a cerrarse<\/b>. Antes de ese paso, el Ministerio de Hacienda deber\u00e1 convocar al Consejo de Pol\u00edtica Fiscal y Financiera (CPFF), cuya reuni\u00f3n podr\u00eda celebrarse en los pr\u00f3ximos d\u00edas o semanas.<\/p>\n<p class=\"c-paragraph\">Ser\u00e1 entonces cuando toque abordar la senda de estabilidad y el techo de gasto, que tradicionalmente se han tratado en septiembre, pese a que la ley establece que deber\u00edan presentarse antes de finalizar junio. Fuentes gubernamentales aseguran que el tr\u00e1mite llegar\u00e1 \u00abcuanto antes\u00bb y recuerdan que las comunidades aut\u00f3nomas ya han recibido la comunicaci\u00f3n sobre sus entregas a cuenta para que puedan elaborar sus presupuestos.<\/p>\n<p class=\"c-paragraph\">En cualquier caso, el tiempo juega en contra del Gobierno, especialmente de la ministra de Hacienda, cuyo papel est\u00e1 muy condicionado por el <b>calendario electoral andaluz<\/b>. En el PSOE se contempla tanto un posible adelanto de los comicios como la opci\u00f3n de que Juanma Moreno agote la legislatura y mantenga la fecha prevista. Por ahora, Pedro S\u00e1nchez ha descartado una crisis de Gobierno inmediata, aunque este fin de semana acompa\u00f1ar\u00e1 a Montero en la puesta en marcha de su nuevo perfil como candidata socialista en Andaluc\u00eda.<\/p>\n","protected":false},"excerpt":{"rendered":"Desde Moncloa restan importancia a la primera\u00a0derrota parlamentaria del curso parlamentario y sostienen que apenas tendr\u00e1 coste para&hellip;\n","protected":false},"author":2,"featured_media":107301,"comment_status":"","ping_status":"","sticky":false,"template":"","format":"standard","meta":{"footnotes":""},"categories":[8],"tags":[17,18,37064,25,24,13,14,11,19,20,10277,9,10,15,16,4111,3635,23,12,9861,21,22],"class_list":{"0":"post-107300","1":"post","2":"type-post","3":"status-publish","4":"format-standard","5":"has-post-thumbnail","7":"category-espana","8":"tag-breaking-news","9":"tag-breakingnews","10":"tag-desligar","11":"tag-es","12":"tag-espana","13":"tag-featured-news","14":"tag-featurednews","15":"tag-headlines","16":"tag-latest-news","17":"tag-latestnews","18":"tag-moncloa","19":"tag-news","20":"tag-noticias","21":"tag-noticias-destacadas","22":"tag-noticiasdestacadas","23":"tag-presupuestos","24":"tag-rechazo","25":"tag-spain","26":"tag-titulares","27":"tag-trata","28":"tag-ultimas-noticias","29":"tag-ultimasnoticias"},"share_on_mastodon":{"url":"","error":""},"_links":{"self":[{"href":"https:\/\/www.europesays.com\/es\/wp-json\/wp\/v2\/posts\/107300","targetHints":{"allow":["GET"]}}],"collection":[{"href":"https:\/\/www.europesays.com\/es\/wp-json\/wp\/v2\/posts"}],"about":[{"href":"https:\/\/www.europesays.com\/es\/wp-json\/wp\/v2\/types\/post"}],"author":[{"embeddable":true,"href":"https:\/\/www.europesays.com\/es\/wp-json\/wp\/v2\/users\/2"}],"replies":[{"embeddable":true,"href":"https:\/\/www.europesays.com\/es\/wp-json\/wp\/v2\/comments?post=107300"}],"version-history":[{"count":0,"href":"https:\/\/www.europesays.com\/es\/wp-json\/wp\/v2\/posts\/107300\/revisions"}],"wp:featuredmedia":[{"embeddable":true,"href":"https:\/\/www.europesays.com\/es\/wp-json\/wp\/v2\/media\/107301"}],"wp:attachment":[{"href":"https:\/\/www.europesays.com\/es\/wp-json\/wp\/v2\/media?parent=107300"}],"wp:term":[{"taxonomy":"category","embeddable":true,"href":"https:\/\/www.europesays.com\/es\/wp-json\/wp\/v2\/categories?post=107300"},{"taxonomy":"post_tag","embeddable":true,"href":"https:\/\/www.europesays.com\/es\/wp-json\/wp\/v2\/tags?post=107300"}],"curies":[{"name":"wp","href":"https:\/\/api.w.org\/{rel}","templated":true}]}}