{"id":107332,"date":"2025-09-11T08:07:16","date_gmt":"2025-09-11T08:07:16","guid":{"rendered":"https:\/\/www.europesays.com\/es\/107332\/"},"modified":"2025-09-11T08:07:16","modified_gmt":"2025-09-11T08:07:16","slug":"todas-las-instituciones-se-unen-en-la-firma-de-un-manifiesto-historico-en-defensa-del-arte-sacro-sevillano-frente-a-las-amenazas-que-vienen-desde-fuera","status":"publish","type":"post","link":"https:\/\/www.europesays.com\/es\/107332\/","title":{"rendered":"Todas las instituciones se unen en la firma de un manifiesto hist\u00f3rico en defensa del arte sacro sevillano frente a \u00ablas amenazas que vienen desde fuera\u00bb"},"content":{"rendered":"<p><img decoding=\"async\" class=\"voc-author__img\" src=\"https:\/\/www.europesays.com\/es\/wp-content\/uploads\/2025\/09\/autor-6230-foto-6.jpeg\" alt=\"Pepe Trashorras\"\/><\/p>\n<p>10\/09\/2025<br \/>\n<br \/><strong><br \/>\nActualizado a las 14:10h.<br \/>\n<\/strong><\/p>\n<p class=\"voc-p\" style=\"\">Ayuntamiento de Sevilla, Junta de Andaluc\u00eda, Iglesia, hermandades y empresarios se han unido este mi\u00e9rcoles para dejar manifiesta su <strong>firme defensa del arte sacro sevillano<\/strong> junto a la asociaci\u00f3n gremial que representa a todos los profesionales del sector en nuestra tierra. Una uni\u00f3n de todas las instituciones que llega en un momento en el que el arte sacro se encuentra <strong>particularmente amenazado<\/strong> en el mercado extracomunitario con la venta de productos m\u00e1s baratos e inmediatos e incluso de copias no autorizadas de los trabajos de los artistas andaluces y sevillanos.<\/p>\n<p class=\"voc-p\" style=\"\">La<strong> C\u00e1mara de Comercio<\/strong> de Sevilla ha acogido la firma del manifiesto en defensa del arte sacro en un acto presentado por Francisco J. L\u00f3pez de Paz y en el que han rubricado el documento el alcalde,<strong> Jos\u00e9 Luis Sanz<\/strong>; las consejeras de Empleo y Cultura de la Junta, <strong>Roc\u00edo Blanco<\/strong> y <strong>Patricia del Pozo<\/strong>; el delegado diocesano de hermandades y cofrad\u00edas en representaci\u00f3n del arzobispo, <strong>Marcelino Manzano<\/strong>; el presidente del Consejo de Cofrad\u00edas, <strong>Francisco V\u00e9lez<\/strong>; el presidente de la C\u00e1mara de Comercio, <strong>Francisco Herrero<\/strong>; y el de la Asociaci\u00f3n Gremial de Arte Sacro de Sevilla, <strong>Francisco Carrera Iglesias &#8216;Paquili&#8217;<\/strong>.<\/p>\n<p class=\"voc-p\" style=\"\">Todas las hermandades e instituciones que quieran adherirse al manifiesto, como las que durante estos d\u00edas han mostrado p\u00fablicamente su apoyo al trabajo de los artistas, pueden hacerlo escribiendo una carta a la asociaci\u00f3n gremial. Algunas de ellas <strong>estuvieron presentes en el acto representadas en su hermano mayor, como las de la Macarena, la Cena o Pasi\u00f3n<\/strong>, que estar\u00e1n presentes con enseres en la exposici\u00f3n que dentro de unas semanas se celebrar\u00e1 en el Parlamento Europeo.<\/p>\n<p><img decoding=\"async\" loading=\"lazy\" src=\"https:\/\/www.europesays.com\/es\/wp-content\/uploads\/2025\/09\/arte-sacro-manifiesto-U603400656209H6E--760x427@diario_abc.jpg\" class=\"voc-img\" width=\"760\" height=\"427\" alt=\"Foto de familia de las instituciones firmantes con el manifiesto\" data-voc-vtm-id=\"in-text-traffic\"\/><\/p>\n<p>Foto de familia de las instituciones firmantes con el manifiesto<\/p>\n<p>Mar\u00eda Guerra<\/p>\n<p class=\"voc-p\" style=\"\">Durante el acto intervinieron buena parte de los firmantes, <strong>defendiendo todos ellos la importancia de apostar firmemente por el trabajo de los artistas sevillanos y andaluces<\/strong>, una tradici\u00f3n de siglos que constituye no s\u00f3lo el legado cultural, art\u00edstico y devocional de nuestros antepasados, sino tambi\u00e9n una importante fuente de riqueza y empleo. As\u00ed lo han recordado las distintas partes que han participado en la foto, que han pedido una mayor protecci\u00f3n a todos los niveles y el desarrollo de nuevas herramientas e iniciativas para poner en valor la labor de los profesionales y blindarla ante las amenazas que la ponen en riesgo.<\/p>\n<p class=\"voc-p\" style=\"\">El presidente de la C\u00e1mara de Comercio, <strong>Francisco Herrero<\/strong>, fue el primero en intervenir durante el acto, se\u00f1alando que \u00ab<strong>el arte sacro define la idiosincrasia de Andaluc\u00eda<\/strong> y Espa\u00f1a y representa un impulso muy importante para la econom\u00eda de la ciudad\u00bb. Tambi\u00e9n destac\u00f3 que el trabajo de todos los profesionales del gremio constituye un \u00abpilar fundamental de la identidad de nuestro pueblo andaluz\u00bb, se\u00f1alando que \u00abno s\u00f3lo adorna templos\u00bb, sino que \u00abes cultura viva que nos habla de siglos de devoci\u00f3n y de manos artesanas que han ido tejiendo una herencia com\u00fan que hoy debemos proteger\u00bb. Recalc\u00f3 que dicho legado \u00abse encuentra amenazado por la <strong>competencia desleal de mercados extracomunitarios<\/strong> que pretenden sustituir al trabajo de nuestros artesanos\u00bb, as\u00ed como la \u00absostenibilidad econ\u00f3mica de un modelo que no se puede deslocalizar\u00bb.<\/p>\n<p>\nIgualdad de condiciones\n<\/p>\n<p class=\"voc-p\" style=\"\"><strong>Paquili<\/strong>, por su parte, record\u00f3 como Sevilla fue en su d\u00eda la capital del mundo conocido y, a d\u00eda de hoy, \u00absigue siendo la <strong>capital del mundo del arte sacro<\/strong>. Por eso hay que protegerla frente a las amenazas que vienen desde fuera\u00bb. Amenazas que llegan, por ejemplo, de los<strong> talleres de bordados pakistan\u00edes<\/strong> que copian dise\u00f1os andaluces a bajo coste y los realizan en menor tiempo con la correspondiente p\u00e9rdida de calidad. Piezas de este tipo han llegado, por ejemplo, a la Pastora de Santa Marina, y sus artesanos han llegado a enviar <a href=\"https:\/\/www.abc.es\/sevilla\/pasionensevilla\/noticias-semana-santa-sevilla\/paquili-denuncia-mensajes-intimidatorios-artesanos-pakistanies-batalla-20250905120948-nts.html\" title=\"www.abc.es\" data-voc-vtm-id=\"in-text-traffic\" data-mrf-link=\"www.abc.es\" rel=\"nofollow noopener\" target=\"_blank\">mensajes intimidatorios al propio Paquili<\/a> en los \u00faltimos d\u00edas.<\/p>\n<p class=\"voc-p\" style=\"\">Sin embargo, el presidente de la asociaci\u00f3n gremial hizo hincapi\u00e9 en que \u00abnos sentimos amenazados no s\u00f3lo en lo que respecta a los bordados. <strong>Se est\u00e1n digitalizando tallas sin permiso<\/strong> de los escultores y se est\u00e1 haciendo merchandising desmedido. Tambi\u00e9n tenemos problemas con los doradores\u00bb. Carrera Iglesias pidi\u00f3 una protecci\u00f3n espec\u00edfica para el sector, llevar sus demandas al Congreso de los Diputados y el Parlamento Europeo y poder competir en igualdad de condiciones, as\u00ed como que se respete a los <strong>trabajadores que pagan sus impuestos<\/strong> y tributan en nuestro pa\u00eds y que se mantenga \u00abla excelencia y la tradici\u00f3n de siglos, aquello en lo que somos \u00fanicos\u00bb.<\/p>\n<p>\nPrimar la calidad frente a la imitaci\u00f3n\n<\/p>\n<p class=\"voc-p\" style=\"\">La Junta de Andaluc\u00eda estuvo presente en la firma a trav\u00e9s de la consejera de Cultura, <strong>Patricia del Pozo<\/strong>, y la de Empleo, Roc\u00edo Blanco. La primera manifest\u00f3 que \u00abel arte sacro sale directamente del extraordinario talento de los andaluces y los sevillanos, y nos distingue en el mundo entero. Forma parte de nuestro patrimonio material e inmaterial\u00bb. Asegur\u00f3 que \u00abde Andaluc\u00eda son los mejores profesionales del mundo y que su trabajo es \u00abimposible de copiar\u00bb, ya que \u00abponen el alma a cada trabajo. <strong>Esto hay que mamarlo, y es muy dif\u00edcil de copiar<\/strong> aunque se intente\u00bb.<\/p>\n<p class=\"voc-p\" style=\"\"><strong>Blanco<\/strong>, por otro lado, asever\u00f3 que \u00abal arte sacro no s\u00f3lo hay que admirarlo, hay que defenderlo y ubicarlo en el lugar que se merece\u00bb, poniendo de muestra el Centro de Digitalizaci\u00f3n del Arte Sacro de Andaluc\u00eda, impulsado por la colaboraci\u00f3n entre la asociaci\u00f3n gremial y su consejer\u00eda. Tambi\u00e9n denunci\u00f3 las \u00ab<strong>pr\u00e1cticas que rozan la ilegalidad<\/strong> y est\u00e1n fuera de toda la l\u00f3gica de una sociedad democr\u00e1tica y de derecho\u00bb por parte de los mencionados talleres extranjeros con el respaldo de quienes adquieren sus productos: \u00abHay que primar la calidad frente a la imitaci\u00f3n, el alma frente al vac\u00edo\u00bb.<\/p>\n<p class=\"voc-p\" style=\"\">El <strong>alcalde de Sevilla<\/strong>, por \u00faltimo, cerr\u00f3 el acto tras la firma del manifiesto asegurando que este 10 de septiembre era \u00abun d\u00eda muy importante gracias a esta iniciativa de la C\u00e1mara de Comercio. El arte sacro es fe y tradici\u00f3n, cultura y arte, generaci\u00f3n de riqueza y cientos de empleos, y tambi\u00e9n industria y econom\u00eda\u00bb. Habl\u00f3 de la <strong>exposici\u00f3n de arte sacro que se desarrollar\u00e1 en el Parlamento Europeo<\/strong>, en Bruselas, del 22 al 27 de este mes. un encuentro \u00abhist\u00f3rico\u00bb que mostrar\u00e1 \u00abdesde el coraz\u00f3n de Europa un sector \u00fanico en el mundo en el que Sevilla es referente\u00bb y que tendr\u00e1 un car\u00e1cter \u00abpedag\u00f3gico\u00bb con los eurodiputados. Tambi\u00e9n se\u00f1al\u00f3 que el Ayuntamiento est\u00e1 estudiando posibles iniciativas para seguir defendiendo el arte sacro junto con la C\u00e1mara de Comercio: \u00abCon el arte sacro sevillano, ni un paso atr\u00e1s\u00bb, concluy\u00f3 Sanz.<\/p>\n<p>Reportar un error<\/p>\n","protected":false},"excerpt":{"rendered":"10\/09\/2025 Actualizado a las 14:10h. Ayuntamiento de Sevilla, Junta de Andaluc\u00eda, Iglesia, hermandades y empresarios se han unido&hellip;\n","protected":false},"author":2,"featured_media":107333,"comment_status":"","ping_status":"","sticky":false,"template":"","format":"standard","meta":{"footnotes":""},"categories":[8],"tags":[12339,229,17,18,1616,25,24,13,14,3822,3419,11,1903,37073,19,20,21067,9,10,15,16,14399,11190,23,12,21,22,12047,25462],"class_list":{"0":"post-107332","1":"post","2":"type-post","3":"status-publish","4":"format-standard","5":"has-post-thumbnail","7":"category-espana","8":"tag-amenazas","9":"tag-arte","10":"tag-breaking-news","11":"tag-breakingnews","12":"tag-defensa","13":"tag-es","14":"tag-espana","15":"tag-featured-news","16":"tag-featurednews","17":"tag-firma","18":"tag-frente","19":"tag-headlines","20":"tag-historico","21":"tag-instituciones","22":"tag-latest-news","23":"tag-latestnews","24":"tag-manifiesto","25":"tag-news","26":"tag-noticias","27":"tag-noticias-destacadas","28":"tag-noticiasdestacadas","29":"tag-sacro","30":"tag-sevillano","31":"tag-spain","32":"tag-titulares","33":"tag-ultimas-noticias","34":"tag-ultimasnoticias","35":"tag-unen","36":"tag-vienen"},"share_on_mastodon":{"url":"","error":""},"_links":{"self":[{"href":"https:\/\/www.europesays.com\/es\/wp-json\/wp\/v2\/posts\/107332","targetHints":{"allow":["GET"]}}],"collection":[{"href":"https:\/\/www.europesays.com\/es\/wp-json\/wp\/v2\/posts"}],"about":[{"href":"https:\/\/www.europesays.com\/es\/wp-json\/wp\/v2\/types\/post"}],"author":[{"embeddable":true,"href":"https:\/\/www.europesays.com\/es\/wp-json\/wp\/v2\/users\/2"}],"replies":[{"embeddable":true,"href":"https:\/\/www.europesays.com\/es\/wp-json\/wp\/v2\/comments?post=107332"}],"version-history":[{"count":0,"href":"https:\/\/www.europesays.com\/es\/wp-json\/wp\/v2\/posts\/107332\/revisions"}],"wp:featuredmedia":[{"embeddable":true,"href":"https:\/\/www.europesays.com\/es\/wp-json\/wp\/v2\/media\/107333"}],"wp:attachment":[{"href":"https:\/\/www.europesays.com\/es\/wp-json\/wp\/v2\/media?parent=107332"}],"wp:term":[{"taxonomy":"category","embeddable":true,"href":"https:\/\/www.europesays.com\/es\/wp-json\/wp\/v2\/categories?post=107332"},{"taxonomy":"post_tag","embeddable":true,"href":"https:\/\/www.europesays.com\/es\/wp-json\/wp\/v2\/tags?post=107332"}],"curies":[{"name":"wp","href":"https:\/\/api.w.org\/{rel}","templated":true}]}}