{"id":10734,"date":"2025-07-29T02:55:13","date_gmt":"2025-07-29T02:55:13","guid":{"rendered":"https:\/\/www.europesays.com\/es\/10734\/"},"modified":"2025-07-29T02:55:13","modified_gmt":"2025-07-29T02:55:13","slug":"en-que-canales-se-vera-al-unicaja-por-television-y-cuanto-costara","status":"publish","type":"post","link":"https:\/\/www.europesays.com\/es\/10734\/","title":{"rendered":"\u00bfEn qu\u00e9 canales se ver\u00e1 al Unicaja por televisi\u00f3n y cu\u00e1nto costar\u00e1?"},"content":{"rendered":"<p>La Liga ACB anunciar\u00e1 en breve un nuevo acuerdo para la venta de sus derechos de televisi\u00f3n a DAZN para las pr\u00f3ximas tres temporadas por  &#8230; menos dinero del que ahora percib\u00eda, pero con la posibilidad de que haya un partido en abierto cada jornada. La decisi\u00f3n de los clubes acaba con 15 a\u00f1os de emisiones en Movistar en los que las retransmisiones ganaron en calidad, pero perdieron audiencia al ser una plataforma de pago. <\/p>\n<p class=\"v-p\">En realidad, el escenario no cambia mucho, pues los aficionados tendr\u00e1n que seguir rasc\u00e1ndose el bolsillo para ver baloncesto, aunque quedar\u00e1 el consuelo de ese encuentro en abierto que ofrecer\u00e1 Televisi\u00f3n Espa\u00f1ola en alguno de sus canales: La1 La2, Teledeporte o la versi\u00f3n web de este \u00faltimo. <\/p>\n<p class=\"v-p\">Ahora se discuten las condiciones finales de ese acuerdo y la &#8216;cuota&#8217; en abierto que tendr\u00e1 cada equipo, pues si fuese por tir\u00f3n medi\u00e1tico los grandes equipos de la Liga ser\u00edan siempre los elegidos, principalmente el Madrid y el Barcelona. La televisiones auton\u00f3micas vasca y catalana podr\u00edan entrar en la puja por encuentros, mientras que Canal Sur est\u00e1 a la expectativa. Seg\u00fan se indic\u00f3, desde la televisi\u00f3n andaluza, desde la Federaci\u00f3n de Organismos de Radio y Televisi\u00f3n Auton\u00f3micos (FORTA) no se le ha comunicado que exista esta posibilidad. Desde el ente auton\u00f3mico se indic\u00f3 que el sistema de elecci\u00f3n condicionar\u00e1 las retransmisiones y que no se decidir\u00e1 \u00aba la carta\u00bb. Fuentes no oficiales indicaron que las auton\u00f3micas tendr\u00edan que pagar unos 800.000 euros por la emisi\u00f3n de partidos de la Liga ACB en abierto. Todo esto est\u00e1 pendiente de que DAZN y la Liga ACB hagan oficial el nuevo contrato de televisi\u00f3n.<\/p>\n<p><a href=\"http:\/\/www.diariosur.es\/unicaja\/partidos-liga-acb-dazn-television-movistar-20250724180627-nt.html#vtm_modulosEngag=mod-rel:unicaja:noticia:1:cmp:1-not\" class=\"v-a-link\" aria-label=\"Imagen\" rel=\"nofollow noopener\" target=\"_blank\"><\/p>\n<p><img decoding=\"async\" loading=\"lazy\" src=\"https:\/\/www.europesays.com\/es\/wp-content\/uploads\/2025\/07\/RS572489_MPR06162-U76304487665waK-366x256@Diario Sur.jpg\" class=\"v-a-img\" width=\"258\" height=\"180\" alt=\"\" data-voc-vtm-id=\"in-text-traffic\"\/><\/p>\n<p><\/a><\/p>\n<p class=\"v-p\">A pesar de ese gui\u00f1o de los partidos gratis, que representa una ventana publicitaria interesante para los clubes, la realidad es que habr\u00e1 que seguir pagando por ver el baloncesto. DAZN establece actualmente distintos precios seg\u00fan el deporte. El plan anual del f\u00fatbol cuesta 9,99 al mes. Para el motor, el precio es de 19,99 al mes, mientras que por 24,99 se pueden ver todos los contenidos, menos la liga de Segunda. Si se quiere tambi\u00e9n esta \u00faltima, el pago es de 34,99 mensuales. <\/p>\n<p class=\"v-p\">DAZN incluye tambi\u00e9n desde la temporada pasada los partidos de la Basketball Champions League que disputa el Unicaja. Lo hace por el canal Courtside 1981 de la FIBA, que cuesta 9,99 al mes. Sin embaergo, pagando 25,99 al a\u00f1o directamente a Courtside se pueden ver en esta plataforma todos los eventos de la FIBA o si se prefiere, 3,99 semanales por la Champions. <\/p>\n<p class=\"v-p\">En relaci\u00f3n a la competici\u00f3n europea, 101 Televisi\u00f3n la ha ofrecido con \u00e9xito en las \u00faltimas campa\u00f1as y ha salido en ayuda del Unicaja, pues ning\u00fan canal se interes\u00f3 por sus derechos. De momento, la cadena malague\u00f1a no ha tenido contactos con la Champions para la pr\u00f3xima temporada, aunque se es optimista. <\/p>\n<p class=\"v-p\">La entrada en escena de DAZN no es la \u00fanica novedad en el baloncesto televisado para la pr\u00f3xima temporada. Amazon comenzar\u00e1 a emitir la NBA en Prime V\u00eddeo, aunque algunos partidos podr\u00edan ser ofrecidos tambi\u00e9n por Movistar. Prime ofrecer\u00e1 87 encuentros de fase regular con todos los torneos y la fase por el t\u00edtulo con la suscripci\u00f3n habitual a esta plataforma.<\/p>\n<p class=\"v-p\">Por \u00faltimo, pese al rev\u00e9s con la Liga ACB, Movistar ampli\u00f3 hasta 2031 el acuerdo para ofrecer la Euroliga y la Eurocup. La plataforma de Telef\u00f3nica ofrecer\u00e1 cinco encuentros por jornada de la m\u00e1xima competici\u00f3n continental y los dos m\u00e1s destacados ser\u00e1n gratis para los abonados a Movistar Plus.<\/p>\n","protected":false},"excerpt":{"rendered":"La Liga ACB anunciar\u00e1 en breve un nuevo acuerdo para la venta de sus derechos de televisi\u00f3n a&hellip;\n","protected":false},"author":2,"featured_media":10735,"comment_status":"","ping_status":"","sticky":false,"template":"","format":"standard","meta":{"footnotes":""},"categories":[171],"tags":[7795,146,147,25,24,23,807,214,2246,7733],"class_list":{"0":"post-10734","1":"post","2":"type-post","3":"status-publish","4":"format-standard","5":"has-post-thumbnail","7":"category-tv","8":"tag-costara","9":"tag-entertainment","10":"tag-entretenimiento","11":"tag-es","12":"tag-espana","13":"tag-spain","14":"tag-television","15":"tag-tv","16":"tag-unicaja","17":"tag-vera"},"share_on_mastodon":{"url":"","error":""},"_links":{"self":[{"href":"https:\/\/www.europesays.com\/es\/wp-json\/wp\/v2\/posts\/10734","targetHints":{"allow":["GET"]}}],"collection":[{"href":"https:\/\/www.europesays.com\/es\/wp-json\/wp\/v2\/posts"}],"about":[{"href":"https:\/\/www.europesays.com\/es\/wp-json\/wp\/v2\/types\/post"}],"author":[{"embeddable":true,"href":"https:\/\/www.europesays.com\/es\/wp-json\/wp\/v2\/users\/2"}],"replies":[{"embeddable":true,"href":"https:\/\/www.europesays.com\/es\/wp-json\/wp\/v2\/comments?post=10734"}],"version-history":[{"count":0,"href":"https:\/\/www.europesays.com\/es\/wp-json\/wp\/v2\/posts\/10734\/revisions"}],"wp:featuredmedia":[{"embeddable":true,"href":"https:\/\/www.europesays.com\/es\/wp-json\/wp\/v2\/media\/10735"}],"wp:attachment":[{"href":"https:\/\/www.europesays.com\/es\/wp-json\/wp\/v2\/media?parent=10734"}],"wp:term":[{"taxonomy":"category","embeddable":true,"href":"https:\/\/www.europesays.com\/es\/wp-json\/wp\/v2\/categories?post=10734"},{"taxonomy":"post_tag","embeddable":true,"href":"https:\/\/www.europesays.com\/es\/wp-json\/wp\/v2\/tags?post=10734"}],"curies":[{"name":"wp","href":"https:\/\/api.w.org\/{rel}","templated":true}]}}