{"id":107354,"date":"2025-09-11T08:22:14","date_gmt":"2025-09-11T08:22:14","guid":{"rendered":"https:\/\/www.europesays.com\/es\/107354\/"},"modified":"2025-09-11T08:22:14","modified_gmt":"2025-09-11T08:22:14","slug":"sevilla-epicentro-del-homenaje-a-la-musica-andaluza-en-los-latin-grammy","status":"publish","type":"post","link":"https:\/\/www.europesays.com\/es\/107354\/","title":{"rendered":"Sevilla, epicentro del homenaje a la m\u00fasica andaluza en los Latin Grammy"},"content":{"rendered":"<p><img decoding=\"async\" class=\"voc-author__img\" src=\"https:\/\/www.europesays.com\/es\/wp-content\/uploads\/2025\/09\/autor-6925-foto-3.jpeg\" alt=\"Paula Mateo\"\/><\/p>\n<p>11\/09\/2025<br \/>\n<br \/><strong><br \/>\nActualizado a las 10:05h.<br \/>\n<\/strong><\/p>\n<p class=\"voc-p\" style=\"\">Alumbrada por el foco de <strong>La Academia Latina de la Grabaci\u00f3n<\/strong>, Sevilla volvi\u00f3 a convertirse en el epicentro de la m\u00fasica, esta vez, andaluza. El <strong>Cartuja Center CITE<\/strong> acogi\u00f3 a alrededor de <strong>40 artistas<\/strong> nacionales e internacionales, que viajaron a la capital hispalense para poner en valor el legado de figuras influyentes y voces inmortales.<\/p>\n<p class=\"voc-p\" style=\"\">No era la primera vez que La Academia celebraba un evento musical en la ciudad, ya lo hab\u00eda hecho en FIBES, con la gala<strong> Latin Grammy 2023<\/strong>. Seg\u00fan explic\u00f3 ayer el presidente de la Junta de Andaluc\u00eda,<strong> Juanma Moreno<\/strong>, lograr llevar a cabo acciones como esta es \u00abmotivo de orgullo. Era un reto porque no era f\u00e1cil. La Academia se ha portado siempre muy bien, cumpliendo a rajatabla todos y cada uno de los objetivos. <strong>Salieron bien, felices y con garant\u00edas para que vuelvan alg\u00fan d\u00eda, que es en lo que estamos trabajando<\/strong>\u00bb.<\/p>\n<p class=\"voc-p\" style=\"\">La 24\u00aa edici\u00f3n de los Latin Grammy fue un \u00e9xito, de ah\u00ed que La Academia haya regresado a Sevilla para <strong>celebrar la diversidad de g\u00e9neros<\/strong> de la comunidad aut\u00f3noma a la que pertenece. <\/p>\n<p><a class=\"voc-img-link\" href=\"https:\/\/www.abc.es\/queplan\/sevilla\/conciertos\/mejores-imagenes-alfombra-roja-evento-latin-grammy-20250910213728-gas.html\" data-voc-vtm-id=\"in-text-traffic\" title=\"Imagen\" rel=\"nofollow noopener\" target=\"_blank\"><\/p>\n<p><img decoding=\"async\" loading=\"lazy\" src=\"https:\/\/www.europesays.com\/es\/wp-content\/uploads\/2025\/09\/1000193849-U701324820911NHI--760x427@diario_abc.jpg\" class=\"voc-img\" width=\"760\" height=\"427\" alt=\"Sevilla, epicentro del homenaje a la m\u00fasica andaluza en los Latin Grammy\" data-voc-vtm-id=\"in-text-traffic\"\/><\/p>\n<p><\/a><\/p>\n<p>\n\u00a1Viva la m\u00fasica!\n<\/p>\n<p class=\"voc-p\" style=\"\"><strong>Manuel Abud<\/strong>, CEO de La Academia, dio el pistoletazo de salida a &#8216;Latin Grammy Celebra la M\u00fasica de Andaluc\u00eda&#8217; destacando que \u00abhoy trabajamos por consolidar, a\u00fan m\u00e1s, el v\u00ednculo entre Latinoam\u00e9rica y Espa\u00f1a\u00bb. Adem\u00e1s, record\u00f3 que \u00abtodos <strong>los fondos ser\u00e1n destinados al desarrollo musical de Andaluc\u00eda<\/strong>\u00bb. De ah\u00ed que, entre los asistentes, destacaran la presencia de Juanma Moreno, el alcalde de Sevilla, <strong>Jos\u00e9 Luis Sanz<\/strong>, y el consejero de Turismo y Andaluc\u00eda Exterior de la Junta, <strong>Arturo Bernal Bergua<\/strong>.<\/p>\n<p class=\"voc-p\" style=\"\">Cuando el CEO desapareci\u00f3 de la tarima, un decorado moc\u00e1rabe apareci\u00f3 sobre el escenario, marcando el inicio del bloque dedicado al eterno<strong> Enrique Morente<\/strong>. \u00bfQui\u00e9n mejor que su hijo, <strong>Kiki Morente<\/strong>, para inaugurarlo? El artista no pudo haber elegido mejor: &#8216;Manhattan&#8217;, el tema de su padre junto a <strong>Lagartija Nick<\/strong>. A Kiki le siguieron, primero <strong>Rosario<\/strong><strong>La Tremendita<\/strong>, y luego<strong> \u00c1ngeles Toledano<\/strong>. <\/p>\n<p><img decoding=\"async\" loading=\"lazy\" src=\"https:\/\/www.europesays.com\/es\/wp-content\/uploads\/2025\/09\/fonsi-bisbal-abc-U15728553270wGy-760x427@diario_abc.jpeg\" class=\"voc-img\" width=\"760\" height=\"427\" alt=\"David Bisbal, Manuel ABud y Luis Fonsi\" data-voc-vtm-id=\"in-text-traffic\"\/><\/p>\n<p>David Bisbal, Manuel ABud y Luis Fonsi<\/p>\n<p>Manuel olmedo<\/p>\n<p class=\"voc-p\" style=\"\">Fue entonces cuando <strong>Luis Fonsi<\/strong> y <strong>David Bisbal<\/strong> aparecieron para presentar a la siguiente leyenda en ser reconocida: nada menos que <strong>Roc\u00edo Jurado<\/strong>. Las encargadas de ello fueron <strong>Ana Torroja<\/strong>, con &#8216;Como una ola&#8217;, <strong>Judeline<\/strong>, con &#8216;Lo siento, mi amor&#8217;, y <strong>Juliana Vel\u00e1squez<\/strong>, a trav\u00e9s de &#8216;Ese hombre&#8217;. <\/p>\n<p class=\"voc-p\" style=\"\">A continuaci\u00f3n, lleg\u00f3 el turno de recordar a <strong>Camar\u00f3n de la Isla<\/strong>. <strong>Yerai Cort\u00e9s<\/strong> arranc\u00f3 con su guitarra, al que se sum\u00f3 <strong>Arc\u00e1ngel<\/strong>. Juntos, deleitaron a todos con &#8216;Romance del Amargo&#8217;. Pero el tributo no qued\u00f3 ah\u00ed, porque enseguida los hermanos <strong>Estopa<\/strong> cant\u00f3 &#8216;Como el agua&#8217;.<\/p>\n<p class=\"voc-p\" style=\"\">Si hay una figura clave en la m\u00fasica de Andaluc\u00eda, es La Faraona. Presentar el arte de <strong>Lola Flores<\/strong> no es cualquier cosa, de ah\u00ed que se encargara parte de su descendencia: <strong>Elena Furiase<\/strong> empez\u00f3 afirmando lo que muchos ya sab\u00edan: \u00abMi abuela todo lo hac\u00eda con pasi\u00f3n, una pasi\u00f3n que llevamos en la sangre y lo demostramos cada d\u00eda en lo que hacemos\u00bb, mientras que <strong>Alba Flores<\/strong> destac\u00f3 que \u00absi alguien sab\u00eda interpretar ese duende del que hablaba Lorca, era ella\u00bb. Las dos primas presentaron a <strong>Guillermo Furiase y Pedro Antonio Lazaga<\/strong>, que juntos pusieron voz a Flores a trav\u00e9s de &#8216;Limosna de amores&#8217;. Luego lleg\u00f3 <strong>Pastora Soler<\/strong> y el m\u00edtico &#8216;Pena penita pena&#8217;, y <strong>Mar\u00eda Terremoto<\/strong> la despidi\u00f3 con un medley que empez\u00f3 con &#8216;A tu vera&#8217; y termin\u00f3 con los cuatro artistas bailando sobre el escenario.<\/p>\n<p><img decoding=\"async\" loading=\"lazy\" src=\"https:\/\/www.europesays.com\/es\/wp-content\/uploads\/2025\/09\/2234735857-U30131046713wXZ-758x470@diario_abc.jpg\" class=\"voc-d-c-combo-3__img\" width=\"758\" height=\"470\" alt=\"Imagen principal - Arriba, Miguel R\u00edos con Arde Bogot\u00e1. Abajo a la izquierda, Jeanette con Aitana. A la derecha, Rozalem, Ana Torroja y Vanesa Mart\u00edn\"\/><\/p>\n<p><img decoding=\"async\" loading=\"lazy\" src=\"https:\/\/www.europesays.com\/es\/wp-content\/uploads\/2025\/09\/2234741937-U04827023133IVC-464x329@diario_abc.jpg\" class=\"voc-d-c-combo-3__img\" width=\"464\" height=\"329\" alt=\"Imagen secundaria 1 - Arriba, Miguel R\u00edos con Arde Bogot\u00e1. Abajo a la izquierda, Jeanette con Aitana. A la derecha, Rozalem, Ana Torroja y Vanesa Mart\u00edn\"\/><\/p>\n<p><img decoding=\"async\" loading=\"lazy\" src=\"https:\/\/www.europesays.com\/es\/wp-content\/uploads\/2025\/09\/2234742057-U24280544005kXz-278x329@diario_abc.jpg\" class=\"voc-d-c-combo-3__img\" width=\"278\" height=\"329\" alt=\"Imagen secundaria 2 - Arriba, Miguel R\u00edos con Arde Bogot\u00e1. Abajo a la izquierda, Jeanette con Aitana. A la derecha, Rozalem, Ana Torroja y Vanesa Mart\u00edn\"\/><\/p>\n<p>Gala de los Grammy<br \/>\nArriba, Miguel R\u00edos con Arde Bogot\u00e1. Abajo a la izquierda, Jeanette con Aitana. A la derecha, Rozalem, Ana Torroja y Vanesa Mart\u00edn<br \/>\nGetty Images<\/p>\n<p class=\"voc-p\" style=\"\">Anoche tambi\u00e9n se puso en valor la trayectoria de tres grandes: En primer lugar, a <strong>Miguel R\u00edos<\/strong>, que cant\u00f3 &#8216;Santa Luc\u00eda&#8217; en directo junto a <strong>Arde Bogot\u00e1<\/strong>, &#8216;Todo a pulm\u00f3n&#8217; con su autor, <strong>Alejandro Lerner<\/strong>, y &#8216;Al Andalus&#8217;, que remat\u00f3 con el taconeo de Luc\u00eda Rubial y un alegato a favor de \u00ab\u00a1Palestina libre!\u00bb. Seguidamente, a <strong>Alejandro Sanz<\/strong>, donde <strong>Evaluna<\/strong> y <strong>Camilo<\/strong> a\u00f1adieron el toque rom\u00e1ntico con &#8216;Desde cu\u00e1ndo&#8217;, que prosigui\u00f3 con Joaquina y &#8216;Amiga m\u00eda&#8217; y termin\u00f3 con <strong>Yami Safdie<\/strong> a cargo de &#8216;Coraz\u00f3n part\u00edo&#8217;. Por \u00faltimo, a <strong>Sabina<\/strong>, de la mano de <strong>Leiva<\/strong> y <strong>Rozal\u00e9n<\/strong> interpretar &#8216;Contigo&#8217;.<\/p>\n<p class=\"voc-p\" style=\"\">\u00abAhora vienen tres compa\u00f1eros que heredaron el duende, pero adem\u00e1s lo moldearon, lo reintentaron, y contin\u00faan llev\u00e1ndolo a nuevos escenarios y generaciones\u00bb, adelant\u00f3 Bisbal. Estas tres personalidades resultaron ser <strong>Antonio Rey<\/strong> y su guitarra, <strong>Ni\u00f1a Pastori<\/strong>, que sorprendi\u00f3 con &#8216;Hablo contigo&#8217;, y <strong>Carmen Linares,<\/strong> que lleg\u00f3 con su &#8216;Cambiaste de parecer&#8217;.<\/p>\n<p class=\"voc-p\" style=\"\">La m\u00fasica andaluza no seguir\u00eda recorriendo el mundo sin artistas como <strong>Manuel Carrasco, India Mart\u00ednez, Vanesa Mart\u00edn<\/strong> y David Bisbal. Los tres interpretaron algunos de sus temas m\u00e1s conocidos. No obstante, lo m\u00e1s remarcable de este bloque fue <strong>la canci\u00f3n de Carrasco sobre el conflicto en Palestina<\/strong>, con mensajes como \u00absi la pol\u00edtica sirve para cambiar los destinos, no s\u00e9 a qu\u00e9 est\u00e1is esperando para acabar con los llantos de los ni\u00f1os palestinos\u00bb.<\/p>\n<p class=\"voc-p\" style=\"\">En la jornada de ayer, no pod\u00edan faltar reconocimientos a <strong>Manuel Alejandro<\/strong> y sus m\u00e1s de 600 composiciones, del que se encargaron <strong>Ara Malikian, Valeria Castro, Luis Fonsi, Jeanette y Aitana<\/strong>; y <strong>Raphael<\/strong>, cuyos temas fueron interpretados por <strong>Vanesa Mart\u00edn, Rozal\u00e9n y Ana Torroja<\/strong>.<\/p>\n<p class=\"voc-p\" style=\"\">La ciudad fue testigo del talento de casi medio centenar de artistas que, juntos, celebraron la diversidad de la m\u00fasica en nuestra tierra. En la l\u00ednea de las palabras con las que David Bisbal remat\u00f3 la noche, <strong>\u00abla m\u00fasica de mi tierra se hereda, se transforma y se celebra\u00bb<\/strong>. Despu\u00e9s de esto, solo queda decir una cosa: \u00a1viva la m\u00fasica de Andaluc\u00eda!<\/p>\n<p>Reportar un error<\/p>\n","protected":false},"excerpt":{"rendered":"11\/09\/2025 Actualizado a las 10:05h. Alumbrada por el foco de La Academia Latina de la Grabaci\u00f3n, Sevilla volvi\u00f3&hellip;\n","protected":false},"author":2,"featured_media":107355,"comment_status":"","ping_status":"","sticky":false,"template":"","format":"standard","meta":{"footnotes":""},"categories":[170],"tags":[20483,146,147,18561,25,24,2791,6552,6950,184,185,1171,23],"class_list":{"0":"post-107354","1":"post","2":"type-post","3":"status-publish","4":"format-standard","5":"has-post-thumbnail","7":"category-musica","8":"tag-andaluza","9":"tag-entertainment","10":"tag-entretenimiento","11":"tag-epicentro","12":"tag-es","13":"tag-espana","14":"tag-grammy","15":"tag-homenaje","16":"tag-latin","17":"tag-music","18":"tag-musica","19":"tag-sevilla","20":"tag-spain"},"share_on_mastodon":{"url":"","error":""},"_links":{"self":[{"href":"https:\/\/www.europesays.com\/es\/wp-json\/wp\/v2\/posts\/107354","targetHints":{"allow":["GET"]}}],"collection":[{"href":"https:\/\/www.europesays.com\/es\/wp-json\/wp\/v2\/posts"}],"about":[{"href":"https:\/\/www.europesays.com\/es\/wp-json\/wp\/v2\/types\/post"}],"author":[{"embeddable":true,"href":"https:\/\/www.europesays.com\/es\/wp-json\/wp\/v2\/users\/2"}],"replies":[{"embeddable":true,"href":"https:\/\/www.europesays.com\/es\/wp-json\/wp\/v2\/comments?post=107354"}],"version-history":[{"count":0,"href":"https:\/\/www.europesays.com\/es\/wp-json\/wp\/v2\/posts\/107354\/revisions"}],"wp:featuredmedia":[{"embeddable":true,"href":"https:\/\/www.europesays.com\/es\/wp-json\/wp\/v2\/media\/107355"}],"wp:attachment":[{"href":"https:\/\/www.europesays.com\/es\/wp-json\/wp\/v2\/media?parent=107354"}],"wp:term":[{"taxonomy":"category","embeddable":true,"href":"https:\/\/www.europesays.com\/es\/wp-json\/wp\/v2\/categories?post=107354"},{"taxonomy":"post_tag","embeddable":true,"href":"https:\/\/www.europesays.com\/es\/wp-json\/wp\/v2\/tags?post=107354"}],"curies":[{"name":"wp","href":"https:\/\/api.w.org\/{rel}","templated":true}]}}